{"id":222819,"date":"2025-07-03T09:38:13","date_gmt":"2025-07-03T09:38:13","guid":{"rendered":"https:\/\/www.europesays.com\/fr\/222819\/"},"modified":"2025-07-03T09:38:13","modified_gmt":"2025-07-03T09:38:13","slug":"avec-chanel-le-cinema-sinvite-au-louvre","status":"publish","type":"post","link":"https:\/\/www.europesays.com\/fr\/222819\/","title":{"rendered":"Avec Chanel, le cin\u00e9ma s&rsquo;invite au Louvre"},"content":{"rendered":"<p>La Maison de luxe renforce son soutien au monde du 7\u00e8me art et s&rsquo;inscrit comme partenaire du Cin\u00e9ma Paradiso qui se tient cette semaine au mus\u00e9e du Louvre.<\/p>\n<p>Une nouvelle \u00e9dition de Cinema Paradiso au mus\u00e9e<\/p>\n<p>\u00ab\u00a0Virgin Suicides\u00a0\u00bb, \u00ab\u00a0In the Mood for Love\u00a0\u00bb, \u00ab\u00a0Twin Peaks: Fire Walk with Me\u00a0\u00bb, \u00ab\u00a0L&rsquo;Agent Secret\u00a0\u00bb : quatre films pour quatre soir\u00e9es dans le d\u00e9cor privil\u00e9gi\u00e9 de la <strong>Cour Carr\u00e9e du Louvre<\/strong>.\u00a0<\/p>\n<p>Jusqu&rsquo;au 5 juillet, le mus\u00e9e parisien accueille la cinqui\u00e8me \u00e9dition de <strong>Cin\u00e9ma Paradiso<\/strong>, une s\u00e9rie de projections en plein air appuy\u00e9e par <strong>Chanel<\/strong> qui sera notamment partenaire de la soir\u00e9e d&rsquo;ouverture.<\/p>\n<p>Outre la diffusion des longs m\u00e9trages sur \u00e9cran g\u00e9ant, cet \u00e9v\u00e9nement organis\u00e9 avec le concours de mk2 propose des interventions assur\u00e9es par plusieurs personnalit\u00e9s dont la r\u00e9alisatrice Sofia Coppola et les actrices No\u00e9mie Merlant et Camille Cottin, toutes ambassadrices ou proches de la Maison de couture.<\/p>\n<p><img decoding=\"async\" src=\"https:\/\/www.europesays.com\/fr\/wp-content\/uploads\/2025\/07\/cinema-paradiso-louvre-mk2-2025-dates-acces_aaba63e3b4559ecb8ce6fa0d5af405d0.jpg\" alt=\"cinema en plein air au louvre paradiso chanel\" caption=\"true\"\/>\u00a9Cinema Paradiso Louvre mk2<\/p>\n<p>En amont de la diffusion des films, les 2500 spectateurs pourront d\u00e9couvrir chaque soir une<strong> programmation musicale<\/strong> m\u00ealant DJ sets et concerts alors que la sc\u00e9nographie du lieu proposera plusieurs espaces bar, des food trucks ou encore un stand de d\u00e9gustation de glaces.<\/p>\n<p>Si cette initiative prend place dans le cadre du festival <a href=\"https:\/\/www.louvre.fr\/expositions-et-evenements\/evenements-activites\/les-etes-du-louvre-0\" target=\"_blank\" rel=\"noopener\">Les \u00c9t\u00e9s du Louvre<\/a>, elle s&rsquo;inscrit \u00e9galement dans la lign\u00e9e des engagements de Chanel <a href=\"https:\/\/www.chanel.com\/fr\/mode\/evenement\/chanel-et-le-cinema\/\" target=\"_blank\" rel=\"noopener\">en faveur de l&rsquo;industrie cin\u00e9matographique<\/a>\u00a0et des arts en g\u00e9n\u00e9ral. Le mois dernier, la marque annon\u00e7ait notamment s&rsquo;investir en tant que m\u00e9c\u00e8ne des travaux de restauration de la Com\u00e9die-Fran\u00e7aise.<\/p>\n<p><strong>Cinema Paradiso Louvre<\/strong><br \/>Du 2 au 5 juillet 2025 d\u00e8s 19h30<br \/>Cour Carr\u00e9e du Louvre, 75001 Paris<br \/>Places gratuites et limit\u00e9es, \u00e0 r\u00e9server le jour m\u00eame \u00e0 partir de 15h30 <a href=\"https:\/\/mk2-festivalparadiso.com\/evenements\/cinema-paradiso-louvre\" target=\"_blank\" rel=\"noopener\">sur la page d\u00e9di\u00e9e<\/a><\/p>\n","protected":false},"excerpt":{"rendered":"La Maison de luxe renforce son soutien au monde du 7\u00e8me art et s&rsquo;inscrit comme partenaire du Cin\u00e9ma&hellip;\n","protected":false},"author":2,"featured_media":222820,"comment_status":"","ping_status":"","sticky":false,"template":"","format":"standard","meta":{"footnotes":""},"categories":[1358],"tags":[3734,1348,1384,1385,1890,1386,58,59,1011,27,985],"class_list":{"0":"post-222819","1":"post","2":"type-post","3":"status-publish","4":"format-standard","5":"has-post-thumbnail","7":"category-arts-et-design","8":"tag-art","9":"tag-arts","10":"tag-arts-and-design","11":"tag-arts-et-design","12":"tag-chanel","13":"tag-design","14":"tag-divertissement","15":"tag-entertainment","16":"tag-fr","17":"tag-france","18":"tag-mode"},"share_on_mastodon":{"url":"https:\/\/pubeurope.com\/@fr\/114788637422524677","error":""},"_links":{"self":[{"href":"https:\/\/www.europesays.com\/fr\/wp-json\/wp\/v2\/posts\/222819","targetHints":{"allow":["GET"]}}],"collection":[{"href":"https:\/\/www.europesays.com\/fr\/wp-json\/wp\/v2\/posts"}],"about":[{"href":"https:\/\/www.europesays.com\/fr\/wp-json\/wp\/v2\/types\/post"}],"author":[{"embeddable":true,"href":"https:\/\/www.europesays.com\/fr\/wp-json\/wp\/v2\/users\/2"}],"replies":[{"embeddable":true,"href":"https:\/\/www.europesays.com\/fr\/wp-json\/wp\/v2\/comments?post=222819"}],"version-history":[{"count":0,"href":"https:\/\/www.europesays.com\/fr\/wp-json\/wp\/v2\/posts\/222819\/revisions"}],"wp:featuredmedia":[{"embeddable":true,"href":"https:\/\/www.europesays.com\/fr\/wp-json\/wp\/v2\/media\/222820"}],"wp:attachment":[{"href":"https:\/\/www.europesays.com\/fr\/wp-json\/wp\/v2\/media?parent=222819"}],"wp:term":[{"taxonomy":"category","embeddable":true,"href":"https:\/\/www.europesays.com\/fr\/wp-json\/wp\/v2\/categories?post=222819"},{"taxonomy":"post_tag","embeddable":true,"href":"https:\/\/www.europesays.com\/fr\/wp-json\/wp\/v2\/tags?post=222819"}],"curies":[{"name":"wp","href":"https:\/\/api.w.org\/{rel}","templated":true}]}}