{"id":222821,"date":"2025-07-03T09:39:09","date_gmt":"2025-07-03T09:39:09","guid":{"rendered":"https:\/\/www.europesays.com\/fr\/222821\/"},"modified":"2025-07-03T09:39:09","modified_gmt":"2025-07-03T09:39:09","slug":"pampelonne-capitale-du-livre-dimanche","status":"publish","type":"post","link":"https:\/\/www.europesays.com\/fr\/222821\/","title":{"rendered":"Pampelonne capitale du livre dimanche"},"content":{"rendered":"<p>\n                                                                    l&rsquo;essentiel<br \/>\n                                                                Ce dimanche 6\u00a0juillet, la 21e \u00e9dition de la F\u00eate du livre et de la gourmandise sera le grand rendez-vous culturel estival tarnais.\n                            <\/p>\n<p>\u00c0 l\u2019ombre des platanes de la place du foirail de Pampelonne, la culture sera \u00e0 l\u2019honneur avec des \u00e9crivains, des lectures, des conf\u00e9rences, des contes et des concerts. Pr\u00e9cision des responsables de l\u2019association \u00ab\u00a0Des livres et nous\u00a0\u00bb, organisatrice de l\u2019\u00e9v\u00e8nement\u00a0: \u00ab\u00a0Cette manifestation, sous le signe de la litt\u00e9rature, consiste \u00e9galement \u00e0 m\u00ealer la culture et la gastronomie. Nous l\u2019organisons en partenariat avec la mairie de Pampelonne et la m\u00e9diath\u00e8que cantonale.\u00a0\u00bb<\/p>\n<p>La f\u00eate du livre et de la gourmandise est devenue, au fil des ann\u00e9es, un \u00e9v\u00e8nement incontournable dans le calendrier culturel tarnais. Elle a vu le jour en 2004 et a pour but d\u2019offrir un libre acc\u00e8s \u00e0 la culture dans le monde rural. Les organisateurs veulent que l\u2019\u00e9v\u00e9nement soit diff\u00e9rent des salons traditionnels en \u00e9tant une authentique manifestation litt\u00e9raire.<\/p>\n<p>Pour l\u2019\u00e9dition 2025, la marraine de la F\u00eate du livre et de la gourmandise sera H\u00e9l\u00e8ne Honor\u00e9, fille du dessinateur Honor\u00e9, assassin\u00e9 lors de l\u2019attentat contre Charlie Hebdo le 7\u00a0janvier 2015. Elle est l\u2019auteure du recueil \u00ab\u00a0Petite Anthologie du dessin politique\u00a0\u00bb et donnera une conf\u00e9rence-d\u00e9bat \u00e0 11\u00a0h sur la th\u00e9matique du dessin de presse.<\/p>\n<p>\u00ab\u00a0Plus de 70 professionnels, auteurs, \u00e9diteurs et libraires et une vingtaine de producteurs du terroir seront pr\u00e9sents, de 10\u00a0h \u00e0 18\u00a0h, sous les platanes de la place du Foirail\u00a0\u00bb indique Marie Ouikou, cheville ouvri\u00e8re de l\u2019organisation. Tous les genres litt\u00e9raires seront repr\u00e9sent\u00e9s\u00a0: le roman, la nouvelle, l\u2019essai, la po\u00e9sie, le polar, la BD, le livre de jeunesse, l\u2019histoire, le roman historique, le livre patrimonial,\u00a0etc.<\/p>\n<p>Sur les stands des librairies de Carmaux, La Maison de la Presse et L\u2019Hibernie, il y aura, notamment, le politologue et islamologue Rachid Benzine, les auteures de polars Gabrielle Massat et Anne Waddington, le romancier et nouvelliste Gilles Marchand, la com\u00e9dienne et dramaturge Fabienne P\u00e9rineau, le romancier et sc\u00e9nariste Romain Pu\u00e9rtolas. Parmi les auteurs au stand Atomics BD, on note la pr\u00e9sence de Sourya et Pierre-Roland Saint-Dizier. Il y aura \u00e9galement le stand jeunesse Les petits Vagabonds, ainsi que 4 \u00e9diteurs et 3 associations culturelles.<br \/>www.fetedulivrepampelonne.com et 05\u00a063\u00a076\u00a032\u00a009, fetedulivre.pampelonne@hotmail.com<\/p>\n","protected":false},"excerpt":{"rendered":"l&rsquo;essentiel Ce dimanche 6\u00a0juillet, la 21e \u00e9dition de la F\u00eate du livre et de la gourmandise sera le&hellip;\n","protected":false},"author":2,"featured_media":222822,"comment_status":"","ping_status":"","sticky":false,"template":"","format":"standard","meta":{"footnotes":""},"categories":[1357],"tags":[1379,58,59,1011,27,1380],"class_list":{"0":"post-222821","1":"post","2":"type-post","3":"status-publish","4":"format-standard","5":"has-post-thumbnail","7":"category-livres","8":"tag-books","9":"tag-divertissement","10":"tag-entertainment","11":"tag-fr","12":"tag-france","13":"tag-livres"},"share_on_mastodon":{"url":"https:\/\/pubeurope.com\/@fr\/114788641260174512","error":""},"_links":{"self":[{"href":"https:\/\/www.europesays.com\/fr\/wp-json\/wp\/v2\/posts\/222821","targetHints":{"allow":["GET"]}}],"collection":[{"href":"https:\/\/www.europesays.com\/fr\/wp-json\/wp\/v2\/posts"}],"about":[{"href":"https:\/\/www.europesays.com\/fr\/wp-json\/wp\/v2\/types\/post"}],"author":[{"embeddable":true,"href":"https:\/\/www.europesays.com\/fr\/wp-json\/wp\/v2\/users\/2"}],"replies":[{"embeddable":true,"href":"https:\/\/www.europesays.com\/fr\/wp-json\/wp\/v2\/comments?post=222821"}],"version-history":[{"count":0,"href":"https:\/\/www.europesays.com\/fr\/wp-json\/wp\/v2\/posts\/222821\/revisions"}],"wp:featuredmedia":[{"embeddable":true,"href":"https:\/\/www.europesays.com\/fr\/wp-json\/wp\/v2\/media\/222822"}],"wp:attachment":[{"href":"https:\/\/www.europesays.com\/fr\/wp-json\/wp\/v2\/media?parent=222821"}],"wp:term":[{"taxonomy":"category","embeddable":true,"href":"https:\/\/www.europesays.com\/fr\/wp-json\/wp\/v2\/categories?post=222821"},{"taxonomy":"post_tag","embeddable":true,"href":"https:\/\/www.europesays.com\/fr\/wp-json\/wp\/v2\/tags?post=222821"}],"curies":[{"name":"wp","href":"https:\/\/api.w.org\/{rel}","templated":true}]}}