{"id":222856,"date":"2025-07-03T10:00:11","date_gmt":"2025-07-03T10:00:11","guid":{"rendered":"https:\/\/www.europesays.com\/fr\/222856\/"},"modified":"2025-07-03T10:00:11","modified_gmt":"2025-07-03T10:00:11","slug":"greve-des-controleurs-aeriens-30-de-vols-annules-a-montpellier","status":"publish","type":"post","link":"https:\/\/www.europesays.com\/fr\/222856\/","title":{"rendered":"gr\u00e8ve des contr\u00f4leurs a\u00e9riens, 30% de vols annul\u00e9s \u00e0 Montpellier"},"content":{"rendered":"<p>\n\t\t\t\t\tUn mouvement de gr\u00e8ve nationale des contr\u00f4leurs a\u00e9riens est pr\u00e9vu ce 3 et 4 juillet. Le trafic est fortement perturb\u00e9, notamment \u00e0 Montpellier.\t\t\t\t<\/p>\n<p><strong>30% des vols sont annul\u00e9s ce jeudi et ce vendredi \u00e0 l\u2019a\u00e9roport de Montpellier<\/strong>. Plusieurs syndicats sont \u00e0 l\u2019origine de ce pr\u00e9avis de gr\u00e8ve, dont <strong>l\u2019UNSA-ICNA<\/strong>. Ces derniers d\u00e9noncent des conditions de travail d\u00e9grad\u00e9es.<\/p>\n<p>La <a href=\"https:\/\/www.ecologie.gouv.fr\/direction-generale-laviation-civile-dgac-0\" target=\"_blank\" rel=\"nofollow noopener\"><strong>Direction g\u00e9n\u00e9rale de l\u2019Aviation civile (DGAC)<\/strong><\/a> demande aux compagnies a\u00e9riennes des annulations des vols \u00e0 l\u2019arriv\u00e9e et au d\u00e9part de 11 a\u00e9roports nationaux, allant de 30 \u00e0 50%. A l\u2019a\u00e9roport de <a href=\"https:\/\/infoccitanie.fr\/tag\/montpellier\/\" target=\"_blank\" rel=\"noopener\"><strong>Montpellier<\/strong><\/a>, <strong>30% des vols sont annul\u00e9s ce jeudi et ce vendredi<\/strong>. La direction de l\u2019a\u00e9roport Montpellier M\u00e9diterran\u00e9e et la DGAC invitent \u00ab\u00a0les voyageurs \u00e0 se rapprocher de leur compagnie.\u00a0\u00bb<\/p>\n","protected":false},"excerpt":{"rendered":"Un mouvement de gr\u00e8ve nationale des contr\u00f4leurs a\u00e9riens est pr\u00e9vu ce 3 et 4 juillet. Le trafic est&hellip;\n","protected":false},"author":2,"featured_media":222857,"comment_status":"","ping_status":"","sticky":false,"template":"","format":"standard","meta":{"footnotes":""},"categories":[9599],"tags":[1111,11,36195,1777,674,1011,27,6151,2208,12,2680,25],"class_list":{"0":"post-222856","1":"post","2":"type-post","3":"status-publish","4":"format-standard","5":"has-post-thumbnail","7":"category-montpellier","8":"tag-actu","9":"tag-actualites","10":"tag-aeroport-de-montpellier","11":"tag-eu","12":"tag-europe","13":"tag-fr","14":"tag-france","15":"tag-greve","16":"tag-montpellier","17":"tag-news","18":"tag-occitanie","19":"tag-republique-francaise"},"share_on_mastodon":{"url":"https:\/\/pubeurope.com\/@fr\/114788723787178195","error":""},"_links":{"self":[{"href":"https:\/\/www.europesays.com\/fr\/wp-json\/wp\/v2\/posts\/222856","targetHints":{"allow":["GET"]}}],"collection":[{"href":"https:\/\/www.europesays.com\/fr\/wp-json\/wp\/v2\/posts"}],"about":[{"href":"https:\/\/www.europesays.com\/fr\/wp-json\/wp\/v2\/types\/post"}],"author":[{"embeddable":true,"href":"https:\/\/www.europesays.com\/fr\/wp-json\/wp\/v2\/users\/2"}],"replies":[{"embeddable":true,"href":"https:\/\/www.europesays.com\/fr\/wp-json\/wp\/v2\/comments?post=222856"}],"version-history":[{"count":0,"href":"https:\/\/www.europesays.com\/fr\/wp-json\/wp\/v2\/posts\/222856\/revisions"}],"wp:featuredmedia":[{"embeddable":true,"href":"https:\/\/www.europesays.com\/fr\/wp-json\/wp\/v2\/media\/222857"}],"wp:attachment":[{"href":"https:\/\/www.europesays.com\/fr\/wp-json\/wp\/v2\/media?parent=222856"}],"wp:term":[{"taxonomy":"category","embeddable":true,"href":"https:\/\/www.europesays.com\/fr\/wp-json\/wp\/v2\/categories?post=222856"},{"taxonomy":"post_tag","embeddable":true,"href":"https:\/\/www.europesays.com\/fr\/wp-json\/wp\/v2\/tags?post=222856"}],"curies":[{"name":"wp","href":"https:\/\/api.w.org\/{rel}","templated":true}]}}