{"id":222858,"date":"2025-07-03T10:01:51","date_gmt":"2025-07-03T10:01:51","guid":{"rendered":"https:\/\/www.europesays.com\/fr\/222858\/"},"modified":"2025-07-03T10:01:51","modified_gmt":"2025-07-03T10:01:51","slug":"plusieurs-trains-bloques-tot-ce-matin-sur-les-lignes-sncf-paris-caen-cherbourg-et-paris-deauville","status":"publish","type":"post","link":"https:\/\/www.europesays.com\/fr\/222858\/","title":{"rendered":"Plusieurs trains bloqu\u00e9s t\u00f4t ce matin sur les lignes SNCF Paris-Caen-Cherbourg et Paris-Deauville"},"content":{"rendered":"<p>Un probl\u00e8me d&rsquo;installations \u00e9lectriques a conduit \u00e0 la suppression de plusieurs trains entre la Normandie et Paris peu avant 5 heures ce mardi matin, explique la SNCF. Des suppressions qui ont concern\u00e9 plusieurs lignes entre Paris, Caen et Cherbourg, mais \u00e9galement vers Lisieux et Deauville.<\/p>\n<p>\u00ab\u00a0Il \u00e9tait pr\u00e9f\u00e9rable de garder les voyageurs en gare plut\u00f4t que dans les trains en cette p\u00e9riode caniculaire\u00a0\u00bb, explique une charg\u00e9e de communication de la SNCF. Le r\u00e9seau entre Paris et la Normandie a connu un probl\u00e8me d&rsquo;installations \u00e9lectriques ce mardi matin, ce qui a conduit \u00e0 la suppression de plusieurs trains. Des centaines de voyageurs se sont donc retrouv\u00e9s bloqu\u00e9s en gare. Des \u00e9quipes de SNCF R\u00e9seau ont \u00e9t\u00e9 mobilis\u00e9es dans les diff\u00e9rentes gares du r\u00e9seau \u00e0 Caen, Lisieux ou Evreux pour informer les voyageurs.<\/p>\n<p>Des \u00e9quipes sont par ailleurs mobilis\u00e9es pour restaurer les installations \u00e9lectriques. Un premier train a pu quitter la gare de Caen \u00e0 9 heures. D&rsquo;autres trains devraient suivre afin que, si tout se passe bien, le trafic normal puisse \u00eatre r\u00e9tablit \u00e0 la mi-journ\u00e9e.<\/p>\n","protected":false},"excerpt":{"rendered":"Un probl\u00e8me d&rsquo;installations \u00e9lectriques a conduit \u00e0 la suppression de plusieurs trains entre la Normandie et Paris peu&hellip;\n","protected":false},"author":2,"featured_media":222859,"comment_status":"","ping_status":"","sticky":false,"template":"","format":"standard","meta":{"footnotes":""},"categories":[9587],"tags":[1111,11,1777,674,1011,27,12,5161,25,9590],"class_list":{"0":"post-222858","1":"post","2":"type-post","3":"status-publish","4":"format-standard","5":"has-post-thumbnail","7":"category-rouen","8":"tag-actu","9":"tag-actualites","10":"tag-eu","11":"tag-europe","12":"tag-fr","13":"tag-france","14":"tag-news","15":"tag-normandie","16":"tag-republique-francaise","17":"tag-rouen"},"share_on_mastodon":{"url":"https:\/\/pubeurope.com\/@fr\/114788731624848325","error":""},"_links":{"self":[{"href":"https:\/\/www.europesays.com\/fr\/wp-json\/wp\/v2\/posts\/222858","targetHints":{"allow":["GET"]}}],"collection":[{"href":"https:\/\/www.europesays.com\/fr\/wp-json\/wp\/v2\/posts"}],"about":[{"href":"https:\/\/www.europesays.com\/fr\/wp-json\/wp\/v2\/types\/post"}],"author":[{"embeddable":true,"href":"https:\/\/www.europesays.com\/fr\/wp-json\/wp\/v2\/users\/2"}],"replies":[{"embeddable":true,"href":"https:\/\/www.europesays.com\/fr\/wp-json\/wp\/v2\/comments?post=222858"}],"version-history":[{"count":0,"href":"https:\/\/www.europesays.com\/fr\/wp-json\/wp\/v2\/posts\/222858\/revisions"}],"wp:featuredmedia":[{"embeddable":true,"href":"https:\/\/www.europesays.com\/fr\/wp-json\/wp\/v2\/media\/222859"}],"wp:attachment":[{"href":"https:\/\/www.europesays.com\/fr\/wp-json\/wp\/v2\/media?parent=222858"}],"wp:term":[{"taxonomy":"category","embeddable":true,"href":"https:\/\/www.europesays.com\/fr\/wp-json\/wp\/v2\/categories?post=222858"},{"taxonomy":"post_tag","embeddable":true,"href":"https:\/\/www.europesays.com\/fr\/wp-json\/wp\/v2\/tags?post=222858"}],"curies":[{"name":"wp","href":"https:\/\/api.w.org\/{rel}","templated":true}]}}