{"id":222862,"date":"2025-07-03T10:05:12","date_gmt":"2025-07-03T10:05:12","guid":{"rendered":"https:\/\/www.europesays.com\/fr\/222862\/"},"modified":"2025-07-03T10:05:12","modified_gmt":"2025-07-03T10:05:12","slug":"que-faire-a-grenoble-ce-week-end-samedi-5-et-dimanche-6-juillet-2025","status":"publish","type":"post","link":"https:\/\/www.europesays.com\/fr\/222862\/","title":{"rendered":"Que faire \u00e0 Grenoble ce week-end ? (samedi 5 et dimanche 6 juillet 2025)"},"content":{"rendered":"<p>Le <strong>week-end <\/strong>approche avec son lots d&rsquo;\u00e9v\u00e9nements et d&rsquo;animations \u00e0 <strong>Grenoble <\/strong>et alentour. Voici une petite s\u00e9lection pour bien s&rsquo;occuper<strong> samedi 5 et dimanche 6 juillet 2025<\/strong>. <\/p>\n<p>Voyager gr\u00e2ce au jeune th\u00e9\u00e2tre europ\u00e9en \u00e0 Grenoble <\/p>\n<p>La 37e \u00e9dition du <strong>festival Rencontres du jeune th\u00e9\u00e2tre europ\u00e9en <\/strong>s&rsquo;ach\u00e8ve ce week-end \u00e0 Grenoble. Les deux derniers spectacles, gratuits, sont programm\u00e9s vendredi 4 et samedi 5 juillet. <\/p>\n<ul>\n<li>Le premier, intitul\u00e9 Will-kmmen\/Will-bleiben\/Will-gehen est une cr\u00e9ation de la compagnie allemande, Zu Viel Jamal, bas\u00e9e \u00e0 Heidelberg. La pi\u00e8ce explore les multiples facettes de l&rsquo;int\u00e9gration. La sc\u00e8ne se transforme en un terrain de jeu dynamique o\u00f9 la langue, la danse et la performance s&rsquo;entrelacent harmonieusement, invitant le public \u00e0 s&#8217;emparer des questions cruciales d&rsquo;identit\u00e9 et d&rsquo;appartenance. C&rsquo;est \u00e0 d\u00e9couvrir<strong> vendredi 4 juillet \u00e0 20h30<\/strong> au<strong> th\u00e9\u00e2tre 145<\/strong>, 145 cours Berriat \u00e0 Grenoble. <\/li>\n<\/ul>\n<ul>\n<li>Le spectacle de cl\u00f4ture est programm\u00e9 samedi 5 juillet \u00e0 22h place d&rsquo;Agier \u00e0 Grenoble. Il s&rsquo;agit d&rsquo;Alice au pays virtuel de Romano Garnier. Un collectif d&rsquo;artistes l&rsquo;interpr\u00e9tera aux c\u00f4t\u00e9s des jeunes com\u00e9diens des 37e rencontres du jeune th\u00e9\u00e2tre europ\u00e9en. <\/li>\n<\/ul>\n<p>L&rsquo;intrigue : dans le Pays Virtuel, l\u2019heure des \u00e9lections approche et la Reine de C\u0153ur doit remettre son tr\u00f4ne en jeu. Sa victoire ne fait gu\u00e8re de doute, tant elle est aim\u00e9e. Mais lorsque Alice, jeune citoyenne, aper\u00e7oit par hasard un \u00e9trange lapin blanc et qu\u2019elle se lance \u00e0 sa poursuite, elle d\u00e9couvre bient\u00f4t que les apparences peuvent s\u2019av\u00e9rer trompeuses&#8230;<\/p>\n<p>A noter qu&rsquo;une <strong>parade est pr\u00e9vue \u00e0 21h15<\/strong> au d\u00e9part de la <strong>place F\u00e9lix-Poulat<\/strong> pour rejoindre la place d&rsquo;Agier. <\/p>\n<p> Passer le week-end au Sappey-en-Chartreuse pour la cl\u00f4ture du festival Sappeytille <\/p>\n<p>La <strong>Bonne Fabrique<\/strong> organise le<strong> festival Sappeytille<\/strong> jusqu&rsquo;\u00e0 ce dimanche 6 juillet au <strong>Sappey-en-Chartreuse<\/strong>. Au programme durant ce week-end : <\/p>\n<ul>\n<li>Vendredi 4 juillet \u00e0 19h30 place du march\u00e9 du Sappey-en-Chartreuse : Bonjour Madame ! , trio d\u2019hommages et de sacril\u00e8ges musicaux, ce spectacle s&rsquo;annonce haut en couleur, m\u00ealant humour, festivit\u00e9 et rythmes entra\u00eenants. <\/li>\n<li>Samedi 5 juillet \u00e0 19h30 \u00e0 l&rsquo;aire de jeux du Sappey-en-Chartreuse : spectacle Apocalypse par la <strong>compagnie Marzouk Machine<\/strong>. Une r\u00e9trospective th\u00e9\u00e2trale retracera les \u00e9v\u00e9nements qui ont fait basculer le destin de l\u2019humanit\u00e9. Participation libre. Puis \u00e0 21h30, <strong>DJ set<\/strong> avec DJ Little Tune. <\/li>\n<li>Dimanche 6 juillet \u00e0 17h \u00e0 <strong>La Jacobine<\/strong> au Sappey-en-Chartreuse : Est-ce que la terre s&rsquo;est tue ?, balade po\u00e9tique anim\u00e9e entre th\u00e9\u00e2tre et randonn\u00e9e.<\/li>\n<\/ul>\n<p><strong>Pratique<\/strong> <\/p>\n<p>Festival Sappeytille, jusqu&rsquo;\u00e0 dimanche 6 juillet 2025 au Sappey-en-Chartreuse. Renseignements et r\u00e9servations : <a href=\"https:\/\/labonnefabrique.fr\/\" rel=\"noopener\" target=\"_blank\">ici<\/a>.\u00a0<\/p>\n<p>  Danser \u00e0 la Guinguette \u00e9lectrique \u00e0 Grenoble <\/p>\n<p>Samedi 5 juillet, \u00e0 partir de 18h, devant la<strong> Belle Electrique<\/strong>, ne manquez pas la soir\u00e9e concert organis\u00e9e dans le cadre de la <strong>Guinguette \u00e9lectrique<\/strong>. <\/p>\n<p>Le quatuor <strong>Ireke <\/strong>se produira sur sc\u00e8ne proposant ses compositions entre musique \u00e9lectronique, hip-hop, soul, ambiance afrocarib\u00e9enne. <\/p>\n<p>Puis <strong>Asna<\/strong>, <strong>DJ originaire de C\u00f4te d&rsquo;Ivoire<\/strong>, fera danser le public dans une vari\u00e9t\u00e9 de genres, du coup\u00e9 d\u00e9cal\u00e9 ivoirien au dancehall \u00e9lectronique angolais en passant par la nouvelle sc\u00e8ne musicale exp\u00e9rimentale africaine. <\/p>\n<p>  Profiter des nombreuses animations sur les quais de l&rsquo;Is\u00e8re \u00e0 Grenoble <\/p>\n<p>\u00a0 <\/p>\n<\/p>\n<p><strong>L&rsquo;\u00e9t\u00e9 sur les quais <\/strong>propose un <strong>nouveau programme d&rsquo;animations<\/strong> dans le cadre de l&rsquo;op\u00e9ration\u00a0L&rsquo;\u00e9t\u00e9 sur les quais, ce samedi 5 juillet, \u00e0 partir de 18h, jusqu&rsquo;\u00e0 minuit, au niveau des <strong>quais Perri\u00e8re et Saint-Laurent<\/strong> ainsi que la <strong>place de la Cimaise<\/strong> \u00e0 Grenoble. <\/p>\n<p>Au programme : jeux en bois et jeux de plateaux, paddle, cano\u00eb et aviron sur l&rsquo;Is\u00e8re, expositions, man\u00e8ge \u00e0 p\u00e9dales, parcours de v\u00e9lo, atelier croquis botanique urbain, stand de maquillage, initiation \u00e0 la danse balboa\/shag, karaok\u00e9 \u00e0 l&rsquo;\u00e9nergie musculaire\u2026 La soir\u00e9e se terminera par un <strong>concert <\/strong>du groupe <strong>Mecanik Skankers<\/strong>.<\/p>\n<p> Pratique <\/p>\n<p>L&rsquo;Et\u00e9 sur les quais, samedi 28 juin de 18h \u00e0 minuit, sur les quais de l&rsquo;Is\u00e8re \u00e0 Grenoble. Gratuit. <\/p>\n<p>Renseignements :\u00a0<a href=\"https:\/\/www.grenoble.fr\/agenda\/4597\/1009-l-ete-sur-les-quais.htm\" rel=\"noopener\" target=\"_blank\">sur le site de la mairie<\/a>.\u00a0<\/p>\n<p>  Enfourcher son v\u00e9lo pour prendre le d\u00e9part de La Grenobloise <img decoding=\"async\" alt=\"\" class=\"img-align-center img-size-limited\" data-zoomable=\"\" loading=\"lazy\" src=\"https:\/\/www.europesays.com\/fr\/wp-content\/uploads\/2025\/07\/la-grenobloise-2025-course-cycliste-credit-pxhere.jpg\" title=\"\u00a9Pxhere - La Grenobloise partira d'Eybens ce jeudi 6 juillet pour rejoindre les sommets avec une arriv\u00e9e au fort de la Bastille \u00e0 Grenoble.\"\/> \u00a9 Pxhere &#8211; La Grenobloise partira d&rsquo;Eybens ce jeudi 6 juillet pour rejoindre les sommets avec une arriv\u00e9e pr\u00e9vue au fort de la Bastille \u00e0 Grenoble. <\/p>\n<p>Ce dimanche 6 juillet se tiendra la <strong>premi\u00e8re \u00e9dition de La Grenobloise<\/strong>, un rendez-vous sportif qui s&rsquo;adresse aux passionn\u00e9s de <strong>cyclisme <\/strong>en <strong>montagne <\/strong>et qui s&rsquo;inscrit dans le cadre du <strong>Challenge cyclo Is\u00e8re<\/strong>, un championnat qui regroupe trois grandes cyclosportives (\u00e0 Grenoble, Vizille et Laffrey). <\/p>\n<p>Trois parcours sont propos\u00e9s avec \u00e0 chaque fois un<strong> final au fort de la Bastille<\/strong>, \u00e0 Grenoble : le Granfondo (141 kilom\u00e8tres, 4 052 m\u00e8tres de d\u00e9nivel\u00e9 positif) pour les cyclistes chevronn\u00e9s recherchant des d\u00e9fis d&rsquo;endurance et de d\u00e9nivel\u00e9 ; le Mediofondo (100 kilom\u00e8tres, 2 710 m\u00e8tres de d\u00e9nivel\u00e9 positif) : id\u00e9al pour les cyclistes interm\u00e9diaires souhaitant tester leurs capacit\u00e9s et la Rando pour les amateurs de cyclisme et les d\u00e9butants avec un parcours non chronom\u00e9tr\u00e9, ouvert aux v\u00e9los \u00e0 assistance \u00e9lectrique et aux moins 14 ans avec autorisation parentale.<\/p>\n<p> Pratique <\/p>\n<p>Retrait des dossards samedi 5 juillet entre 10h et 18h et dimanche 6 juillet entre 7h et 8h au v\u00e9lodrome d&rsquo;<strong>Eybens<\/strong>. Le d\u00e9part de la Granfondo aura lieu \u00e0 8h et celui de la Mediofondo \u00e0 8h30. La remise des prix aura lieu \u00e0 la Bastille vers 15h30. Renseignements et r\u00e9servations <a href=\"https:\/\/xn--cyclo-disre-69a.com\/la-grenobloise\" rel=\"noopener\" target=\"_blank\">ici<\/a>.\u00a0<\/p>\n<p> O\u00f9 chiner \u00e0 Grenoble et alentour <\/p>\n<ul>\n<li>Samedi 5 juillet, de 8h \u00e0 17h, <strong>brocante <\/strong>du quartier Hoche, place Andr\u00e9-Malraux \u00e0 Grenoble. <\/li>\n<li>Dimanche 6 juillet, de 9h \u00e0 18h, <strong>vide-greniers<\/strong> des usagers de la Bifurk, 2 rue Gustave-Flaubert \u00e0 Grenoble. <\/li>\n<li>Dimanche 6 juillet, de 8h \u00e0 14h, vide-greniers sur le parking d&rsquo;Apexpo, avenue d&rsquo;Innsbruck \u00e0 Grenoble. <\/li>\n<li>Dimanche 6 juillet, de 7h \u00e0 17h, vide-greniers brocante, Giraudi\u00e8re, \u00e9cole des Poussous, \u00e0 Varces-Alli\u00e8res-et-Risset.<\/li>\n<\/ul>\n","protected":false},"excerpt":{"rendered":"Le week-end approche avec son lots d&rsquo;\u00e9v\u00e9nements et d&rsquo;animations \u00e0 Grenoble et alentour. Voici une petite s\u00e9lection pour&hellip;\n","protected":false},"author":2,"featured_media":222863,"comment_status":"","ping_status":"","sticky":false,"template":"","format":"standard","meta":{"footnotes":""},"categories":[9566],"tags":[1111,11,2430,4156,1777,674,1011,27,2731,1393,12,18925,25,3365],"class_list":{"0":"post-222862","1":"post","2":"type-post","3":"status-publish","4":"format-standard","5":"has-post-thumbnail","7":"category-grenoble","8":"tag-actu","9":"tag-actualites","10":"tag-auvergne-rhone-alpes","11":"tag-concerts","12":"tag-eu","13":"tag-europe","14":"tag-fr","15":"tag-france","16":"tag-grenoble","17":"tag-loisirs","18":"tag-news","19":"tag-que-faire-ce-week-end-u00e0-grenoble","20":"tag-republique-francaise","21":"tag-vide-greniers"},"share_on_mastodon":{"url":"https:\/\/pubeurope.com\/@fr\/114788743522692727","error":""},"_links":{"self":[{"href":"https:\/\/www.europesays.com\/fr\/wp-json\/wp\/v2\/posts\/222862","targetHints":{"allow":["GET"]}}],"collection":[{"href":"https:\/\/www.europesays.com\/fr\/wp-json\/wp\/v2\/posts"}],"about":[{"href":"https:\/\/www.europesays.com\/fr\/wp-json\/wp\/v2\/types\/post"}],"author":[{"embeddable":true,"href":"https:\/\/www.europesays.com\/fr\/wp-json\/wp\/v2\/users\/2"}],"replies":[{"embeddable":true,"href":"https:\/\/www.europesays.com\/fr\/wp-json\/wp\/v2\/comments?post=222862"}],"version-history":[{"count":0,"href":"https:\/\/www.europesays.com\/fr\/wp-json\/wp\/v2\/posts\/222862\/revisions"}],"wp:featuredmedia":[{"embeddable":true,"href":"https:\/\/www.europesays.com\/fr\/wp-json\/wp\/v2\/media\/222863"}],"wp:attachment":[{"href":"https:\/\/www.europesays.com\/fr\/wp-json\/wp\/v2\/media?parent=222862"}],"wp:term":[{"taxonomy":"category","embeddable":true,"href":"https:\/\/www.europesays.com\/fr\/wp-json\/wp\/v2\/categories?post=222862"},{"taxonomy":"post_tag","embeddable":true,"href":"https:\/\/www.europesays.com\/fr\/wp-json\/wp\/v2\/tags?post=222862"}],"curies":[{"name":"wp","href":"https:\/\/api.w.org\/{rel}","templated":true}]}}