{"id":222866,"date":"2025-07-03T10:09:11","date_gmt":"2025-07-03T10:09:11","guid":{"rendered":"https:\/\/www.europesays.com\/fr\/222866\/"},"modified":"2025-07-03T10:09:11","modified_gmt":"2025-07-03T10:09:11","slug":"strasbourg-la-maison-theatrale-en-jeu-au-rempart-vauban","status":"publish","type":"post","link":"https:\/\/www.europesays.com\/fr\/222866\/","title":{"rendered":"Strasbourg. La Maison th\u00e9\u00e2trale en jeu au rempart Vauban"},"content":{"rendered":"<p>\u00ab\u00a0Laissez-vous guider par les odeurs, les sons, les chants\/Entrez doucement dans le songe de la cit\u00e9 Spach.\u00a0\u00bb Ainsi d\u00e9marre la d\u00e9ambulation th\u00e9\u00e2trale orchestr\u00e9e par <a href=\"https:\/\/www.dna.fr\/culture-loisirs\/2021\/12\/21\/les-mille-projets-de-la-maison-theatre\" target=\"_blank\" rel=\"noopener\">Laurent B\u00e9nichou<\/a> avec la troupe \u00e9ph\u00e9m\u00e8re de la <a href=\"https:\/\/www.dna.fr\/culture-loisirs\/2024\/12\/13\/nour-erwan-et-autres-citoyens-a-la-maison-theatre\" target=\"_blank\" rel=\"noopener\">Maison Th\u00e9\u00e2tre<\/a> qu\u2019il a fond\u00e9e \u00e0 Strasbourg.<\/p>\n<p>S\u2019y rassemble une trentaine d\u2019amateurs passionn\u00e9s \u00e2g\u00e9s de 12 \u00e0 60 ans. Ils portent le texte co\u00e9crit par C\u00e9line Bernard et L\u00e9o Henry, La Fabuleuse cit\u00e9 dort , lors de leur r\u00e9sidence \u00e0 la cit\u00e9 Spach \u2013 r\u00e9alis\u00e9e en partenariat avec l\u2019Association des r\u00e9sidents de l\u2019Esplanade \u00e0 Strasbourg (Ares). C\u2019est d\u00e9j\u00e0 la quatri\u00e8me \u00e9dition d\u2019un projet de cr\u00e9ation et d\u2019exp\u00e9riences unique.<\/p>\n<p>Ce contenu est bloqu\u00e9 car vous n&rsquo;avez pas accept\u00e9 les cookies et autres traceurs.<\/p>\n<p>En cliquant sur \u00ab J\u2019accepte \u00bb, les cookies et autres traceurs seront d\u00e9pos\u00e9s et vous pourrez visualiser les contenus  (<a href=\"\" class=\"consentModule_policy\" target=\"_blank\" title=\"Consulter la politique de protection des donn\u00e9es du fournisseur\">plus d&rsquo;informations<\/a>).<\/p>\n<p>En cliquant sur \u00ab J\u2019accepte tous les cookies \u00bb, vous autorisez des d\u00e9p\u00f4ts de cookies et autres traceurs pour le stockage de vos donn\u00e9es sur nos sites et applications \u00e0 des fins de personnalisation et de ciblage publicitaire.<\/p>\n<p class=\"consentModule_secondaryText\">Vous gardez la possibilit\u00e9 de retirer votre consentement \u00e0 tout moment en consultant notre <a href=\"https:\/\/www.dna.fr\/protection-des-donnees\" target=\"_blank\" title=\"Consulter notre politique de protection des donn\u00e9es\" rel=\"noopener\">politique de protection des donn\u00e9es<\/a>. <br \/>&#13;<br \/>\n            <a href=\"https:\/\/www.dna.fr\/culture-loisirs\/2025\/07\/03\/javascript:Didomi.notice.show()\" class=\"consentModule_cmp\" target=\"_blank\" rel=\"noopener\">G\u00e9rer mes choix<\/a>&#13;\n        <\/p>\n<p>&#13;<br \/>\n                        J&rsquo;accepte&#13;<br \/>\n            J&rsquo;accepte tous les cookies&#13;\n        <\/p>\n<p>Sur la th\u00e9matique de \u00ab\u00a0r\u00eaver demain\u00a0\u00bb, les auteurs sont all\u00e9s \u00e0 la rencontre des habitants de la cit\u00e9 d\u00e8s la saison 2023\/24. Leurs mots disent le r\u00e9el mais sans perdre de vue le po\u00e9tique. En mai prochain, le premier \u00e9pisode para\u00eetra dans une publication d\u2019un Cahier Th\u00e9\u00e2tre.<\/p>\n<p>  Construire la citadelle de ses r\u00eaves<\/p>\n<p>Diverses s\u00e9quences se succ\u00e8dent et composent un puzzle th\u00e9\u00e2tral o\u00f9 se confrontent d\u00e9sirs et ambitions, enjeux politiques, invitation po\u00e9tique pour construire la citadelle de ses r\u00eaves. Ga\u00ebl, Maxine, Gustave, Danika, Gabrielle, Jeanne, Julien, Amina, et les autres se passent le relais d\u2019une parole performative \u00e9ph\u00e9m\u00e8re. La repr\u00e9sentation de la version longue de La Fabuleuse cit\u00e9 dort  est d\u00e9j\u00e0 pr\u00e9vue pour le 23\u00a0mai 2026. \u00c0 la Maison Th\u00e9\u00e2tre, la foi en l\u2019art est un viatique dans l\u2019intimit\u00e9 de rencontres qui placent face \u00e0 face artistes, amateurs et spectateurs.<\/p>\n<p class=\"note\">Ce samedi 5\u00a0juillet \u00e0 15\u00a0h et \u00e0 17\u00a0h devant le rempart Vauban du parc de la Citadelle, rue de Boston, \u00e0 Strasbourg. Entr\u00e9e libre.<\/p>\n","protected":false},"excerpt":{"rendered":"\u00ab\u00a0Laissez-vous guider par les odeurs, les sons, les chants\/Entrez doucement dans le songe de la cit\u00e9 Spach.\u00a0\u00bb Ainsi&hellip;\n","protected":false},"author":2,"featured_media":222867,"comment_status":"","ping_status":"","sticky":false,"template":"","format":"standard","meta":{"footnotes":""},"categories":[2820],"tags":[1111,11,1687,2880,27337,1777,674,107,1011,27,775,12,25,3140,640,2879],"class_list":{"0":"post-222866","1":"post","2":"type-post","3":"status-publish","4":"format-standard","5":"has-post-thumbnail","7":"category-strasbourg","8":"tag-actu","9":"tag-actualites","10":"tag-culture-loisirs","11":"tag-edition-strasbourg","12":"tag-estivales","13":"tag-eu","14":"tag-europe","15":"tag-fil-info","16":"tag-fr","17":"tag-france","18":"tag-grand-est","19":"tag-news","20":"tag-republique-francaise","21":"tag-spectacle","22":"tag-strasbourg","23":"tag-strasbourg-ville"},"share_on_mastodon":{"url":"https:\/\/pubeurope.com\/@fr\/114788759348803727","error":""},"_links":{"self":[{"href":"https:\/\/www.europesays.com\/fr\/wp-json\/wp\/v2\/posts\/222866","targetHints":{"allow":["GET"]}}],"collection":[{"href":"https:\/\/www.europesays.com\/fr\/wp-json\/wp\/v2\/posts"}],"about":[{"href":"https:\/\/www.europesays.com\/fr\/wp-json\/wp\/v2\/types\/post"}],"author":[{"embeddable":true,"href":"https:\/\/www.europesays.com\/fr\/wp-json\/wp\/v2\/users\/2"}],"replies":[{"embeddable":true,"href":"https:\/\/www.europesays.com\/fr\/wp-json\/wp\/v2\/comments?post=222866"}],"version-history":[{"count":0,"href":"https:\/\/www.europesays.com\/fr\/wp-json\/wp\/v2\/posts\/222866\/revisions"}],"wp:featuredmedia":[{"embeddable":true,"href":"https:\/\/www.europesays.com\/fr\/wp-json\/wp\/v2\/media\/222867"}],"wp:attachment":[{"href":"https:\/\/www.europesays.com\/fr\/wp-json\/wp\/v2\/media?parent=222866"}],"wp:term":[{"taxonomy":"category","embeddable":true,"href":"https:\/\/www.europesays.com\/fr\/wp-json\/wp\/v2\/categories?post=222866"},{"taxonomy":"post_tag","embeddable":true,"href":"https:\/\/www.europesays.com\/fr\/wp-json\/wp\/v2\/tags?post=222866"}],"curies":[{"name":"wp","href":"https:\/\/api.w.org\/{rel}","templated":true}]}}