{"id":222888,"date":"2025-07-03T10:21:13","date_gmt":"2025-07-03T10:21:13","guid":{"rendered":"https:\/\/www.europesays.com\/fr\/222888\/"},"modified":"2025-07-03T10:21:13","modified_gmt":"2025-07-03T10:21:13","slug":"que-trouve-t-on-dans-la-boutique-officielle-et-a-quels-prix","status":"publish","type":"post","link":"https:\/\/www.europesays.com\/fr\/222888\/","title":{"rendered":"que trouve-t-on dans la boutique officielle et \u00e0 quels prix\u00a0?"},"content":{"rendered":"<p>            Par<br \/>\n        <strong><br \/>\n            <a href=\"https:\/\/actu.fr\/auteur\/amandine-vachez\" title=\"Consulter tous les articles de Amandine Vachez\" target=\"_blank\" rel=\"noopener\">Amandine Vachez<\/a><br \/>\n        <\/strong><\/p>\n<p>        Publi\u00e9 le<\/p>\n<p>            3 juil. 2025 \u00e0 12h11        <\/p>\n<p>Elles ont pouss\u00e9 comme des champignons dans <a href=\"https:\/\/actu.fr\/hauts-de-france\/lille_59350\" target=\"_blank\" rel=\"noopener\">Lille<\/a> (Nord) ces derniers jours. Les <b>boutiques \u00e9ph\u00e9m\u00e8res officielles<\/b> du <a href=\"https:\/\/actu.fr\/tour-de-france\/\" target=\"_blank\" rel=\"noopener\">Tour de France<\/a> vendent des<b> produits d\u00e9riv\u00e9s \u00e0 l\u2019effigie de cette comp\u00e9tition<\/b> hors normes. Le jaune, le noir et les pois rouges sur fond blanc y sont rois. Mais qu\u2019y trouve-t-on et \u00e0 quel prix\u2009? R\u00e9ponse.<\/p>\n<p class=\" wall-content\">Il y en a plusieurs dans le centre-ville\u2009: place des Buisses pr\u00e8s de Lille-Flandres, place Fran\u00e7ois Mitterrand, pr\u00e8s de Lille-Europe, ou encore place du Th\u00e9\u00e2tre, pr\u00e8s de l\u2019Op\u00e9ra <a href=\"https:\/\/actu.fr\/hauts-de-france\/lille_59350\/par-quelles-rues-va-passer-la-grande-parade-du-tour-de-france-ce-jeudi-a-lille-voici-le-parcours_62856006.html\" target=\"_blank\" rel=\"noopener\">d\u2019o\u00f9 partira la parade des coureurs ce jeudi soir<\/a>. Les boutiques du<b> Tour de France<\/b> vendent des produits d\u00e9riv\u00e9s qui, on l\u2019a vu ce jeudi matin, cartonnent\u2009! Que trouve-t-on et \u00e0 quel prix\u2009? Tour d\u2019horizon des p\u00e9pites rep\u00e9r\u00e9es.<\/p>\n<p>Du petit porte-cl\u00e9 au body b\u00e9b\u00e9 en passant par les v\u00eatements techniques<\/p>\n<p class=\" wall-content\">Que vous soyez un spectateur occasionnel, simple amateur de v\u00e9lo ou passionn\u00e9, vous trouverez ce qu\u2019il vous faut dans la boutique. Petit, grand et moyen budget s\u2019y retrouvent aussi. On trouve pour 5\u00a0euros des stylos th\u00e9matis\u00e9s, pour 8, des gourdes ou des magnets, pour 10 des tours de cou. Des mugs \u00e0 12\u00a0euros sont aussi dans les rayonnages, ainsi que des bodies b\u00e9b\u00e9 \u00e0 pois ou jaunes \u00e0 20\u00a0euros. Ils ont leur petit effet sur les passants attendris\u2009! Un doudou ourson habill\u00e9 d\u2019un maillot et d\u2019une casquette vous co\u00fbtera 20\u00a0euros (des versions plus \u00e9conomiques en porte-cl\u00e9s sont affich\u00e9es \u00e0 10\u00a0euros), un parapluie 25.<\/p>\n<p>    <img   decoding=\"async\" loading=\"lazy\" class=\"size-large\" src=\"https:\/\/www.europesays.com\/fr\/wp-content\/uploads\/2025\/07\/2a73a1f2566863e73a1f25668b483av-960x640.jpg\" alt=\"Tee-shirts, casquettes, goodies et v\u00eatements techniques sont vendus dans la boutique officielle du Tour de France, pris\u00e9e par les passants pr\u00e8s de Lille-Flandres ce jeudi 3 juillet 2025.\" width=\"960\" height=\"640\"\/><br \/>\n    Tee-shirts, casquettes, goodies et v\u00eatements techniques sont vendus dans la boutique officielle du Tour de France, pris\u00e9e par les passants pr\u00e8s de Lille-Flandres ce jeudi 3\u00a0juillet 2025. \u00a9Amandine Vachez<\/p>\n<p class=\" wall-content\">Dans la grande boutique sous barnums de Lille-Flandres, vous trouvez aussi des tee-shirts (25 \u00e0 30\u00a0euros), dont certains li\u00e9s au d\u00e9part \u00e0 Lille seront sans doute collectors dans quelques ann\u00e9es. Des v\u00eatements techniques \u00e0 l\u2019effigie des \u00e9quipes des coureurs sont aussi propos\u00e9s, pour la modique somme de 100\u00a0euros. Et ils ont trouv\u00e9 des int\u00e9ress\u00e9s, ce jeudi matin\u2009!<\/p>\n<p>    <img   decoding=\"async\" loading=\"lazy\" class=\"size-large\" src=\"https:\/\/www.europesays.com\/fr\/wp-content\/uploads\/2025\/07\/3f2ea1f256686233ea1f25668f63eav-960x640.jpg\" alt=\"Des v\u00eatements techniques \u00e0 l'effigie des \u00e9quipes sont vendus dans la boutique officielle du Tour de France. Celle-ci, grand format, est install\u00e9e place des Buisses, pr\u00e8s de la gare Lille-Flandres.\" width=\"960\" height=\"640\"\/><br \/>\n    Des v\u00eatements techniques \u00e0 l\u2019effigie des \u00e9quipes sont vendus dans la boutique officielle du Tour de France. Celle-ci, grand format, est install\u00e9e place des Buisses, pr\u00e8s de la gare Lille-Flandres. \u00a9Amandine VachezUn \u00ab\u2009fan pack\u2009\u00bb et des tabourets pliables pour vivre pleinement l\u2019exp\u00e9rience\u2009!<\/p>\n<p class=\" wall-content\">Pour celles et ceux qui veulent vivre l\u2019exp\u00e9rience du Tour \u00e0 Lille dans les \u00ab\u2009bonnes couleurs\u2009\u00bb, il y a des offres sympathiques, disponibles dans les plus petits points de vente. Notamment dans les camionnettes install\u00e9es pr\u00e8s des gares\u2009: des \u00ab\u2009fans pack\u2009\u00bb, avec un tee-shirt et une banane (jaunes, bien s\u00fbr\u2009!) et une gourde en plastique, pour la somme de 20\u00a0euros. Alerte style 100\u2009% vintage\u2009: un bob jaune \u00e0 10\u00a0euros floqu\u00e9 Tour de France\u2009! Une casquette noire, plus sobre, est aussi propos\u00e9e pour la m\u00eame somme.<\/p>\n<p>    <img   decoding=\"async\" loading=\"lazy\" class=\"size-large\" src=\"https:\/\/www.europesays.com\/fr\/wp-content\/uploads\/2025\/07\/c573243456686a973243456686d732v-960x640.jpg\" alt=\"Plusieurs formats de boutiques sont install\u00e9s, comme ici une camionnette avec le \" fan=\"\" pack=\"\" width=\"960\" height=\"640\"\/><br \/>\n    Plusieurs formats de boutiques sont install\u00e9s, comme ici une camionnette avec le \u00ab\u2009fan pack\u2009\u00bb. \u00a9Amandine Vachez<\/p>\n<p class=\" wall-content\">Enfin, le produit coup de c\u0153ur de la r\u00e9daction (parce qu\u2019il rappelle les aficionados sur les bords de route de campagne avec leur glaci\u00e8re), le si\u00e8ge pliable affich\u00e9 \u00e0 20\u00a0euros. Il est notamment disponible dans la boutique volante install\u00e9e ce jeudi pr\u00e8s de l\u2019op\u00e9ra.<\/p>\n<p class=\" wall-content\">Bref, il y a de quoi faire de belles trouvailles dans ces boutiques, ouvertes jusqu\u2019au jour du d\u00e9part \u00e0 Lille. Si c\u2019est plus sympa d\u2019aller y faire un tour, vous pouvez aussi voir les articles de la boutique officielle <a href=\"https:\/\/boutique.letour.fr\/fr\/\" target=\"_blank\" rel=\"noopener\">sur le site d\u00e9di\u00e9<\/a>.<\/p>\n<p class=\" wall-content\">Suivez toute l\u2019actualit\u00e9 de vos villes et m\u00e9dias favoris en vous inscrivant \u00e0 <a href=\"https:\/\/moncompte.actu.fr\" title=\"D\u00e9couvez Mon Actu\" rel=\"nofollow noopener\" data-trk=\"{&quot;cta&quot;:{&quot;action&quot;:&quot;https:\\\/\\\/moncompte.actu.fr&quot;,&quot;category&quot;:&quot;mon compte&quot;,&quot;from&quot;:&quot;article footer&quot;,&quot;name&quot;:&quot;Mon actu&quot;,&quot;type&quot;:&quot;cta&quot;}}\" target=\"_blank\">Mon Actu<\/a>.<\/p>\n","protected":false},"excerpt":{"rendered":"Par Amandine Vachez Publi\u00e9 le 3 juil. 2025 \u00e0 12h11 Elles ont pouss\u00e9 comme des champignons dans Lille&hellip;\n","protected":false},"author":2,"featured_media":222889,"comment_status":"","ping_status":"","sticky":false,"template":"","format":"standard","meta":{"footnotes":""},"categories":[2815],"tags":[1111,11,130,1777,674,1011,27,811,1307,12,25,104,210,2116],"class_list":{"0":"post-222888","1":"post","2":"type-post","3":"status-publish","4":"format-standard","5":"has-post-thumbnail","7":"category-lille","8":"tag-actu","9":"tag-actualites","10":"tag-consommation","11":"tag-eu","12":"tag-europe","13":"tag-fr","14":"tag-france","15":"tag-hauts-de-france","16":"tag-lille","17":"tag-news","18":"tag-republique-francaise","19":"tag-societe","20":"tag-tour-de-france","21":"tag-tour-de-france-2025"},"share_on_mastodon":{"url":"https:\/\/pubeurope.com\/@fr\/114788806613922395","error":""},"_links":{"self":[{"href":"https:\/\/www.europesays.com\/fr\/wp-json\/wp\/v2\/posts\/222888","targetHints":{"allow":["GET"]}}],"collection":[{"href":"https:\/\/www.europesays.com\/fr\/wp-json\/wp\/v2\/posts"}],"about":[{"href":"https:\/\/www.europesays.com\/fr\/wp-json\/wp\/v2\/types\/post"}],"author":[{"embeddable":true,"href":"https:\/\/www.europesays.com\/fr\/wp-json\/wp\/v2\/users\/2"}],"replies":[{"embeddable":true,"href":"https:\/\/www.europesays.com\/fr\/wp-json\/wp\/v2\/comments?post=222888"}],"version-history":[{"count":0,"href":"https:\/\/www.europesays.com\/fr\/wp-json\/wp\/v2\/posts\/222888\/revisions"}],"wp:featuredmedia":[{"embeddable":true,"href":"https:\/\/www.europesays.com\/fr\/wp-json\/wp\/v2\/media\/222889"}],"wp:attachment":[{"href":"https:\/\/www.europesays.com\/fr\/wp-json\/wp\/v2\/media?parent=222888"}],"wp:term":[{"taxonomy":"category","embeddable":true,"href":"https:\/\/www.europesays.com\/fr\/wp-json\/wp\/v2\/categories?post=222888"},{"taxonomy":"post_tag","embeddable":true,"href":"https:\/\/www.europesays.com\/fr\/wp-json\/wp\/v2\/tags?post=222888"}],"curies":[{"name":"wp","href":"https:\/\/api.w.org\/{rel}","templated":true}]}}