{"id":222890,"date":"2025-07-03T10:22:11","date_gmt":"2025-07-03T10:22:11","guid":{"rendered":"https:\/\/www.europesays.com\/fr\/222890\/"},"modified":"2025-07-03T10:22:11","modified_gmt":"2025-07-03T10:22:11","slug":"aux-chutes-lavie-le-portail-de-la-discorde-fait-fermer-lecole","status":"publish","type":"post","link":"https:\/\/www.europesays.com\/fr\/222890\/","title":{"rendered":"aux Chutes-Lavie, le portail de la discorde fait fermer l&rsquo;\u00e9cole"},"content":{"rendered":"<p>Deux petits jours et puis s&rsquo;en va. Aux <a href=\"https:\/\/www.laprovence.com\/article\/region\/5385158461734214\/marseille-la-bastide-athena-et-le-pavillon-des-eaux-de-chutes-lavie-2-lieux-abandonnes-promis-a-une-seconde-vie\" target=\"_blank\" rel=\"nofollow noopener\">Chutes-Lavie, \u00e0 Marseille<\/a> (4e), la maternelle les Platanes ferme ses portes ce vendredi 4 juillet, apr\u00e8s le dernier jour de classe. En cause, un effectif d&rsquo;\u00e9l\u00e8ves trop maigre pour l&rsquo;an prochain. Mais pour les habitants et parents d&rsquo;\u00e9l\u00e8ves, l&rsquo;\u00e9cole abrit\u00e9e dans la Cit\u00e9 jardin des Chutes-Lavie est la victime directe de l&rsquo;installation d&rsquo;un portique.<\/p>\n<p>Pos\u00e9 durant le <a href=\"https:\/\/www.laprovence.com\/article\/sante\/1511225894397714\/covid-vous-ne-pouvez-pas-lavoir-il-ny-en-a-pas-a-marseille-notre-dossier-5-ans-plus-tard\" target=\"_blank\" rel=\"nofollow noopener\">Covid<\/a> par la copropri\u00e9t\u00e9, il complique l&rsquo;acc\u00e8s \u00e0 cette r\u00e9sidence o\u00f9 se m\u00ealent <a href=\"https:\/\/www.laprovence.com\/article\/region\/6158604162248714\/logement-social-a-marseille-dans-le-centre-des-appartements-a-loyer-modere-situes-dans-un-immeuble-bourgeois\" target=\"_blank\" rel=\"nofollow noopener\">logements sociaux<\/a> et maisons individuelles, et empoisonne la vie des riverains qui doivent multiplier les d\u00e9tours pour rejoindre le c\u0153ur du quartier. Les uns refusent \u00ab\u00a0les promeneurs ind\u00e9sirables\u00a0\u00bb quand les autres d\u00e9noncent \u00ab\u00a0une privatisation de la voie publique\u00a0\u00bb et \u00ab\u00a0une cit\u00e9 qui se calfeutre\u00a0\u00bb derri\u00e8re des murs.<\/p>\n<p>\u00ab\u00a0Avant, on \u00e9tait un quartier ouvert\u00a0\u00bb<\/p>\n<p>Nich\u00e9e dans un chalet spacieux, l&rsquo;\u00e9cole construite en 1929 a vu pousser cinq g\u00e9n\u00e9rations de Marseillais. De l&rsquo;installation de la garderie \u00e0 la cr\u00e9ation de deux classes de maternelle apr\u00e8s la Seconde guerre mondiale, en passant par l&rsquo;inauguration du th\u00e9\u00e2tre en 1989, Simone, doyenne de la cit\u00e9 \u00e0 99 ans, a tout vu.<\/p>\n<p>\u00ab\u00a0Je suis n\u00e9e, j&rsquo;ai grandi et je suis rest\u00e9e <a href=\"https:\/\/www.laprovence.com\/article\/region\/26891690054604\/marseille-aux-chutes-lavie-le-voleur-repart-avec-une-grille-de-voirie-en-fonte-situee-au-milieu-de-la-rue\" target=\"_blank\" rel=\"nofollow noopener\">aux Chutes-Lavie<\/a>. Mes filles, ma petite fille\u00a0et mes arri\u00e8re-petits-enfants ont occup\u00e9 le m\u00eame petit bureau que moi\u00a0\u00bb, soupire-t-elle. L&rsquo;installation de ce portique, d\u00e9cid\u00e9 par les habitants eux-m\u00eames puisque c&rsquo;est la copropri\u00e9t\u00e9 de la cit\u00e9 qui l&rsquo;a vot\u00e9e, a pr\u00e9cipit\u00e9 la fermeture de la maternelle,\u00a0confie Simone, am\u00e8re. Avant, on \u00e9tait dans un quartier ouvert, il y avait plusieurs chemins entre nous et les quartiers voisins. C&rsquo;est fini\u2026 Les gens pr\u00e9f\u00e8rent mettre des murs pour dissuader les ind\u00e9sirables.\u00a0\u00bb<\/p>\n<p>Une \u00ab\u00a0privatisation d\u00e9guis\u00e9e de l&rsquo;espace public\u00a0\u00bb<\/p>\n<p>Ce portique de la discorde a d&rsquo;autres r\u00e9percussions. \u00ab\u00a0Sur les trois entr\u00e9es de la cit\u00e9, deux sont d\u00e9sormais ferm\u00e9es, expose Nathalie, qui vit rue de la P\u00e9pini\u00e8re, face \u00e0 un acc\u00e8s condamn\u00e9.\u00a0Les plus \u00e2g\u00e9s passaient par l\u00e0 pour aller faire leurs courses dans le noyau villageois, les \u00e9l\u00e8ves d&rsquo;Alexandre-Dumas empruntaient ce passage comme un raccourci vers le coll\u00e8ge. Aujourd&rsquo;hui, il faut faire un d\u00e9tour de 2\u00a0km pour monter le pentu boulevard Guigou, sur des trottoirs \u00e9troits\u2026\u00a0\u00bb<\/p>\n<p><img alt=\"Regroup\u00e9s en collectif, les riverains font tourner une p\u00e9tition &quot;pour l'ouverture pi\u00e9tonne du portail de la P\u00e9pini\u00e8re&quot; regroupant une centaine de signataires.\" loading=\"lazy\" decoding=\"async\" data-nimg=\"fill\" class=\" TwicCore_img__i9TC1 undefined  undefined\" style=\"position:absolute;height:100%;width:100%;left:0;top:0;right:0;bottom:0;color:transparent;background-size:cover;background-position:50% 50%;background-repeat:no-repeat;background-image:url(&quot;data:image\/svg+xml;charset=utf-8,%3Csvg xmlns='http:\/\/www.w3.org\/2000\/svg' %3E%3Cfilter id='b' color-interpolation-filters='sRGB'%3E%3CfeGaussianBlur stdDeviation='20'\/%3E%3CfeColorMatrix values='1 0 0 0 0 0 1 0 0 0 0 0 1 0 0 0 0 0 100 -1' result='s'\/%3E%3CfeFlood x='0' y='0' width='100%25' height='100%25'\/%3E%3CfeComposite operator='out' in='s'\/%3E%3CfeComposite in2='SourceGraphic'\/%3E%3CfeGaussianBlur stdDeviation='20'\/%3E%3C\/filter%3E%3Cimage width='100%25' height='100%25' x='0' y='0' preserveAspectRatio='none' style='filter: url(%23b);' href='https:\/\/pictures.laprovence.com\/cdn-cgi\/image\/blur=250\/media\/melody\/2025\/07\/03\/collectif-d-habitants-1751526871_41a709f57568695a709f57568b9a70v_.jpg'\/%3E%3C\/svg%3E&quot;)\"   src=\"https:\/\/www.europesays.com\/fr\/wp-content\/uploads\/2025\/07\/collectif-d-habitants-1751526871_41a709f57568695a709f57568b9a70v_.jpg\"\/>Regroup\u00e9s en collectif, les riverains font tourner une p\u00e9tition \u00ab\u00a0pour l&rsquo;ouverture pi\u00e9tonne du portail de la P\u00e9pini\u00e8re\u00a0\u00bb regroupant une centaine de signataires. \/ Photo P.K.<\/p>\n<p>En plus de priver les habitants d&rsquo;un raccourci vers les commerces, l&rsquo;acc\u00e8s au <a href=\"https:\/\/www.laprovence.com\/article\/region\/35139334530364\/sans-solution-de-garde-des-parents-pointent-lopacite-pour-obtenir-une-place-en-centre-aere-a-marseille\" target=\"_blank\" rel=\"nofollow noopener\">Centre municipal d&rsquo;animation (CMA)<\/a> et \u00e0 son jardin r\u00e9cemment r\u00e9nov\u00e9 par la Ville (pour pr\u00e8s de 90 000\u00a0\u20ac) semble d\u00e9sormais r\u00e9serv\u00e9 aux r\u00e9sidents de la cit\u00e9. De quoi faire monter la gronde des riverains regroup\u00e9s en collectif, qui font tourner une p\u00e9tition \u00ab\u00a0pour l&rsquo;ouverture pi\u00e9tonne du portail de la P\u00e9pini\u00e8re\u00a0\u00bb regroupant une centaine de signataires.<\/p>\n<p>\u00ab\u00a0S&rsquo;ils veulent fermer aux voitures et aux scooters, pas de probl\u00e8me. Mais ce doit \u00eatre ouvert pour les pi\u00e9tons 24h\/24, appuie Kamel, install\u00e9 ici depuis\u00a01989.\u00a0On ne peut pas accepter cette privatisation d\u00e9guis\u00e9e de l&rsquo;espace public et d&rsquo;une voie pi\u00e9tonne ancestrale.\u00a0\u00bb<\/p>\n<p><a href=\"https:\/\/www.laprovence.com\/article\/faits-divers-justice\/59646783724171\/treize-ans-apres-la-gestion-du-bailleur-social-hmp-decortiquee-par-la-justice-marseillaise\" target=\"_blank\" rel=\"nofollow noopener\">Habitat Marseille Provence<\/a> (HMP) qui g\u00e8re les logements sociaux de la cit\u00e9 et conserve la majorit\u00e9 des voix (52\u00a0%) lors des assembl\u00e9es g\u00e9n\u00e9rales, d\u00e9crit pour sa part \u00ab\u00a0un ensemble de voies priv\u00e9es\u00a0\u00bb et se dit dans son bon droit pour d\u00e9cider de sa cl\u00f4ture. \u00ab\u00a0Cette d\u00e9cision rel\u00e8ve de l&rsquo;assembl\u00e9e g\u00e9n\u00e9rale, poursuit le bailleur.\u00a0La cit\u00e9 a subi des cambriolages, du deal et m\u00eame de la prostitution. La fermeture \u00e9tait l&rsquo;unique moyen de garantir le calme.\u00a0\u00bb Tout en promettant \u00ab\u00a0une ouverture \u00e0 tous\u00a0\u00bb du portail \u00ab\u00a0de 7\u00a0h\u00a030 \u00e0 10\u00a0h et de 16\u00a0h \u00e0 22\u00a0h\u00a0\u00bb (nous avons constat\u00e9 le contraire sur place), HMP indique qu&rsquo;un vote des copropri\u00e9taires, le 1er\u00a0juillet, a act\u00e9 la fermeture du dernier acc\u00e8s \u00e0 la cit\u00e9.<\/p>\n<p>\u00ab\u00a0En raison des deux \u00e9quipements qu&rsquo;elle poss\u00e8de dans la r\u00e9sidence, la Ville a un droit de vote et s&rsquo;est oppos\u00e9e \u00e0 cette mesure, pointe-t-on \u00e0 la mairie des 4e-5e. Nous avons aussi soulev\u00e9 l&rsquo;irr\u00e9gularit\u00e9 de la fermeture \u00e0 la P\u00e9pini\u00e8re, d\u00e9cid\u00e9e sans assembl\u00e9e g\u00e9n\u00e9rale. Les services de l&rsquo;urbanisme en ont inform\u00e9 la copropri\u00e9t\u00e9, sans r\u00e9ponse. Nous comprenons la requ\u00eate du collectif et restons favorables \u00e0 l&rsquo;ouverture aux pi\u00e9tons. Les activit\u00e9s de nos \u00e9quipements municipaux ne peuvent pas \u00eatre r\u00e9serv\u00e9es aux r\u00e9sidents de la cit\u00e9.\u00a0\u00bb<\/p>\n","protected":false},"excerpt":{"rendered":"Deux petits jours et puis s&rsquo;en va. Aux Chutes-Lavie, \u00e0 Marseille (4e), la maternelle les Platanes ferme ses&hellip;\n","protected":false},"author":2,"featured_media":222891,"comment_status":"","ping_status":"","sticky":false,"template":"","format":"standard","meta":{"footnotes":""},"categories":[2814],"tags":[17,1111,11,1007,36196,31058,1777,674,21,6614,1011,27,884,12,36197,882,16,25],"class_list":{"0":"post-222890","1":"post","2":"type-post","3":"status-publish","4":"format-standard","5":"has-post-thumbnail","7":"category-marseille","8":"tag-17","9":"tag-actu","10":"tag-actualites","11":"tag-aux","12":"tag-chutes-lavie","13":"tag-discorde","14":"tag-eu","15":"tag-europe","16":"tag-fait","17":"tag-fermer","18":"tag-fr","19":"tag-france","20":"tag-marseille","21":"tag-news","22":"tag-portail","23":"tag-provence-alpes-cote-dazur","24":"tag-region","25":"tag-republique-francaise"},"share_on_mastodon":{"url":"https:\/\/pubeurope.com\/@fr\/114788810437556692","error":""},"_links":{"self":[{"href":"https:\/\/www.europesays.com\/fr\/wp-json\/wp\/v2\/posts\/222890","targetHints":{"allow":["GET"]}}],"collection":[{"href":"https:\/\/www.europesays.com\/fr\/wp-json\/wp\/v2\/posts"}],"about":[{"href":"https:\/\/www.europesays.com\/fr\/wp-json\/wp\/v2\/types\/post"}],"author":[{"embeddable":true,"href":"https:\/\/www.europesays.com\/fr\/wp-json\/wp\/v2\/users\/2"}],"replies":[{"embeddable":true,"href":"https:\/\/www.europesays.com\/fr\/wp-json\/wp\/v2\/comments?post=222890"}],"version-history":[{"count":0,"href":"https:\/\/www.europesays.com\/fr\/wp-json\/wp\/v2\/posts\/222890\/revisions"}],"wp:featuredmedia":[{"embeddable":true,"href":"https:\/\/www.europesays.com\/fr\/wp-json\/wp\/v2\/media\/222891"}],"wp:attachment":[{"href":"https:\/\/www.europesays.com\/fr\/wp-json\/wp\/v2\/media?parent=222890"}],"wp:term":[{"taxonomy":"category","embeddable":true,"href":"https:\/\/www.europesays.com\/fr\/wp-json\/wp\/v2\/categories?post=222890"},{"taxonomy":"post_tag","embeddable":true,"href":"https:\/\/www.europesays.com\/fr\/wp-json\/wp\/v2\/tags?post=222890"}],"curies":[{"name":"wp","href":"https:\/\/api.w.org\/{rel}","templated":true}]}}