{"id":222892,"date":"2025-07-03T10:23:12","date_gmt":"2025-07-03T10:23:12","guid":{"rendered":"https:\/\/www.europesays.com\/fr\/222892\/"},"modified":"2025-07-03T10:23:12","modified_gmt":"2025-07-03T10:23:12","slug":"rtm-a-marseille-pourquoi-les-poubelles-des-stations-de-metro-debordent-a-nouveau","status":"publish","type":"post","link":"https:\/\/www.europesays.com\/fr\/222892\/","title":{"rendered":"RTM \u00e0 Marseille. Pourquoi les poubelles des stations de m\u00e9tro d\u00e9bordent \u00e0 nouveau\u00a0?"},"content":{"rendered":"<p>            Par<br \/>\n        <strong><br \/>\n            <a href=\"https:\/\/actu.fr\/auteur\/fabien-binacchi\" title=\"Consulter tous les articles de Fabien Binacchi\" target=\"_blank\" rel=\"noopener\">Fabien Binacchi<\/a><br \/>\n        <\/strong><\/p>\n<p>        Publi\u00e9 le<\/p>\n<p>            3 juil. 2025 \u00e0 12h07        <\/p>\n<p>Ce n\u2019est pas pass\u00e9 inaper\u00e7u, les usagers du m\u00e9tro <a href=\"https:\/\/actu.fr\/marseille\/\" target=\"_blank\" rel=\"noopener\">marseillais<\/a> l\u2019ont bien remarqu\u00e9. Depuis les derniers jours de juin\u00a02025, les poubelles d\u00e9bordent \u00e0 nouveau. \u00ab\u2009Encore une gr\u00e8ve\u2009?\u2009\u00bb, interroge un internaute sur les r\u00e9seaux sociaux, pendant qu\u2019un autre raconte, d\u00e9go\u00fbt\u00e9,<strong> les \u00ab\u2009rats qui se baladent entre les pieds des gens<\/strong> qui patientent\u2009\u00bb.<\/p>\n<p class=\" wall-content\">Si <a href=\"https:\/\/actu.fr\/provence-alpes-cote-d-azur\/marseille_13055\/greve-a-marseille-pourquoi-les-metros-de-la-rtm-risquent-de-ne-pas-rouler_62806229.html\" target=\"_blank\" rel=\"noopener\">le pr\u00e9fet des Bouches-du-Rh\u00f4ne avait bien annonc\u00e9 la r\u00e9quisition<\/a> d\u2019une soci\u00e9t\u00e9 de gestion des d\u00e9chets, apr\u00e8s le divorce \u00e0 grand bruit de la <a href=\"https:\/\/actu.fr\/tag\/rtm\" target=\"_blank\" rel=\"noopener\">RTM<\/a> et de son prestataire, actu Marseille l\u2019a bien constat\u00e9\u2009: les ordures s\u2019accumulent. Voici ce qu\u2019il se passe.<\/p>\n<p>Une solution temporaire<\/p>\n<p class=\" wall-content\">La vie de la RTM et de ses usagers n\u2019est d\u00e9cid\u00e9ment pas un long fleuve tranquille. Menac\u00e9e par un nouveau pr\u00e9avis de gr\u00e8ve, <a href=\"https:\/\/actu.fr\/provence-alpes-cote-d-azur\/marseille_13055\/conflit-a-la-rtm-vers-une-nouvelle-greve-dans-le-metro-de-marseille_62857660.html\" target=\"_blank\" rel=\"noopener\">en vigueur \u00e0 partir du lundi 7\u00a0juillet<\/a>, et <strong>contrainte \u00e0 une prolongation de la fermeture nocturne du m\u00e9tro<\/strong>, la r\u00e9gie fait \u00e9galement face, \u00e0 nouveau, \u00e0 un trop-plein des poubelles sur les quais des stations.<\/p>\n<p class=\" wall-content\">\n<p class=\" wall-content\">Et, ce, m\u00eame si des dispositions avaient \u00e9t\u00e9 prises apr\u00e8s sa d\u00e9cision de mettre un terme au march\u00e9 qui la liait avec son prestataire charg\u00e9 de la propret\u00e9. Le 20\u00a0juin, le pr\u00e9fet des Bouches-du-Rh\u00f4ne signait en effet un arr\u00eat\u00e9 pour la r\u00e9quisition d\u2019une autre soci\u00e9t\u00e9, en attendant une solution plus p\u00e9renne. Un nouvel appel d\u2019offres est lanc\u00e9.<\/p>\n<p class=\" wall-content\">Mais le fait est, quinze jours apr\u00e8s, que les d\u00e9chets sont bel et bien l\u00e0. Ce jeudi 3\u00a0juillet, sur les \u00e9crans positionn\u00e9s \u00e0 l\u2019entr\u00e9e des stations, des messages pr\u00e9viennent\u2009: <strong>\u00ab\u2009Le nettoyage [\u2026] est temporairement r\u00e9duit, la RTM vous prie de l\u2019excuser\u2009\u00bb.<\/strong><\/p>\n<p>Vid\u00e9os : en ce moment sur Actu<br \/>\n    <img   decoding=\"async\" loading=\"lazy\" src=\"https:\/\/www.europesays.com\/fr\/wp-content\/uploads\/2025\/07\/rtm-poubelle-message-marseille-960x640.jpg\" alt=\"rtm poubelle message marseille\" width=\"960\" height=\"640\"\/><br \/>\n    Des messages sont affich\u00e9s \u00e0 l\u2019entr\u00e9e des stations, comme ici \u00e0 Estrangin, dans le 6e arrondissement de Marseille. (\u00a9Thibault Nadal \/ actu Marseille)\u00ab\u2009Prioriser les stations \u00e0 forte affluence\u2009\u00bb<\/p>\n<p class=\" wall-content\">Mais alors, que se passe-t-il exactement\u2009? Contact\u00e9e par actu Marseille, la r\u00e9gie explique devoir\u2026 <strong>faire des choix.<\/strong> Et notamment celui \u00ab\u2009de prioriser les stations \u00e0 forte affluence\u2009\u00bb.<\/p>\n<p class=\" wall-content\">Elle explique par \u00e9crit \u00e0 notre r\u00e9daction que, \u00ab\u2009suite \u00e0 la r\u00e9siliation du contrat avec Atalian et dans l\u2019attente d\u2019un nouveau prestataire\u2009\u00bb, c\u2019est \u00ab\u2009un<strong> service minimum de nettoyage<\/strong> [qui] est actuellement assur\u00e9 par l\u2019entreprise r\u00e9quisitionn\u00e9e\u2009\u00bb.<\/p>\n<p class=\" wall-content\">\u00ab\u2009La RTM est actuellement <strong>en phase de calage et d\u2019optimisation<\/strong>, afin de maximiser le d\u00e9barrassage des d\u00e9chets, dans la limite du temps et des moyens octroy\u00e9s\u2009\u00bb, pr\u00e9cise-t-elle. En clair\u2009: les usagers vont donc encore devoir prendre leur mal en patience.<\/p>\n<p class=\" wall-content\">Suivez toute l\u2019actualit\u00e9 de vos villes et m\u00e9dias favoris en vous inscrivant \u00e0 <a href=\"https:\/\/moncompte.actu.fr\" title=\"D\u00e9couvez Mon Actu\" rel=\"nofollow noopener\" data-trk=\"{&quot;cta&quot;:{&quot;action&quot;:&quot;https:\\\/\\\/moncompte.actu.fr&quot;,&quot;category&quot;:&quot;mon compte&quot;,&quot;from&quot;:&quot;article footer&quot;,&quot;name&quot;:&quot;Mon actu&quot;,&quot;type&quot;:&quot;cta&quot;}}\" target=\"_blank\">Mon Actu<\/a>.<\/p>\n","protected":false},"excerpt":{"rendered":"Par Fabien Binacchi Publi\u00e9 le 3 juil. 2025 \u00e0 12h07 Ce n\u2019est pas pass\u00e9 inaper\u00e7u, les usagers du&hellip;\n","protected":false},"author":2,"featured_media":222893,"comment_status":"","ping_status":"","sticky":false,"template":"","format":"standard","meta":{"footnotes":""},"categories":[2814],"tags":[1111,11,3008,1777,674,1011,27,884,4047,12,882,25,10783,104],"class_list":{"0":"post-222892","1":"post","2":"type-post","3":"status-publish","4":"format-standard","5":"has-post-thumbnail","7":"category-marseille","8":"tag-actu","9":"tag-actualites","10":"tag-dechets","11":"tag-eu","12":"tag-europe","13":"tag-fr","14":"tag-france","15":"tag-marseille","16":"tag-metro","17":"tag-news","18":"tag-provence-alpes-cote-dazur","19":"tag-republique-francaise","20":"tag-rtm","21":"tag-societe"},"share_on_mastodon":{"url":"https:\/\/pubeurope.com\/@fr\/114788814477009273","error":""},"_links":{"self":[{"href":"https:\/\/www.europesays.com\/fr\/wp-json\/wp\/v2\/posts\/222892","targetHints":{"allow":["GET"]}}],"collection":[{"href":"https:\/\/www.europesays.com\/fr\/wp-json\/wp\/v2\/posts"}],"about":[{"href":"https:\/\/www.europesays.com\/fr\/wp-json\/wp\/v2\/types\/post"}],"author":[{"embeddable":true,"href":"https:\/\/www.europesays.com\/fr\/wp-json\/wp\/v2\/users\/2"}],"replies":[{"embeddable":true,"href":"https:\/\/www.europesays.com\/fr\/wp-json\/wp\/v2\/comments?post=222892"}],"version-history":[{"count":0,"href":"https:\/\/www.europesays.com\/fr\/wp-json\/wp\/v2\/posts\/222892\/revisions"}],"wp:featuredmedia":[{"embeddable":true,"href":"https:\/\/www.europesays.com\/fr\/wp-json\/wp\/v2\/media\/222893"}],"wp:attachment":[{"href":"https:\/\/www.europesays.com\/fr\/wp-json\/wp\/v2\/media?parent=222892"}],"wp:term":[{"taxonomy":"category","embeddable":true,"href":"https:\/\/www.europesays.com\/fr\/wp-json\/wp\/v2\/categories?post=222892"},{"taxonomy":"post_tag","embeddable":true,"href":"https:\/\/www.europesays.com\/fr\/wp-json\/wp\/v2\/tags?post=222892"}],"curies":[{"name":"wp","href":"https:\/\/api.w.org\/{rel}","templated":true}]}}