{"id":222896,"date":"2025-07-03T10:25:11","date_gmt":"2025-07-03T10:25:11","guid":{"rendered":"https:\/\/www.europesays.com\/fr\/222896\/"},"modified":"2025-07-03T10:25:11","modified_gmt":"2025-07-03T10:25:11","slug":"peut-on-vraiment-cuire-un-oeuf-au-soleil","status":"publish","type":"post","link":"https:\/\/www.europesays.com\/fr\/222896\/","title":{"rendered":"peut-on vraiment cuire un \u0153uf au soleil\u00a0?"},"content":{"rendered":"<p class=\"MsoNormal\" style=\"margin-bottom: 0cm; line-height: normal;\">Alors que la France traverse une intense vague de chaleur, la ville de Lyon est plac\u00e9e en vigilance orange depuis samedi. Les temp\u00e9ratures grimpent en fl\u00e8che, atteignant des sommets dans toute la r\u00e9gion. Mais une question br\u00fblante nous est venue \u00e0 l\u2019esprit, fait-il assez chaud pour faire cuire un \u0153uf au soleil ?<\/p>\n<p class=\"MsoNormal\" style=\"margin-bottom: 0cm; line-height: normal;\">Ce mercredi apr\u00e8s-midi, nous avons men\u00e9 l\u2019exp\u00e9rience. \u00c0 15h, sous 36 \u00b0C , deux \u0153ufs (p\u00e9rim\u00e9s) ont \u00e9t\u00e9 sacrifi\u00e9s, l\u2019un vers\u00e9 dans une po\u00eale laiss\u00e9e en plein soleil, l\u2019autre directement cass\u00e9 sur le bitume br\u00fblant.<\/p>\n<p class=\"MsoNormal\" style=\"margin-bottom: 0cm; line-height: normal;\">Le r\u00e9sultat ? Certes, on n\u2019ouvrirait pas un restaurant avec le plat obtenu, mais le test n\u2019est pas totalement rat\u00e9. Les jaunes ont commenc\u00e9 \u00e0 se figer, et quelques morceaux de blancs ont partiellement cuits, ou se sont retrouv\u00e9s dess\u00e9ch\u00e9s.<\/p>\n<p class=\"MsoNormal\" style=\"margin-bottom: 0cm; line-height: normal;\">Selon des experts, il faudrait que la surface atteigne environ 70\u00b0C pour qu\u2019une v\u00e9ritable cuisson s\u2019op\u00e8re. On n\u2019y est pas encore, mais l\u2019exp\u00e9rience illustre bien \u00e0 quel point la chaleur \u00e0 Lyon peut devenir extr\u00eame.<\/p>\n<p class=\"MsoNormal\" style=\"margin-bottom: 0cm; line-height: normal;\">Alors, restez \u00e0 l\u2019ombre, hydratez-vous, et \u00e9vitez les expositions prolong\u00e9es.<\/p>\n","protected":false},"excerpt":{"rendered":"Alors que la France traverse une intense vague de chaleur, la ville de Lyon est plac\u00e9e en vigilance&hellip;\n","protected":false},"author":2,"featured_media":222897,"comment_status":"","ping_status":"","sticky":false,"template":"","format":"standard","meta":{"footnotes":""},"categories":[1889],"tags":[1111,11,2813,2190,2430,1109,251,1112,2811,1777,674,118,1011,27,1922,1110,1114,2428,2810,12,241,316,25,2812,517,800],"class_list":{"0":"post-222896","1":"post","2":"type-post","3":"status-publish","4":"format-standard","5":"has-post-thumbnail","7":"category-lyon","8":"tag-actu","9":"tag-actualites","10":"tag-article","11":"tag-asvel","12":"tag-auvergne-rhone-alpes","13":"tag-breves","14":"tag-culture","15":"tag-depeches","16":"tag-economique","17":"tag-eu","18":"tag-europe","19":"tag-faits-divers","20":"tag-fr","21":"tag-france","22":"tag-info","23":"tag-informations","24":"tag-infos","25":"tag-lyon","26":"tag-lyonmag","27":"tag-news","28":"tag-ol","29":"tag-politique","30":"tag-republique-francaise","31":"tag-sociale","32":"tag-sport","33":"tag-transports"},"share_on_mastodon":{"url":"https:\/\/pubeurope.com\/@fr\/114788822094548744","error":""},"_links":{"self":[{"href":"https:\/\/www.europesays.com\/fr\/wp-json\/wp\/v2\/posts\/222896","targetHints":{"allow":["GET"]}}],"collection":[{"href":"https:\/\/www.europesays.com\/fr\/wp-json\/wp\/v2\/posts"}],"about":[{"href":"https:\/\/www.europesays.com\/fr\/wp-json\/wp\/v2\/types\/post"}],"author":[{"embeddable":true,"href":"https:\/\/www.europesays.com\/fr\/wp-json\/wp\/v2\/users\/2"}],"replies":[{"embeddable":true,"href":"https:\/\/www.europesays.com\/fr\/wp-json\/wp\/v2\/comments?post=222896"}],"version-history":[{"count":0,"href":"https:\/\/www.europesays.com\/fr\/wp-json\/wp\/v2\/posts\/222896\/revisions"}],"wp:featuredmedia":[{"embeddable":true,"href":"https:\/\/www.europesays.com\/fr\/wp-json\/wp\/v2\/media\/222897"}],"wp:attachment":[{"href":"https:\/\/www.europesays.com\/fr\/wp-json\/wp\/v2\/media?parent=222896"}],"wp:term":[{"taxonomy":"category","embeddable":true,"href":"https:\/\/www.europesays.com\/fr\/wp-json\/wp\/v2\/categories?post=222896"},{"taxonomy":"post_tag","embeddable":true,"href":"https:\/\/www.europesays.com\/fr\/wp-json\/wp\/v2\/tags?post=222896"}],"curies":[{"name":"wp","href":"https:\/\/api.w.org\/{rel}","templated":true}]}}