{"id":222900,"date":"2025-07-03T10:28:08","date_gmt":"2025-07-03T10:28:08","guid":{"rendered":"https:\/\/www.europesays.com\/fr\/222900\/"},"modified":"2025-07-03T10:28:08","modified_gmt":"2025-07-03T10:28:08","slug":"le-gagnant-de-top-chef-2025-inaugure-son-restaurant-un-festival-de-rock-linfo-a-midi-en-ile-de-france","status":"publish","type":"post","link":"https:\/\/www.europesays.com\/fr\/222900\/","title":{"rendered":"Le gagnant de Top Chef 2025 inaugure son restaurant, un festival de rock&#8230; L&rsquo;info \u00e0 midi en \u00cele-de-France"},"content":{"rendered":"<p>            Par<br \/>\n        <strong><br \/>\n            <a href=\"https:\/\/actu.fr\/auteur\/redaction-paris\" title=\"Consulter tous les articles de R\u00e9daction Paris\" target=\"_blank\" rel=\"noopener\">R\u00e9daction Paris<\/a><br \/>\n        <\/strong><\/p>\n<p>        Publi\u00e9 le<\/p>\n<p>            3 juil. 2025 \u00e0 11h54        <\/p>\n<p>La fra\u00eecheur est de retour en ce jeudi 3 juillet 2025. Que s\u2019est-il pass\u00e9 \u00e0 Paris et en \u00cele-de-France ? Voici l\u2019essentiel de l\u2019actualit\u00e9 \u00e0 midi : la Seine-et-Marne s\u2019appr\u00eate \u00e0 accueillir des l\u00e9gendes du rock, une ville du Val-d\u2019Oise avait devanc\u00e9 l\u2019interdiction de fumer dans les parcs et jardins publics\u00a0et dans les Hauts-de-Seine, le vainqueur de Top Chef 2025 inaugure son restaurant \u00e9ph\u00e9m\u00e8re.\u00a0<\/p>\n<p>Les informations \u00e0 retenir ce jeudi 3 juillet 2025, \u00e0 midi, en \u00cele-de-France<\/p>\n<p class=\"expresso-item wall-content\"><strong>Yvelines.<\/strong> <a title=\"Lire l&#039;article\" href=\"https:\/\/actu.fr\/ile-de-france\/clairefontaine-en-yvelines_78164\/yvelines-cet-espace-naturel-sensible-devient-un-nouvel-havre-de-paix-pour-la-biodiversite_62857144.html\" target=\"_blank\" rel=\"noopener\">Cet espace naturel sensible devient un nouvel havre de paix pour la biodiversit\u00e9<\/a><br \/>L\u2019espace naturel de la Poussarderie \u00e0 Clairefontaine-en-Yvelines a b\u00e9n\u00e9fici\u00e9 de travaux. La cr\u00e9ation d\u2019une roseli\u00e8re et d\u2019une prairie p\u00e2tur\u00e9e r\u00e9pond \u00e0 l\u2019accueil de la biodiversit\u00e9.<\/p>\n<p class=\"expresso-item wall-content\"><strong>Seine-et-Marne. <\/strong><a title=\"Lire l&#039;article\" href=\"https:\/\/actu.fr\/ile-de-france\/provins_77379\/ac-dc-dire-straits-deep-purple-ce-festival-en-plein-air-va-rendre-hommage-aux-legendes-du-rock_62853322.html\" target=\"_blank\" rel=\"noopener\">AC\/DC, Dire Straits, Deep Purple\u2026 ce festival en plein air va rendre hommage aux l\u00e9gendes du rock !<\/a><br \/>Le 4 juillet 2025, l\u2019esplanade du pavillon des Sports de Provins accueille la 5e \u00e9dition du festival Le Plein Air. Pr\u00e9parez-vous \u00e0 vivre une soir\u00e9e rock inoubliable !<\/p>\n<p class=\"expresso-item wall-content\"><strong>Val-d\u2019Oise. <\/strong><a title=\"Lire l&#039;article\" href=\"https:\/\/actu.fr\/ile-de-france\/argenteuil_95018\/espaces-sans-tabac-cette-ville-du-val-doise-a-ete-pionniere_62856233.html\" target=\"_blank\" rel=\"noopener\">Espaces sans tabac : cette ville a \u00e9t\u00e9 pionni\u00e8re<\/a><br \/>Depuis le 1er juillet, les plages, parcs et jardins publics, abords des \u00e9coles, abri de bus, \u00e9quipements sportifs sont des espaces sans tabac. Argenteuil avait pris les devants.<\/p>\n<p class=\"expresso-item wall-content\"><strong>Hauts-de-Seine. <\/strong><a title=\"Lire l&#039;article\" href=\"https:\/\/actu.fr\/ile-de-france\/asnieres-sur-seine_92004\/top-chef-2025-quentin-le-grand-vainqueur-ouvre-son-restaurant-ephemere-sur-une-peniche-des-hauts-de-seine_62850253.html\" target=\"_blank\" rel=\"noopener\">Top Chef 2025 : Quentin, grand vainqueur, ouvre son restaurant \u00e9ph\u00e9m\u00e8re sur une p\u00e9niche<\/a><br \/>Vainqueur de Top Chef 2025, Quentin Mauro, ouvre d\u00e8s ce jeudi 3 juillet son restaurant \u00e9ph\u00e9m\u00e8re sur une p\u00e9niche \u00e0 Asni\u00e8res-sur-Seine, avec le soutien des Bistrots Pas Parisiens.<\/p>\n<p class=\"expresso-item wall-content\"><strong>Seine-Saint-Denis.<\/strong> <a title=\"Lire l&#039;article\" href=\"https:\/\/actu.fr\/ile-de-france\/sevran_93071\/a-sevran-la-protection-des-quartiers-pavillonnaires-fatale-a-la-construction-de-logements-sociaux_62854570.html\" target=\"_blank\" rel=\"noopener\">\u00c0 Sevran, la protection des quartiers pavillonnaires fatale \u00e0 la construction de logements sociaux<\/a><br \/>Un promoteur immobilier a voulu construire 67 logements sociaux dans un quartier pr\u00e9serv\u00e9 de la commune. Devant le \u00ab\u00a0sursis \u00e0 statuer\u00a0\u00bb du maire, il a saisi la justice.<\/p>\n<p class=\"expresso-item wall-content\"><strong>Suivez-nous pour en savoir plus\u2009!<\/strong><br \/>Vous voulez plus d\u2019infos sur l\u2019\u00cele-de-France\u2009? Vous pouvez nous retrouver sur Actu \u00cele-de-France. Pour nous suivre sur les r\u00e9seaux sociaux, dans vos d\u00e9partements\u2009:<\/p>\n<p class=\" wall-content\"><strong>Paris<\/strong>\u2009: retrouvez\u00a0actu\u00a0Paris\u00a0sur\u00a0<a href=\"https:\/\/www.facebook.com\/actufr.paris\/\" target=\"_blank\" rel=\"noopener\">Facebook<\/a>\u00a0et\u00a0<a href=\"https:\/\/twitter.com\/actufrparis\" target=\"_blank\" rel=\"noopener\">Twitter<\/a>\u2009;<br \/><strong>Seine-et-Marne<\/strong>\u2009: retrouvez\u00a0La R\u00e9publique de Seine-et-Marne\u00a0(sud) sur\u00a0<a href=\"https:\/\/www.facebook.com\/RepubliqueSeineMarne\/\" target=\"_blank\" rel=\"noopener\">Facebook<\/a>\u00a0et\u00a0<a href=\"https:\/\/twitter.com\/LaRep77\" target=\"_blank\" rel=\"noopener\">Twitter<\/a>\u2009;\u00a0La Marne\u00a0(nord) sur\u00a0<a href=\"https:\/\/www.facebook.com\/journallarmarne\/?__tn__=%2Cd%2CP-R&amp;eid=ARDLZc91LaHbXzDwChLLLQJVMBLx_ABJremTC2-RG0CYvg0f4f8CLvbV5G1Lli4g_6QoXDcKkU1_LX1W\" target=\"_blank\" rel=\"noopener\">Facebook<\/a>\u00a0et\u00a0<a href=\"https:\/\/twitter.com\/JournalLaMarne\" target=\"_blank\" rel=\"noopener\">Twitter<\/a>\u2009; et\u00a0Le Pays Briard\u00a0sur\u00a0<a href=\"https:\/\/www.facebook.com\/LePaysBriard\/?ref=bookmarks\" target=\"_blank\" rel=\"noopener\">Facebook<\/a>\u00a0et\u00a0<a href=\"https:\/\/twitter.com\/LePaysBriard\" target=\"_blank\" rel=\"noopener\">Twitter<\/a>\u2009;<br \/><strong>Yvelines\u2009:<\/strong>\u00a0retrouvez\u00a078actu\u00a0sur\u00a0<a href=\"https:\/\/www.facebook.com\/78actu\/\" target=\"_blank\" rel=\"noopener\">Facebook<\/a>\u00a0et\u00a0<a href=\"https:\/\/x.com\/78actu\">Twitter<\/a>\u2009;<br \/><strong>Essonne\u2009:<\/strong>\u00a0retrouvez\u00a0actu Essonne\u00a0sur\u00a0<a href=\"https:\/\/www.facebook.com\/actuessonne\/?ref=br_rs\" target=\"_blank\" rel=\"noopener\">Facebook<\/a>\u00a0et\u00a0<a href=\"https:\/\/twitter.com\/ActuEssonne\" target=\"_blank\" rel=\"noopener\">Twitter<\/a>\u2009;<br \/><strong>Hauts-de-Seine\u2009:<\/strong>\u00a0retrouvez\u00a0actu\u00a0Hauts-de-Seine\u00a0sur\u00a0<a href=\"https:\/\/www.facebook.com\/actufr.hautsdeseine\/\" target=\"_blank\" rel=\"noopener\">Facebook<\/a>\u00a0et\u00a0<a href=\"https:\/\/twitter.com\/actufr92\" target=\"_blank\" rel=\"noopener\">Twitter<\/a>\u2009;<br \/><strong>Seine-Saint-Denis\u2009:<\/strong>\u00a0retrouvez actu Seine-Saint-Denis sur\u00a0<a href=\"https:\/\/www.facebook.com\/actufr.seinesaintdenis\/\" target=\"_blank\" rel=\"noopener\">Facebook<\/a>\u00a0et\u00a0<a href=\"https:\/\/x.com\/Actufr93\">Twitter<\/a>\u2009;<br \/><strong>Val-de-Marne\u2009:<\/strong>\u00a0retrouvez actu Val-de-Marne sur\u00a0<a href=\"https:\/\/www.facebook.com\/actu94.valdemarne\/\" target=\"_blank\" rel=\"noopener\">Facebook\u00a0<\/a>et\u00a0<a href=\"https:\/\/x.com\/actufr94\">Twitter\u2009<\/a>;<br \/><strong>Val-d\u2019Oise\u2009:<\/strong>\u00a0retrouvez La Gazette du Val-d\u2019Oise sur\u00a0<a href=\"https:\/\/x.com\/actufr94\">Twitter<\/a><\/p>\n<p class=\" wall-content\">Suivez toute l\u2019actualit\u00e9 de vos villes et m\u00e9dias favoris en vous inscrivant \u00e0 <a href=\"https:\/\/moncompte.actu.fr\" title=\"D\u00e9couvez Mon Actu\" rel=\"nofollow noopener\" data-trk=\"{&quot;cta&quot;:{&quot;action&quot;:&quot;https:\\\/\\\/moncompte.actu.fr&quot;,&quot;category&quot;:&quot;mon compte&quot;,&quot;from&quot;:&quot;article footer&quot;,&quot;name&quot;:&quot;Mon actu&quot;,&quot;type&quot;:&quot;cta&quot;}}\" target=\"_blank\">Mon Actu<\/a>.<\/p>\n<p>                    <script async src=\"https:\/\/platform.twitter.com\/widgets.js\" charset=\"utf-8\"><\/script><\/p>\n","protected":false},"excerpt":{"rendered":"Par R\u00e9daction Paris Publi\u00e9 le 3 juil. 2025 \u00e0 11h54 La fra\u00eecheur est de retour en ce jeudi&hellip;\n","protected":false},"author":2,"featured_media":222901,"comment_status":"","ping_status":"","sticky":false,"template":"","format":"standard","meta":{"footnotes":""},"categories":[1592],"tags":[1111,11,1867,1777,674,1011,27,662,12,626,25,1340,104,492],"class_list":{"0":"post-222900","1":"post","2":"type-post","3":"status-publish","4":"format-standard","5":"has-post-thumbnail","7":"category-ile-de-france","8":"tag-actu","9":"tag-actualites","10":"tag-animaux","11":"tag-eu","12":"tag-europe","13":"tag-fr","14":"tag-france","15":"tag-ile-de-france","16":"tag-news","17":"tag-paris","18":"tag-republique-francaise","19":"tag-restaurant","20":"tag-societe","21":"tag-top-chef"},"share_on_mastodon":{"url":"https:\/\/pubeurope.com\/@fr\/114788834367585260","error":""},"_links":{"self":[{"href":"https:\/\/www.europesays.com\/fr\/wp-json\/wp\/v2\/posts\/222900","targetHints":{"allow":["GET"]}}],"collection":[{"href":"https:\/\/www.europesays.com\/fr\/wp-json\/wp\/v2\/posts"}],"about":[{"href":"https:\/\/www.europesays.com\/fr\/wp-json\/wp\/v2\/types\/post"}],"author":[{"embeddable":true,"href":"https:\/\/www.europesays.com\/fr\/wp-json\/wp\/v2\/users\/2"}],"replies":[{"embeddable":true,"href":"https:\/\/www.europesays.com\/fr\/wp-json\/wp\/v2\/comments?post=222900"}],"version-history":[{"count":0,"href":"https:\/\/www.europesays.com\/fr\/wp-json\/wp\/v2\/posts\/222900\/revisions"}],"wp:featuredmedia":[{"embeddable":true,"href":"https:\/\/www.europesays.com\/fr\/wp-json\/wp\/v2\/media\/222901"}],"wp:attachment":[{"href":"https:\/\/www.europesays.com\/fr\/wp-json\/wp\/v2\/media?parent=222900"}],"wp:term":[{"taxonomy":"category","embeddable":true,"href":"https:\/\/www.europesays.com\/fr\/wp-json\/wp\/v2\/categories?post=222900"},{"taxonomy":"post_tag","embeddable":true,"href":"https:\/\/www.europesays.com\/fr\/wp-json\/wp\/v2\/tags?post=222900"}],"curies":[{"name":"wp","href":"https:\/\/api.w.org\/{rel}","templated":true}]}}