{"id":222911,"date":"2025-07-03T10:34:13","date_gmt":"2025-07-03T10:34:13","guid":{"rendered":"https:\/\/www.europesays.com\/fr\/222911\/"},"modified":"2025-07-03T10:34:13","modified_gmt":"2025-07-03T10:34:13","slug":"en-direct-guerre-en-ukraine-moscou-revendique-la-prise-dune-localite-a-la-frontiere","status":"publish","type":"post","link":"https:\/\/www.europesays.com\/fr\/222911\/","title":{"rendered":"EN DIRECT &#8211; Guerre en Ukraine : Moscou revendique la prise d&rsquo;une localit\u00e9 \u00e0 la fronti\u00e8re"},"content":{"rendered":"<ul class=\"jsx-862013697 ArticleChapo__List\">\n<li class=\"jsx-862013697 ArticleChapo__List_Item flex\">La Russie revendique la prise d&rsquo;une petite localit\u00e9 dans la r\u00e9gion de Kharkiv, dans le nord-est de l&rsquo;Ukraine.<\/li>\n<li class=\"jsx-862013697 ArticleChapo__List_Item flex\">Kiev n&rsquo;a pour l&rsquo;heure pas comment\u00e9 cette revendication.<\/li>\n<li class=\"jsx-862013697 ArticleChapo__List_Item flex\">Suivez les derni\u00e8res informations.<\/li>\n<\/ul>\n<p><a href=\"https:\/\/www.tf1info.fr\/actualite\/invasion-de-l-ukraine-par-la-russie-une-guerre-qui-dure-12951\/\" rel=\"noopener\" class=\"jsx-484472199 Link jsx-1428418400 jsx-554215408\" target=\"_blank\"><\/p>\n<p style=\"font-weight:400\" class=\"jsx-1837267516\">Suivez la couverture compl\u00e8te<\/p>\n<p style=\"font-weight:800\" class=\"jsx-1837267516\">Ukraine : 4\u1d49 ann\u00e9e de guerre<\/p>\n<p><\/a>Les \u00e9l\u00e9ments marquantsMOSCOU REVENDIQUE LA PRISE D&rsquo;UN VILLAGE12:28<\/p>\n<p>La Russie revendique la prise d&rsquo;une petite localit\u00e9 dans la r\u00e9gion de Kharkiv, dans le nord-est de l&rsquo;Ukraine, \u00e0 la fronti\u00e8re entre les deux pays. Une conqu\u00eate ouvrant potentiellement un nouveau front au moment o\u00f9 les forces de Moscou intensifient leurs attaques.<\/p>\n<p>\u00ab\u00a0La localit\u00e9 de M\u00e9lovo\u00ef\u00e9 (Milov\u00e9 en ukrainien, ndlr) a \u00e9t\u00e9 lib\u00e9r\u00e9e\u00a0\u00bb, a simplement indiqu\u00e9 dans un communiqu\u00e9 le minist\u00e8re russe de la D\u00e9fense.\u00a0<\/p>\n<p>De son c\u00f4t\u00e9, l&rsquo;\u00e9tat-major de l&rsquo;arm\u00e9e ukrainienne avait affirm\u00e9 dans son rapport matinal que les forces russes avaient \u00ab\u00a0tent\u00e9\u00a0\u00bb mercredi de percer leurs d\u00e9fenses dans cette zone, sans donner plus de d\u00e9tails. Kiev n&rsquo;a pour le moment pas comment\u00e9 la revendication russe.<\/p>\n<p>Minute par minuteMOSCOU REVENDIQUE LA PRISE D&rsquo;UN VILLAGE12:28<\/p>\n<p>La Russie revendique la prise d&rsquo;une petite localit\u00e9 dans la r\u00e9gion de Kharkiv, dans le nord-est de l&rsquo;Ukraine, \u00e0 la fronti\u00e8re entre les deux pays. Une conqu\u00eate ouvrant potentiellement un nouveau front au moment o\u00f9 les forces de Moscou intensifient leurs attaques.<\/p>\n<p>\u00ab\u00a0La localit\u00e9 de M\u00e9lovo\u00ef\u00e9 (Milov\u00e9 en ukrainien, ndlr) a \u00e9t\u00e9 lib\u00e9r\u00e9e\u00a0\u00bb, a simplement indiqu\u00e9 dans un communiqu\u00e9 le minist\u00e8re russe de la D\u00e9fense.\u00a0<\/p>\n<p>De son c\u00f4t\u00e9, l&rsquo;\u00e9tat-major de l&rsquo;arm\u00e9e ukrainienne avait affirm\u00e9 dans son rapport matinal que les forces russes avaient \u00ab\u00a0tent\u00e9\u00a0\u00bb mercredi de percer leurs d\u00e9fenses dans cette zone, sans donner plus de d\u00e9tails. Kiev n&rsquo;a pour le moment pas comment\u00e9 la revendication russe.<\/p>\n<p>WASHINGTON L\u00c2CHE L&rsquo;UKRAINE ET MINIMISE06:20<\/p>\n<p>L&rsquo;Ukraine a appel\u00e9 mercredi les Etats-Unis \u00e0 maintenir un soutien militaire \u00ab\u00a0continu\u00a0\u00bb apr\u00e8s l&rsquo;annonce surprise de l&rsquo;arr\u00eat de la livraison de certaines armes \u00e0 Kiev, Washington minimisant pour sa part cette pause.<\/p>\n<p>Mardi, de fa\u00e7on inattendue, le gouvernement de Trump a annonc\u00e9 avoir cess\u00e9 de fournir certaines armes \u00e0 Kiev, officiellement en raison d&rsquo;une inqui\u00e9tude quant \u00e0 la baisse des stocks de munitions des \u00c9tats-Unis &#8211; le premier soutien militaire de l&rsquo;Ukraine depuis le d\u00e9but de l&rsquo;invasion russe en f\u00e9vrier 2022.\u00a0<\/p>\n<p>Des responsables am\u00e9ricains se sont efforc\u00e9s mercredi de minimiser l&rsquo;impact de cette mesure sans donner plus de d\u00e9tail. \u00ab\u00a0Le minist\u00e8re de la D\u00e9fense continue de proposer au pr\u00e9sident des options solides concernant l&rsquo;aide militaire \u00e0 l&rsquo;Ukraine, conform\u00e9ment \u00e0 son objectif de mettre fin \u00e0 cette guerre tragique\u00a0\u00bb, a d\u00e9clar\u00e9 mercredi \u00e0 la presse Sean Parnell, porte-parole du Pentagone. La porte-parole du d\u00e9partement d&rsquo;\u00c9tat, Tammy Bruce, interrog\u00e9e \u00e0 ce sujet lors d&rsquo;un briefing, a pour sa part d\u00e9clar\u00e9 qu'\u00a0\u00bbil ne s&rsquo;agi(ssait) pas d&rsquo;une cessation de l&rsquo;aide am\u00e9ricaine \u00e0 l&rsquo;Ukraine ou de la fourniture d&rsquo;armes\u00a0\u00bb, mais d'\u00a0\u00bbun \u00e9v\u00e9nement unique\u00a0\u00bb.<\/p>\n<p>LA RUSSIE FRAPP\u00c9E06:18<\/p>\n<p>Des frappes de drones ukrainiens ont fait un mort et deux bless\u00e9s dans la r\u00e9gion russe de Lipetsk, \u00e0 environ 400 km au sud-est de Moscou, ont annonc\u00e9 les autorit\u00e9s locales t\u00f4t ce matin. \u00ab\u00a0Des d\u00e9bris de drone sont tomb\u00e9s sur un immeuble r\u00e9sidentiel priv\u00e9 dans le district de Lipetsk\u00a0\u00bb, a indiqu\u00e9 le gouverneur de la r\u00e9gion du m\u00eame nom, Igor Artamonov, sur Telegram. \u00a0\u00ab\u00a0Une femme n\u00e9e en 1954 qui vivait dans le b\u00e2timent est d\u00e9c\u00e9d\u00e9e. Deux autres personnes ont \u00e9t\u00e9 bless\u00e9es\u00a0\u00bb, a-t-il ajout\u00e9.<\/p>\n<p>Des drones ont aussi provoqu\u00e9 un incendie sur le territoire d&rsquo;une entreprise de la ville de Ielets &#8211; dans la m\u00eame r\u00e9gion o\u00f9 se situent plusieurs complexes industriels &#8211; sans faire de victime, a indiqu\u00e9 le gouverneur.<\/p>\n<p data-module=\"article-paragraph\" class=\"jsx-3046738180 Paragraph\">Des responsables am\u00e9ricains se sont efforc\u00e9s de minimiser mercredi l&rsquo;annonce de la Maison Blanche selon laquelle Washington suspendait <a href=\"https:\/\/www.tf1info.fr\/international\/washington-etats-unis-stoppe-des-livraisons-d-armes-a-l-ukraine-qui-dit-ne-pas-avoir-ete-informe-2380462.html\" target=\"_blank\" rel=\"noopener\">certaines livraisons d&rsquo;armes \u00e0 l&rsquo;Ukraine<\/a>, affirmant que le pr\u00e9sident Donald Trump disposait toujours d&rsquo;options militaires \u00ab\u00a0robustes\u00a0\u00bb pour venir en aide \u00e0 Kiev.<\/p>\n<p data-module=\"article-paragraph\" class=\"jsx-3046738180 Paragraph Paragraph__End\">\u00ab\u00a0Le minist\u00e8re de la D\u00e9fense continue de proposer au pr\u00e9sident des options solides concernant l&rsquo;aide militaire \u00e0 l&rsquo;Ukraine, conform\u00e9ment \u00e0 son objectif de mettre fin \u00e0 cette guerre tragique\u00a0\u00bb, a d\u00e9clar\u00e9 \u00e0 la presse Sean Parnell, porte-parole du Pentagone. Il a pr\u00e9cis\u00e9 que le d\u00e9partement \u00ab\u00a0examine et adapte rigoureusement son approche pour atteindre cet objectif tout en pr\u00e9servant l&rsquo;\u00e9tat de pr\u00e9paration de l&rsquo;arm\u00e9e am\u00e9ricaine et les priorit\u00e9s en mati\u00e8re de d\u00e9fense\u00a0\u00bb. Mardi, de fa\u00e7on inattendue, l&rsquo;administration Trump a annonc\u00e9 avoir <a href=\"https:\/\/www.tf1info.fr\/international\/systemes-patriot-et-blindes-legers-les-etats-unis-et-l-allemagne-renforcent-leur-soutien-a-l-ukraine-en-contre-contre-russie-2244069.html\" target=\"_blank\" rel=\"noopener\">cess\u00e9 de livrer certaines armes \u00e0 Kiev<\/a>, officiellement en raison de l&rsquo;inqui\u00e9tude quant \u00e0 la baisse des stocks de munitions am\u00e9ricains.<\/p>\n<p data-module=\"article-paragraph\" class=\"jsx-3046738180 Paragraph\">\u00ab\u00a0Cette d\u00e9cision a \u00e9t\u00e9 prise pour mettre les int\u00e9r\u00eats de l&rsquo;Am\u00e9rique en premier\u00a0\u00bb, s&rsquo;est justifi\u00e9 la Maison Blanche.<br \/>Les \u00c9tats-Unis sont le premier soutien militaire de l&rsquo;Ukraine depuis le d\u00e9but de l&rsquo;invasion russe en f\u00e9vrier 2022. D&rsquo;apr\u00e8s Politico et d&rsquo;autres m\u00e9dias am\u00e9ricains, l&rsquo;arr\u00eat des livraisons \u00e0 Kiev concerne notamment les syst\u00e8mes de d\u00e9fense a\u00e9rienne Patriot, l&rsquo;artillerie de pr\u00e9cision et les missiles Hellfire.<\/p>\n<p data-module=\"article-paragraph\" class=\"jsx-3046738180 Paragraph Paragraph__End\">\u00ab\u00a0Il ne s&rsquo;agit pas d&rsquo;une cessation de l&rsquo;<a href=\"https:\/\/www.tf1info.fr\/international\/guerre-ukraine-russie-washington-coupe-les-vivres-a-kiev-les-armes-qui-pourraient-bientot-manquer-a-l-ukraine-2380502.html\" target=\"_blank\" rel=\"noopener\">aide am\u00e9ricaine \u00e0 l&rsquo;Ukraine<\/a> ou de la fourniture d&rsquo;armes. Il s&rsquo;agit d&rsquo;un \u00e9v\u00e9nement unique\u00a0\u00bb, a pour sa part d\u00e9clar\u00e9 la porte-parole du d\u00e9partement d&rsquo;\u00c9tat, Tammy Bruce, interrog\u00e9e \u00e0 ce sujet lors d&rsquo;un briefing. Elle a \u00e9galement sembl\u00e9 \u00e9carter la notion selon laquelle Kiev n&rsquo;aurait pas \u00e9t\u00e9 pr\u00e9venue de cette pause dans les livraisons, indiquant que \u00ab\u00a0cette conversation a clairement eu lieu\u00a0\u00bb.<\/p>\n<p><a href=\"https:\/\/www.tf1info.fr\/international\/ukraine-iran-emmanuel-macron-et-vladimir-poutine-ont-echange-au-telephone-une-premiere-depuis-2022-2380306.html\" rel=\"noopener\" class=\"jsx-3308031228 Link flex\" target=\"_blank\"><img decoding=\"async\" src=\"https:\/\/www.europesays.com\/fr\/wp-content\/uploads\/2025\/07\/macron-poutine-2019-43106a-1@1x.jpeg\" alt=\"CHARLES PLATIAU \/ POOL \/ AFP\" loading=\"lazy\" importance=\"low\" fetchpriority=\"low\" class=\"\" aria-hidden=\"true\"\/><\/p>\n<p class=\"jsx-3657663356 ReadMoreArticle__Title\">Lire aussi<\/p>\n<p class=\"jsx-3657663356\">Macron et Poutine ont \u00e9chang\u00e9 au t\u00e9l\u00e9phone, une premi\u00e8re depuis 2022<\/p>\n<p><\/a><\/p>\n<p data-module=\"article-paragraph\" class=\"jsx-3046738180 Paragraph Paragraph__End\">Le pr\u00e9sident am\u00e9ricain avait rencontr\u00e9 son homologue ukrainien Volodymyr Zelensky en marge du sommet de l&rsquo;Otan \u00e0 La Haye la semaine derni\u00e8re, disant notamment comprendre que les Ukrainiens \u00ab\u00a0veuillent\u00a0\u00bb des Patriot. Les deux dirigeants entretiennent des relations compliqu\u00e9es depuis une altercation verbale fin f\u00e9vrier dans le Bureau ovale \u00e0 la Maison Blanche.<br \/>Donald Trump, qui s&rsquo;est rapproch\u00e9 de la Russie de Vladimir Poutine, s&rsquo;efforce en vain, pour l&rsquo;instant, d&rsquo;obtenir un cessez-le-feu entre Kiev et Moscou.<\/p>\n<p>La r\u00e9daction de TF1info<\/p>\n","protected":false},"excerpt":{"rendered":"La Russie revendique la prise d&rsquo;une petite localit\u00e9 dans la r\u00e9gion de Kharkiv, dans le nord-est de l&rsquo;Ukraine.&hellip;\n","protected":false},"author":2,"featured_media":222912,"comment_status":"","ping_status":"","sticky":false,"template":"","format":"standard","meta":{"footnotes":""},"categories":[1590],"tags":[1111,11,1921,75,1777,674,28083,1922,1916,12,132,220,1917,133,1920,135,134],"class_list":{"0":"post-222911","1":"post","2":"type-post","3":"status-publish","4":"format-standard","5":"has-post-thumbnail","7":"category-ukraine","8":"tag-actu","9":"tag-actualites","10":"tag-article-video","11":"tag-donald-trump","12":"tag-eu","13":"tag-europe","14":"tag-guerre-en-ukraine-une-treve-sera-t-elle-possible","15":"tag-info","16":"tag-moscou","17":"tag-news","18":"tag-russie","19":"tag-ukraine","20":"tag-ukraine-4-annee-de-guerre","21":"tag-video","22":"tag-video-international","23":"tag-vladimir-poutine","24":"tag-volodymyr-zelensky"},"share_on_mastodon":{"url":"https:\/\/pubeurope.com\/@fr\/114788857693726115","error":""},"_links":{"self":[{"href":"https:\/\/www.europesays.com\/fr\/wp-json\/wp\/v2\/posts\/222911","targetHints":{"allow":["GET"]}}],"collection":[{"href":"https:\/\/www.europesays.com\/fr\/wp-json\/wp\/v2\/posts"}],"about":[{"href":"https:\/\/www.europesays.com\/fr\/wp-json\/wp\/v2\/types\/post"}],"author":[{"embeddable":true,"href":"https:\/\/www.europesays.com\/fr\/wp-json\/wp\/v2\/users\/2"}],"replies":[{"embeddable":true,"href":"https:\/\/www.europesays.com\/fr\/wp-json\/wp\/v2\/comments?post=222911"}],"version-history":[{"count":0,"href":"https:\/\/www.europesays.com\/fr\/wp-json\/wp\/v2\/posts\/222911\/revisions"}],"wp:featuredmedia":[{"embeddable":true,"href":"https:\/\/www.europesays.com\/fr\/wp-json\/wp\/v2\/media\/222912"}],"wp:attachment":[{"href":"https:\/\/www.europesays.com\/fr\/wp-json\/wp\/v2\/media?parent=222911"}],"wp:term":[{"taxonomy":"category","embeddable":true,"href":"https:\/\/www.europesays.com\/fr\/wp-json\/wp\/v2\/categories?post=222911"},{"taxonomy":"post_tag","embeddable":true,"href":"https:\/\/www.europesays.com\/fr\/wp-json\/wp\/v2\/tags?post=222911"}],"curies":[{"name":"wp","href":"https:\/\/api.w.org\/{rel}","templated":true}]}}