{"id":222915,"date":"2025-07-03T10:36:19","date_gmt":"2025-07-03T10:36:19","guid":{"rendered":"https:\/\/www.europesays.com\/fr\/222915\/"},"modified":"2025-07-03T10:36:19","modified_gmt":"2025-07-03T10:36:19","slug":"royaume-uni-la-croissance-accelere-dans-les-services-pmi","status":"publish","type":"post","link":"https:\/\/www.europesays.com\/fr\/222915\/","title":{"rendered":"Royaume-Uni : la croissance acc\u00e9l\u00e8re dans les services (PMI)"},"content":{"rendered":"<p>                    La croissance a acc\u00e9l\u00e9r\u00e9 dans le secteur britannique des services au mois de juin, selon les r\u00e9sultats d\u00e9finitifs de l&rsquo;enqu\u00eate PMI r\u00e9alis\u00e9e par S&amp;P Global aupr\u00e8s des directeurs d&rsquo;achat au Royaume-Uni.<\/p>\n<p>Son indice est ainsi ressorti \u00e0 52,8 en juin, contre 50,9 en mai et 51,1 en version pr\u00e9liminaire &lsquo;flash&rsquo;.<\/p>\n<p>Il s&rsquo;agit d&rsquo;un plus bas de dix mois.<\/p>\n<p>Dans son communiqu\u00e9, S&amp;P Global Market Intelligence met en avant un rythme de croissance &lsquo;solide&rsquo;, quoiqu&rsquo;encore inf\u00e9rieur \u00e0 sa moyenne de long terme de 54,3.<\/p>\n<p>&lsquo;Les donn\u00e9es du mois de juin t\u00e9moignent d&rsquo;un rebond mod\u00e9r\u00e9 de la croissance du secteur tertiaire, sous l&rsquo;impulsion d&rsquo;un redressement de l&rsquo;activit\u00e9 domestique et de la consommation apr\u00e8s l&rsquo;acc\u00e8s de faiblesse observ\u00e9 au printemps&rsquo;, commente Tim Moore, \u00e9conomiste au cabinet de recherche.<\/p>\n<p>S&amp;P Global fait par ailleurs remarquer que les nouvelles commandes ont progress\u00e9 pour la premi\u00e8re fois en trois mois et que l&rsquo;inflation constat\u00e9 au niveau des prix de ventes est revenue \u00e0 son plus bas niveau depuis f\u00e9vrier 2021.<\/p>\n<p>Copyright (c) 2025 CercleFinance.com. Tous droits r\u00e9serv\u00e9s.<\/p>\n","protected":false},"excerpt":{"rendered":"La croissance a acc\u00e9l\u00e9r\u00e9 dans le secteur britannique des services au mois de juin, selon les r\u00e9sultats d\u00e9finitifs&hellip;\n","protected":false},"author":2,"featured_media":48534,"comment_status":"","ping_status":"","sticky":false,"template":"","format":"standard","meta":{"footnotes":""},"categories":[1588],"tags":[11,340,1777,674,12,473,1853,1851,1850,1852],"class_list":{"0":"post-222915","1":"post","2":"type-post","3":"status-publish","4":"format-standard","5":"has-post-thumbnail","7":"category-royaume-uni","8":"tag-actualites","9":"tag-bourse","10":"tag-eu","11":"tag-europe","12":"tag-news","13":"tag-royaume-uni","14":"tag-royaume-uni-de-grande-bretagne-et-dirlande-du-nord","15":"tag-uk","16":"tag-united-kingdom","17":"tag-united-kingdom-of-great-britain-and-northern-ireland"},"share_on_mastodon":{"url":"https:\/\/pubeurope.com\/@fr\/114788865518075470","error":""},"_links":{"self":[{"href":"https:\/\/www.europesays.com\/fr\/wp-json\/wp\/v2\/posts\/222915","targetHints":{"allow":["GET"]}}],"collection":[{"href":"https:\/\/www.europesays.com\/fr\/wp-json\/wp\/v2\/posts"}],"about":[{"href":"https:\/\/www.europesays.com\/fr\/wp-json\/wp\/v2\/types\/post"}],"author":[{"embeddable":true,"href":"https:\/\/www.europesays.com\/fr\/wp-json\/wp\/v2\/users\/2"}],"replies":[{"embeddable":true,"href":"https:\/\/www.europesays.com\/fr\/wp-json\/wp\/v2\/comments?post=222915"}],"version-history":[{"count":0,"href":"https:\/\/www.europesays.com\/fr\/wp-json\/wp\/v2\/posts\/222915\/revisions"}],"wp:featuredmedia":[{"embeddable":true,"href":"https:\/\/www.europesays.com\/fr\/wp-json\/wp\/v2\/media\/48534"}],"wp:attachment":[{"href":"https:\/\/www.europesays.com\/fr\/wp-json\/wp\/v2\/media?parent=222915"}],"wp:term":[{"taxonomy":"category","embeddable":true,"href":"https:\/\/www.europesays.com\/fr\/wp-json\/wp\/v2\/categories?post=222915"},{"taxonomy":"post_tag","embeddable":true,"href":"https:\/\/www.europesays.com\/fr\/wp-json\/wp\/v2\/tags?post=222915"}],"curies":[{"name":"wp","href":"https:\/\/api.w.org\/{rel}","templated":true}]}}