{"id":222916,"date":"2025-07-03T10:37:09","date_gmt":"2025-07-03T10:37:09","guid":{"rendered":"https:\/\/www.europesays.com\/fr\/222916\/"},"modified":"2025-07-03T10:37:09","modified_gmt":"2025-07-03T10:37:09","slug":"la-diaspora-togolaise-en-allemagne-fait-entendre-sa-voix-dw-03-07-2025","status":"publish","type":"post","link":"https:\/\/www.europesays.com\/fr\/222916\/","title":{"rendered":"La diaspora togolaise en Allemagne fait entendre sa voix \u2013 DW \u2013 03\/07\/2025"},"content":{"rendered":"<p>\u00ab\u00a0Freetogo\u00a0\u00bb et \u00ab\u00a0Faure muss weg\u00a0\u00bb, qui signifient \u00ab\u00a0<a class=\"internal-link\" href=\"https:\/\/www.dw.com\/fr\/togo\/t-19237057\" rel=\"nofollow noopener\" target=\"_blank\">Togo<\/a> libre\u00a0\u00bb et \u00ab\u00a0Faure doit partir\u00a0\u00bb, \u00e9taient les slogans de cette manifestation de ces\u00a0Togolais qui appellent \u00e0 l&rsquo;arr\u00eat imm\u00e9diat\u00a0\u00ab\u00a0des violences qui ne datent pas d&rsquo;aujourd&rsquo;hui\u00a0\u00bb des forces de l&rsquo;ordre et \u00e0 la fin des arrestations des voix critiques du pouvoir.<\/p>\n<p>\u00ab\u00a0Toutes ces images qu&rsquo;on a vues, qu&rsquo;on a dig\u00e9r\u00e9es, qu&rsquo;on a tent\u00e9 de pardonner, qui reviennent encore nous mettent\u00a0vraiment en col\u00e8re\u00a0\u00bb a expliqu\u00e9 l&rsquo;un des manifestants.<\/p>\n<p>Selon lui \u00ab\u00a0pour b\u00e2tir une nation, on a besoin de tous.On est des fr\u00e8res et des s\u0153urs pour b\u00e2tir la nation\u00a0\u00bb.<\/p>\n<p>Pour une\u00a0togolaise\u00a0de la diaspora qui \u00e9tait dans la manifestation, il \u00e9tait important pour elle d&rsquo;\u00eatre pr\u00e9sente car a-t-elle dit \u00ab\u00a0m\u00eame si je suis loin\u00a0des \u00e9v\u00e9nements, des manifestations au Togo,\u00a0je dois quand m\u00eame faire quelque chose\u00a0\u00bb, et manifester en Allemagne est ce qu&rsquo;elle pouvait faire.<\/p>\n<p>\u00ab\u00a0Il n&rsquo; y a pas beaucoup d&rsquo;Allemands qui connaissent le pays et du coup c&rsquo;est bien d&rsquo;\u00eatre l\u00e0 pour montrer aux gens que ce qui se passe au Togo \u00e7a nous concerne aussi\u00a0\u00bb \u00e0 pour sa part expliqu\u00e9\u00a0une autre manifestante.<\/p>\n<p><img data-format=\"MASTER_LANDSCAPE\" data-id=\"73138076\" data-url=\"https:\/\/static.dw.com\/image\/73138076_${formatId}.jpg\" data-aspect-ratio=\"16\/9\" alt=\"Des manifestants avec un drapeau togolais\" style=\"padding-bottom: 56.25%; height: 0; max-height: 0;\"\/>Les manifestants avaient le soutien de leurs amis allemands.Image : Bob Barry\/DW<\/p>\n<p>Du soutien\u00a0<\/p>\n<p>Il n&rsquo; y avait pas que des Togolais mobilis\u00e9s lors de la manifestation \u00e0 Cologne, les organisateurs \u00e9taient aussi soutenus par leurs amis allemands et africains qui ont contribu\u00e9 \u00e0 <a class=\"internal-link\" href=\"https:\/\/www.dw.com\/fr\/togo-contestation-numerique\/a-73097962\" rel=\"nofollow noopener\" target=\"_blank\">la mobilisation<\/a>.<\/p>\n<p>\u00ab\u00a0J&rsquo;ai fait un an au Togo et j&rsquo;ai vu le pays et comment le pays m&rsquo;a trait\u00e9 et comment les gens du pays m&rsquo;ont trait\u00e9 et c&rsquo;\u00e9tait trop bien.<\/p>\n<p>Et j&rsquo;adore le Togo et en plus mon mari est du Togo donc j&rsquo;ai ma famille l\u00e0-bas. C&rsquo;est comme ma deuxi\u00e8me\u00a0maison\u00a0\u00bb a expliqu\u00e9 une allemande pr\u00e9sente \u00e0\u00a0la manifestation.<\/p>\n<p>\u00ab\u00a0L&rsquo;Afrique c&rsquo;est\u00a0un peuple. Et s&rsquo;il y a l&rsquo;injustice, si moi je vois l&rsquo;injustice dans un autre pays, moi aussi j&rsquo;ai la responsabilit\u00e9 de juste \u00eatre l\u00e0 pour mes fr\u00e8res et s\u0153urs, comme eux\u00a0ils vont \u00eatre l\u00e0 pour moi et c&rsquo;est aussi\u00a0l&rsquo;id\u00e9e du Panafricanisme\u00a0\u00bb a d\u00e9clar\u00e9 pour sa part\u00a0une autre manifestante qui dit esp\u00e9rer que \u00ab\u00a0l&rsquo;Afrique va \u00eatre libre un jour\u00a0\u00bb.<\/p>\n<p>Demande d&rsquo;une enqu\u00eate internationale<\/p>\n<p>Protectorat allemand\u00a0puis colonie fran\u00e7aise jusqu&rsquo;\u00e0 son ind\u00e9pendance en 1960, le Togo\u00a0a sign\u00e9 en 2009 un partenariat de d\u00e9fense avec la France dont il demeure dans la sous r\u00e9gion ouest africaine un alli\u00e9.<\/p>\n<p>Face aux accusations de violences lors des manifestations, la France a appel\u00e9 le mercredi 2 juillet les autorit\u00e9s du Togo \u00ab\u00a0\u00e0 faire toute la lumi\u00e8re sur les\u00a0accusations de torture\u00a0\u00bb, apr\u00e8s la mort de sept personnes durant <a class=\"internal-link\" href=\"https:\/\/www.dw.com\/fr\/manifestations-contre-faure-gnassingbe-a-lom\u00e9\/a-73054926\" rel=\"nofollow noopener\" target=\"_blank\">les manifestations contre le pouvoir<\/a> dans la capitale Lom\u00e9.<br \/>Interpell\u00e9 par le d\u00e9put\u00e9 de gauche Aur\u00e9lien Tach\u00e9 lors d&rsquo;une audition parlementaire le ministre fran\u00e7ais des Affaires \u00e9trang\u00e8res Jean-No\u00ebl Barrot a expliqu\u00e9 que \u00ab\u00a0s&rsquo;agissant des all\u00e9gations de torture\u00a0\u00bb la France appelle \u00ab\u00a0les autorit\u00e9s togolaises \u00e0 faire toute la lumi\u00e8re sur ces accusations\u00a0\u00bb.<\/p>\n<p><img data-format=\"MASTER_LANDSCAPE\" data-id=\"73076982\" data-url=\"https:\/\/static.dw.com\/image\/73076982_${formatId}.jpg\" data-aspect-ratio=\"16\/9\" alt=\"Des policiers dans les rues de Lom\u00e9\" style=\"padding-bottom: 56.25%; height: 0; max-height: 0;\"\/>Les manifestations de juin ont \u00e9t\u00e9 r\u00e9prim\u00e9es par les forces de l&rsquo;ordre.Image : Erick Kaglan\/AP\/picture alliance<\/p>\n<p>Le front \u00ab\u00a0Touche pas \u00e0 ma Constitution\u00a0\u00bb, qui regroupe partis d&rsquo;opposition et mouvements de la soci\u00e9t\u00e9 civile, a r\u00e9clam\u00e9 une \u00ab\u00a0enqu\u00eate internationale\u00a0\u00bb sur ces d\u00e9c\u00e8s, affirmant \u00ab\u00a0qu&rsquo;\u00e0 chaque fois qu&rsquo;il y a de la r\u00e9pression et qu&rsquo;il y a des morts et des bless\u00e9s graves, le r\u00e9gime lance des enqu\u00eates, mais nous n&rsquo;avons jamais les r\u00e9sultats de ces enqu\u00eates\u00a0\u00bb.<br \/>Selon le \u00ab\u00a0Front citoyen Togo Debout\u00a0\u00bb\u00a0des corps ont \u00e9t\u00e9 rep\u00each\u00e9s dans des cours d&rsquo;eau de la capitale. L&rsquo;organisation\u00a0d\u00e9nonce des \u00ab\u00a0<a class=\"internal-link\" href=\"https:\/\/www.dw.com\/fr\/togo-manifestation-faure-gnassingb\u00e9-amnesty-international\/a-73097688\" rel=\"nofollow noopener\" target=\"_blank\">exactions commises par des \u00e9l\u00e9ments des forces de l&rsquo;ordre et des miliciens<\/a>\u00a0\u00bb en marge des manifestations.\u00a0Pour les autorit\u00e9s togolaises qui \u00e9voquent\u00a0des morts \u00ab\u00a0par noyade\u00a0\u00bb il s&rsquo;agit\u00a0de\u00a0\u00ab\u00a0tentatives de r\u00e9cup\u00e9ration malheureuses\u00a0\u00bb.<\/p>\n<p>Les manifestants au Togo protestent contre des arrestations de voix critiques, la hausse du prix de l&rsquo;\u00e9lectricit\u00e9 et une r\u00e9forme constitutionnelle qui permet au <a class=\"internal-link\" href=\"https:\/\/www.dw.com\/fr\/faure-gnassingb\u00e9\/t-71303444\" rel=\"nofollow noopener\" target=\"_blank\">pr\u00e9sident Faure Gnassingb\u00e9<\/a> \u00e0 la t\u00eate du pays depuis 2005, de consolider son pouvoir via le passage \u00e0 un r\u00e9gime parlementaire dont il occupe la plus haute fonction.\u00a0<br \/>\u00a0<\/p>\n","protected":false},"excerpt":{"rendered":"\u00ab\u00a0Freetogo\u00a0\u00bb et \u00ab\u00a0Faure muss weg\u00a0\u00bb, qui signifient \u00ab\u00a0Togo libre\u00a0\u00bb et \u00ab\u00a0Faure doit partir\u00a0\u00bb, \u00e9taient les slogans de cette&hellip;\n","protected":false},"author":2,"featured_media":222917,"comment_status":"","ping_status":"","sticky":false,"template":"","format":"standard","meta":{"footnotes":""},"categories":[1587],"tags":[11,672,1804,1805,1803,1777,674,1801,12,1802],"class_list":{"0":"post-222916","1":"post","2":"type-post","3":"status-publish","4":"format-standard","5":"has-post-thumbnail","7":"category-allemagne","8":"tag-actualites","9":"tag-allemagne","10":"tag-bundesrepublik-deutschland","11":"tag-de","12":"tag-deutschland","13":"tag-eu","14":"tag-europe","15":"tag-germany","16":"tag-news","17":"tag-republique-federale-dallemagne"},"share_on_mastodon":{"url":"https:\/\/pubeurope.com\/@fr\/114788869404775525","error":""},"_links":{"self":[{"href":"https:\/\/www.europesays.com\/fr\/wp-json\/wp\/v2\/posts\/222916","targetHints":{"allow":["GET"]}}],"collection":[{"href":"https:\/\/www.europesays.com\/fr\/wp-json\/wp\/v2\/posts"}],"about":[{"href":"https:\/\/www.europesays.com\/fr\/wp-json\/wp\/v2\/types\/post"}],"author":[{"embeddable":true,"href":"https:\/\/www.europesays.com\/fr\/wp-json\/wp\/v2\/users\/2"}],"replies":[{"embeddable":true,"href":"https:\/\/www.europesays.com\/fr\/wp-json\/wp\/v2\/comments?post=222916"}],"version-history":[{"count":0,"href":"https:\/\/www.europesays.com\/fr\/wp-json\/wp\/v2\/posts\/222916\/revisions"}],"wp:featuredmedia":[{"embeddable":true,"href":"https:\/\/www.europesays.com\/fr\/wp-json\/wp\/v2\/media\/222917"}],"wp:attachment":[{"href":"https:\/\/www.europesays.com\/fr\/wp-json\/wp\/v2\/media?parent=222916"}],"wp:term":[{"taxonomy":"category","embeddable":true,"href":"https:\/\/www.europesays.com\/fr\/wp-json\/wp\/v2\/categories?post=222916"},{"taxonomy":"post_tag","embeddable":true,"href":"https:\/\/www.europesays.com\/fr\/wp-json\/wp\/v2\/tags?post=222916"}],"curies":[{"name":"wp","href":"https:\/\/api.w.org\/{rel}","templated":true}]}}