{"id":222918,"date":"2025-07-03T10:38:10","date_gmt":"2025-07-03T10:38:10","guid":{"rendered":"https:\/\/www.europesays.com\/fr\/222918\/"},"modified":"2025-07-03T10:38:10","modified_gmt":"2025-07-03T10:38:10","slug":"des-randonnees-au-frais-pour-echapper-a-la-canicule-en-europe","status":"publish","type":"post","link":"https:\/\/www.europesays.com\/fr\/222918\/","title":{"rendered":"Des randonn\u00e9es au frais pour \u00e9chapper \u00e0 la canicule en Europe"},"content":{"rendered":"<p><img decoding=\"async\" class=\"c-ad__placeholder__logo\" src=\"https:\/\/static.euronews.com\/website\/images\/logos\/logo-euronews-grey-6-180x22.svg\" width=\"180\" height=\"22\" alt=\"\" loading=\"lazy\"\/>PUBLICIT\u00c9<\/p>\n<p>L&rsquo;Europe est actuellement en proie \u00e0 une <a href=\"https:\/\/fr.euronews.com\/green\/2025\/06\/30\/la-vague-de-chaleur-qui-sevit-en-europe-du-sud-alimente-la-crainte-de-feux-de-foret\" target=\"_blank\" rel=\"noopener\"><strong>vague de chaleur<\/strong><\/a> intense, avec des temp\u00e9ratures d\u00e9passant les 40\u00b0C dans certaines r\u00e9gions.<\/p>\n<p>La situation est similaire \u00e0 celle de l&rsquo;\u00e9t\u00e9 dernier et, sans surprise, les voyageurs commencent \u00e0 s&rsquo;adapter.<\/p>\n<p>Une \u00e9tude a d&rsquo;ores et d\u00e9j\u00e0 analys\u00e9 les chiffres et a r\u00e9v\u00e9l\u00e9 que les voyageurs \u00e9vitent d\u00e9sormais les destinations chaudes cet \u00e9t\u00e9.<\/p>\n<p>L&rsquo;\u00e9tude espagnole de CaixaBank affirme que jusqu&rsquo;\u00e0 14 % des touristes internationaux qui passeraient normalement leurs vacances en Espagne ont choisi d&rsquo;aller voir ailleurs en raison des temp\u00e9ratures record de ces derni\u00e8res ann\u00e9es.<\/p>\n<p>La coop\u00e9rative HF Holidays, sp\u00e9cialiste des vacances p\u00e9destres, signale \u00e9galement que le nombre de ses randonn\u00e9es en montagne et dans le nord du pays affichent complet.<\/p>\n<p>Si vous \u00eates \u00e0 la recherche d&rsquo;une escapade plus fra\u00eeche cet \u00e9t\u00e9, voici quelques itin\u00e9raires de randonn\u00e9e \u00e0 envisager.<\/p>\n<p>\u00c0 travers des paysages \u00e0 couper le souffle dans les Dolomites<\/p>\n<p>L\u2019ann\u00e9e derni\u00e8re, un nouveau sentier de randonn\u00e9e serpentant \u00e0 travers la nature sauvage et riche de la cha\u00eene de montagnes des Dolomites en Italie a ouvert.<\/p>\n<p>Le sentier <a href=\"https:\/\/fr.euronews.com\/voyages\/2024\/05\/28\/un-sentier-de-randonnee-de-7-jours-inaugure-dans-les-superbes-dolomites-italiennes\" target=\"_blank\" rel=\"noopener\"><strong>Cammino Retico<\/strong><\/a> porte le nom de l&rsquo;ancien peuple des Raeti qui vivait l\u00e0 \u00e0 l&rsquo;\u00e9poque pr\u00e9romaine.<\/p>\n<p>Il relie plusieurs villages isol\u00e9s entre les r\u00e9gions de la V\u00e9n\u00e9tie et du Trentin-Haut-Adige. Mis en place par l&rsquo;association Carpe Diem, le Cammino Retico commence et se termine \u00e0 Sovramonte, pr\u00e8s de la ville de Belluno.<\/p>\n<p>L&rsquo;itin\u00e9raire forme une boucle longue de 170 kilom\u00e8tres et peut g\u00e9n\u00e9ralement \u00eatre parcouru en sept jours.<\/p>\n<p>Sautez d&rsquo;\u00eeles en \u00eeles avec le sentier de l&rsquo;archipel de Stockholm<\/p>\n<p>Le sentier de l&rsquo;archipel de Stockholm a \u00e9t\u00e9 inaugur\u00e9 en octobre 2024.<\/p>\n<p>Cet itin\u00e9raire de randonn\u00e9e de 270 kilom\u00e8tres relie plus de 20 \u00eeles, offrant aux randonneurs la possibilit\u00e9 de traverser les paysages brutes et la nature vierge de la Su\u00e8de.<\/p>\n<p>Le sentier est bien balis\u00e9 et dispose d&rsquo;am\u00e9nagements tels que des bancs, des abris et des foyers.<\/p>\n<p>Randonn\u00e9e pour d\u00e9butants dans les Tatras<\/p>\n<p>Les Tatras font partie de la cha\u00eene de montagnes des Carpates, qui forme une fronti\u00e8re naturelle entre la Pologne et la Slovaquie. De nombreux sentiers sont tr\u00e8s accessibles, ce qui en fait l&rsquo;endroit id\u00e9al pour les randonneurs n&rsquo;ayant qu&rsquo;une exp\u00e9rience limit\u00e9e de la randonn\u00e9e en montagne.<\/p>\n<p>Du c\u00f4t\u00e9 slovaque, vous pouvez m\u00eame emprunter un t\u00e9l\u00e9ph\u00e9rique tel que le Kasprowy Wierch, qui vous emm\u00e8ne au pic Lomnick\u00fd, le troisi\u00e8me plus haut sommet des Tatras, culminant \u00e0 2634 m\u00e8tres d&rsquo;altitude.<\/p>\n<p>En \u00e9t\u00e9, prenez de la hauteur pour respirer de l&rsquo;air frais, au milieu des lacs gel\u00e9s et des prairies de fleurs sauvages.<\/p>\n<p>Chemins de Saint-Olav \u00e0 travers les fjords et les montagnes<\/p>\n<p>Les chemins de Saint-Olav, en Norv\u00e8ge, est un ancien p\u00e8lerinage figurant sur la liste des itin\u00e9raires de randonn\u00e9e d&rsquo;Europe.<\/p>\n<p>Neuf itin\u00e9raires possibles conduisent les randonneurs \u00e0 travers les r\u00e9gions rurales du pays jusqu&rsquo;\u00e0 la cath\u00e9drale Nidaros \u00e0 Trondheim, o\u00f9 saint Olav, qui fut roi de Norv\u00e8ge de 1015 \u00e0 1028, serait enterr\u00e9.<\/p>\n<p>Les voyageurs empruntent cet itin\u00e9raire depuis 1032, avec plusieurs abris construits le long des chemins au cours de centaines d&rsquo;ann\u00e9es d&rsquo;histoire.<\/p>\n<p>Une randonn\u00e9e l\u00e0-bas n\u00e9cessite un peu plus de planification pour les h\u00f4tels et les h\u00e9bergements \u00e9tant donn\u00e9 qu&rsquo;ils sont plus espac\u00e9s entre eux que sur d&rsquo;autres itin\u00e9raires.<\/p>\n<p>Il est pr\u00e9f\u00e9rable de s&rsquo;y rendre entre mai et ao\u00fbt, car le mauvais temps et les journ\u00e9es courtes peuvent compliquer la progression en automne et plus tard dans l&rsquo;ann\u00e9e.<\/p>\n","protected":false},"excerpt":{"rendered":"PUBLICIT\u00c9 L&rsquo;Europe est actuellement en proie \u00e0 une vague de chaleur intense, avec des temp\u00e9ratures d\u00e9passant les 40\u00b0C&hellip;\n","protected":false},"author":2,"featured_media":222919,"comment_status":"","ping_status":"","sticky":false,"template":"","format":"standard","meta":{"footnotes":""},"categories":[1586],"tags":[11,6698,1777,674,1011,27,5324,12,673,36200,25,10855],"class_list":{"0":"post-222918","1":"post","2":"type-post","3":"status-publish","4":"format-standard","5":"has-post-thumbnail","7":"category-europe","8":"tag-actualites","9":"tag-canicule","10":"tag-eu","11":"tag-europe","12":"tag-fr","13":"tag-france","14":"tag-montagne","15":"tag-news","16":"tag-norvege","17":"tag-randonnee-pedestre","18":"tag-republique-francaise","19":"tag-stockholm"},"share_on_mastodon":{"url":"https:\/\/pubeurope.com\/@fr\/114788873352536364","error":""},"_links":{"self":[{"href":"https:\/\/www.europesays.com\/fr\/wp-json\/wp\/v2\/posts\/222918","targetHints":{"allow":["GET"]}}],"collection":[{"href":"https:\/\/www.europesays.com\/fr\/wp-json\/wp\/v2\/posts"}],"about":[{"href":"https:\/\/www.europesays.com\/fr\/wp-json\/wp\/v2\/types\/post"}],"author":[{"embeddable":true,"href":"https:\/\/www.europesays.com\/fr\/wp-json\/wp\/v2\/users\/2"}],"replies":[{"embeddable":true,"href":"https:\/\/www.europesays.com\/fr\/wp-json\/wp\/v2\/comments?post=222918"}],"version-history":[{"count":0,"href":"https:\/\/www.europesays.com\/fr\/wp-json\/wp\/v2\/posts\/222918\/revisions"}],"wp:featuredmedia":[{"embeddable":true,"href":"https:\/\/www.europesays.com\/fr\/wp-json\/wp\/v2\/media\/222919"}],"wp:attachment":[{"href":"https:\/\/www.europesays.com\/fr\/wp-json\/wp\/v2\/media?parent=222918"}],"wp:term":[{"taxonomy":"category","embeddable":true,"href":"https:\/\/www.europesays.com\/fr\/wp-json\/wp\/v2\/categories?post=222918"},{"taxonomy":"post_tag","embeddable":true,"href":"https:\/\/www.europesays.com\/fr\/wp-json\/wp\/v2\/tags?post=222918"}],"curies":[{"name":"wp","href":"https:\/\/api.w.org\/{rel}","templated":true}]}}