{"id":222920,"date":"2025-07-03T10:39:10","date_gmt":"2025-07-03T10:39:10","guid":{"rendered":"https:\/\/www.europesays.com\/fr\/222920\/"},"modified":"2025-07-03T10:39:10","modified_gmt":"2025-07-03T10:39:10","slug":"zelensky-arrive-pour-louverture-de-la-presidence-danoise-de-lue","status":"publish","type":"post","link":"https:\/\/www.europesays.com\/fr\/222920\/","title":{"rendered":"Zelensky arriv\u00e9 pour l&rsquo;ouverture de la pr\u00e9sidence danoise de l&rsquo;UE"},"content":{"rendered":"<p>\u00abLa pr\u00e9sidence danoise fera tout son possible pour aider l\u2019Ukraine dans son parcours vers l\u2019adh\u00e9sion \u00e0 l\u2019UE\u00bb, a dit la premi\u00e8re ministre Mette Frederiksen, l\u2019un des plus fervents soutiens europ\u00e9ens de l\u2019Ukraine face \u00e0 l\u2019invasion russe.<\/p>\n<p class=\"fig-paragraph\">Le pr\u00e9sident ukrainien\u00a0<a href=\"https:\/\/www.lefigaro.fr\/international\/en-direct-guerre-en-ukraine-donald-trump-affirme-devant-le-congres-que-volodymyr-zelensky-serait-pret-a-negocier-avec-la-russie-20250305\" target=\"_blank\" data-fig-type=\"Live\" rel=\"noopener nofollow\" data-gtm-custom-categorie=\"navigation\" data-gtm-custom-action=\"crossclick\" data-gtm-custom-label=\"Contextuel\" data-gtm-event=\"customEventSPE\" data-fig-domain=\"LEFIGARO\">Volodymyr Zelensky<\/a>\u00a0est arriv\u00e9 jeudi 3 juillet dans la matin\u00e9e \u00e0 Aarhus, dans l&rsquo;ouest du\u00a0<a href=\"http:\/\/www.lefigaro.fr\/international\/danemark-alors-que-la-menace-russe-se-profile-le-service-militaire-obligatoire-est-elargi-aux-femmes-20250703\" target=\"_blank\" data-fig-type=\"NewsFlash\" rel=\"noopener nofollow\" data-gtm-custom-categorie=\"navigation\" data-gtm-custom-action=\"crossclick\" data-gtm-custom-label=\"Contextuel\" data-gtm-event=\"customEventSPE\" data-fig-domain=\"LEFIGARO\">Danemark,\u00a0<\/a>pour le coup d&rsquo;envoi de la pr\u00e9sidence danoise de l&rsquo;Union europ\u00e9enne, a annonc\u00e9 le gouvernement danois dans un communiqu\u00e9.<\/p>\n<p class=\"fig-paragraph\">\u00abLa pr\u00e9sidence danoise fera tout son possible pour aider l&rsquo;Ukraine dans son parcours vers l&rsquo;adh\u00e9sion \u00e0 l&rsquo;UE\u00bb, a dit la premi\u00e8re ministre Mette Frederiksen, l&rsquo;un des plus fervents soutiens europ\u00e9ens de l&rsquo;Ukraine face \u00e0 l&rsquo;invasion russe. \u00abNous devons renforcer l&rsquo;Ukraine d&rsquo;une part, et affaiblir la Russie d&rsquo;autre part\u00bb, a-t-elle ajout\u00e9, cit\u00e9e dans le communiqu\u00e9.<\/p>\n<p>                                    <a class=\"fig-a11y-skip a11y-hidden\" href=\"#fig-a11y-skip-main-inarticle\"><br \/>\n        Passer la publicit\u00e9<br \/>\n    <\/a><\/p>\n<p class=\"fig-paragraph\">Plus d\u2019information \u00e0 venir&#8230;<\/p>\n","protected":false},"excerpt":{"rendered":"\u00abLa pr\u00e9sidence danoise fera tout son possible pour aider l\u2019Ukraine dans son parcours vers l\u2019adh\u00e9sion \u00e0 l\u2019UE\u00bb, a&hellip;\n","protected":false},"author":2,"featured_media":222921,"comment_status":"","ping_status":"","sticky":false,"template":"","format":"standard","meta":{"footnotes":""},"categories":[1586],"tags":[11,145,1777,674,1779,1011,27,12,25,1778,364,134],"class_list":{"0":"post-222920","1":"post","2":"type-post","3":"status-publish","4":"format-standard","5":"has-post-thumbnail","7":"category-europe","8":"tag-actualites","9":"tag-danemark","10":"tag-eu","11":"tag-europe","12":"tag-european-union","13":"tag-fr","14":"tag-france","15":"tag-news","16":"tag-republique-francaise","17":"tag-ue","18":"tag-union-europeenne","19":"tag-volodymyr-zelensky"},"share_on_mastodon":{"url":"https:\/\/pubeurope.com\/@fr\/114788877273181973","error":""},"_links":{"self":[{"href":"https:\/\/www.europesays.com\/fr\/wp-json\/wp\/v2\/posts\/222920","targetHints":{"allow":["GET"]}}],"collection":[{"href":"https:\/\/www.europesays.com\/fr\/wp-json\/wp\/v2\/posts"}],"about":[{"href":"https:\/\/www.europesays.com\/fr\/wp-json\/wp\/v2\/types\/post"}],"author":[{"embeddable":true,"href":"https:\/\/www.europesays.com\/fr\/wp-json\/wp\/v2\/users\/2"}],"replies":[{"embeddable":true,"href":"https:\/\/www.europesays.com\/fr\/wp-json\/wp\/v2\/comments?post=222920"}],"version-history":[{"count":0,"href":"https:\/\/www.europesays.com\/fr\/wp-json\/wp\/v2\/posts\/222920\/revisions"}],"wp:featuredmedia":[{"embeddable":true,"href":"https:\/\/www.europesays.com\/fr\/wp-json\/wp\/v2\/media\/222921"}],"wp:attachment":[{"href":"https:\/\/www.europesays.com\/fr\/wp-json\/wp\/v2\/media?parent=222920"}],"wp:term":[{"taxonomy":"category","embeddable":true,"href":"https:\/\/www.europesays.com\/fr\/wp-json\/wp\/v2\/categories?post=222920"},{"taxonomy":"post_tag","embeddable":true,"href":"https:\/\/www.europesays.com\/fr\/wp-json\/wp\/v2\/tags?post=222920"}],"curies":[{"name":"wp","href":"https:\/\/api.w.org\/{rel}","templated":true}]}}