{"id":222926,"date":"2025-07-03T10:42:15","date_gmt":"2025-07-03T10:42:15","guid":{"rendered":"https:\/\/www.europesays.com\/fr\/222926\/"},"modified":"2025-07-03T10:42:15","modified_gmt":"2025-07-03T10:42:15","slug":"textile-shein-ecope-dune-amende-record-en-france-pour-pratiques-commerciales-trompeuses","status":"publish","type":"post","link":"https:\/\/www.europesays.com\/fr\/222926\/","title":{"rendered":"Textile. Shein \u00e9cope d&rsquo;une amende record en France pour \u00ab pratiques commerciales trompeuses \u00bb"},"content":{"rendered":"<p>Une amende record. Le g\u00e9ant chinois de la mode \u00e9ph\u00e9m\u00e8re <a href=\"https:\/\/www.ledauphine.com\/economie\/2025\/04\/28\/shein-temu-alibaba-comment-le-gouvernement-veut-limiter-l-afflux-des-petits-colis\" target=\"_blank\" rel=\"noopener\">Shein<\/a> s&rsquo;est vu infliger une amende de 40 millions d&rsquo;euros pour \u00ab pratiques commerciales trompeuses \u00bb apr\u00e8s une enqu\u00eate de la Direction g\u00e9n\u00e9rale de la concurrence, de la consommation et de la r\u00e9pression des fraudes (DGCCRF), a annonc\u00e9 jeudi cette direction du minist\u00e8re de l&rsquo;Economie.<\/p>\n<p>L&rsquo;enqu\u00eate de la r\u00e9pression des fraudes r\u00e9v\u00e8le notamment \u00ab la mise en oeuvre \u00bb par la soci\u00e9t\u00e9 Infinite Style E-commerce LTD (ISEL), responsable des ventes des produits de Shein, de \u00ab pratiques commerciales trompeuses \u00e0 l\u2019\u00e9gard des consommateurs sur la r\u00e9alit\u00e9 des r\u00e9ductions de prix accord\u00e9es \u00bb, fait savoir la DGCCRF dans un communiqu\u00e9.<\/p>\n<p>  Montant record pour ce type d&rsquo;infraction<\/p>\n<p>L&rsquo;amende a \u00e9t\u00e9 \u00ab propos\u00e9e \u00bb avec \u00ab l&rsquo;accord de la procureure de la R\u00e9publique de Paris \u00bb et \u00ab \u00e0 l&rsquo;issue d&rsquo;une proc\u00e9dure de transaction \u00bb, pr\u00e9cise la DGCCRF. Il s&rsquo;agit d&rsquo;un montant record pour ce type d&rsquo;infraction.<\/p>\n<p>Concr\u00e8tement, il est notamment reproch\u00e9 \u00e0 Shein de majorer \u00ab certains prix avant de leur appliquer une r\u00e9duction \u00bb, ou de ne pas avoir tenu compte \u00ab des promotions pr\u00e9c\u00e9dentes \u00bb lorsqu&rsquo;il indiquait un prix de r\u00e9f\u00e9rence. \u00ab Ces pratiques de profusion de prix barr\u00e9s et de promotions permanentes donnent ainsi au consommateur l\u2019impression de r\u00e9aliser de tr\u00e8s bonnes affaires \u00bb, explique la DGCCRF.<\/p>\n<p>Elle a pourtant constat\u00e9 que \u00ab 57% des annonces v\u00e9rifi\u00e9es \u00bb au cours de l&rsquo;enqu\u00eate n&rsquo;offrait \u00ab aucune baisse de prix, 19% une baisse moins importante qu&rsquo;annonc\u00e9e et 11% \u00e9taient en r\u00e9alit\u00e9 des augmentations de prix \u00bb. <br \/>Pour mener son enqu\u00eate, la r\u00e9pression des fraudes en France explique avoir relev\u00e9 sur le site internet de Shein \u00ab les prix de plusieurs milliers de produits (prix de vente, prix barr\u00e9s et pourcentage de r\u00e9duction) \u00bb entre octobre 2022 et ao\u00fbt 2023.<\/p>\n<p>  \u00ab Maintient sa vigilance\u00a0\u00bb<\/p>\n<p>Autre agissement d\u00e9nonc\u00e9: des \u00ab pratiques commerciales trompeuses \u00bb sur \u00ab la port\u00e9e des engagements concernant les all\u00e9gations environnementales \u00bb de Shein.<\/p>\n<p>Le groupe chinois affirme avoir \u00ab mis en \u0153uvre sans d\u00e9lai les actions correctives n\u00e9cessaires, achev\u00e9es dans un d\u00e9lai de deux mois \u00bb apr\u00e8s avoir \u00e9t\u00e9 notifi\u00e9e par la DGCCRF \u00ab en mars 2024 \u00bb. \u00ab L&rsquo;ensemble des points soulev\u00e9s \u00bb par l&rsquo;enqu\u00eate de la DGCCRF \u00ab a donc \u00e9t\u00e9 trait\u00e9 depuis plus d\u2019un an \u00bb, affirme l&rsquo;entreprise, en pr\u00e9cisant que \u00ab ces ajustements n&rsquo;ont eu aucun impact sur les prix finaux propos\u00e9s aux consommateurs \u00bb.<\/p>\n<p>Shein assure par ailleurs que ISEL prend \u00ab tr\u00e8s au s\u00e9rieux ses obligations l\u00e9gales et r\u00e9glementaires en France \u00bb et reste \u00ab pleinement engag\u00e9 en faveur de la transparence et du respect de la r\u00e9glementation fran\u00e7aise \u00bb. <br \/>De son c\u00f4t\u00e9, la DGCCRF indique qu&rsquo;elle \u00ab maintient sa vigilance sur l\u2019\u00e9volution des pratiques constat\u00e9es \u00e0 l&rsquo;issue de ces enqu\u00eates \u00bb.<\/p>\n","protected":false},"excerpt":{"rendered":"Une amende record. Le g\u00e9ant chinois de la mode \u00e9ph\u00e9m\u00e8re Shein s&rsquo;est vu infliger une amende de 40&hellip;\n","protected":false},"author":2,"featured_media":222927,"comment_status":"","ping_status":"","sticky":false,"template":"","format":"standard","meta":{"footnotes":""},"categories":[4],"tags":[11,130,33,107,1011,27,329,12,25],"class_list":{"0":"post-222926","1":"post","2":"type-post","3":"status-publish","4":"format-standard","5":"has-post-thumbnail","7":"category-france","8":"tag-actualites","9":"tag-consommation","10":"tag-economie","11":"tag-fil-info","12":"tag-fr","13":"tag-france","14":"tag-france-monde","15":"tag-news","16":"tag-republique-francaise"},"share_on_mastodon":{"url":"https:\/\/pubeurope.com\/@fr\/114788888904255923","error":""},"_links":{"self":[{"href":"https:\/\/www.europesays.com\/fr\/wp-json\/wp\/v2\/posts\/222926","targetHints":{"allow":["GET"]}}],"collection":[{"href":"https:\/\/www.europesays.com\/fr\/wp-json\/wp\/v2\/posts"}],"about":[{"href":"https:\/\/www.europesays.com\/fr\/wp-json\/wp\/v2\/types\/post"}],"author":[{"embeddable":true,"href":"https:\/\/www.europesays.com\/fr\/wp-json\/wp\/v2\/users\/2"}],"replies":[{"embeddable":true,"href":"https:\/\/www.europesays.com\/fr\/wp-json\/wp\/v2\/comments?post=222926"}],"version-history":[{"count":0,"href":"https:\/\/www.europesays.com\/fr\/wp-json\/wp\/v2\/posts\/222926\/revisions"}],"wp:featuredmedia":[{"embeddable":true,"href":"https:\/\/www.europesays.com\/fr\/wp-json\/wp\/v2\/media\/222927"}],"wp:attachment":[{"href":"https:\/\/www.europesays.com\/fr\/wp-json\/wp\/v2\/media?parent=222926"}],"wp:term":[{"taxonomy":"category","embeddable":true,"href":"https:\/\/www.europesays.com\/fr\/wp-json\/wp\/v2\/categories?post=222926"},{"taxonomy":"post_tag","embeddable":true,"href":"https:\/\/www.europesays.com\/fr\/wp-json\/wp\/v2\/tags?post=222926"}],"curies":[{"name":"wp","href":"https:\/\/api.w.org\/{rel}","templated":true}]}}