{"id":222930,"date":"2025-07-03T10:46:10","date_gmt":"2025-07-03T10:46:10","guid":{"rendered":"https:\/\/www.europesays.com\/fr\/222930\/"},"modified":"2025-07-03T10:46:10","modified_gmt":"2025-07-03T10:46:10","slug":"wimbledon-djokovic-sur-sabalenka-ce-que-je-lui-ai-dit-restera-entre-nous-mais-peut-etre-que-le-fait-de-lentendre-directement-de-ma-bouche-aura-un-echo-different-chez-elle","status":"publish","type":"post","link":"https:\/\/www.europesays.com\/fr\/222930\/","title":{"rendered":"Wimbledon > Djokovic sur Sabalenka : \u00ab\u00a0Ce que je lui ai dit restera entre nous, mais peut-\u00eatre que le fait de l&rsquo;entendre directement de ma bouche aura un \u00e9cho diff\u00e9rent chez elle\u00a0\u00bb"},"content":{"rendered":"<p>Reconnu pour sa bien\u00adveillance et sa g\u00e9n\u00e9\u00adro\u00adsit\u00e9 avec les autres joueurs, Novak Djokovic a r\u00e9cem\u00adment gliss\u00e9 quelques conseils \u00e0 la num\u00e9ro 1 mondiale, Aryna Sabalenka. C\u2019est ce qu\u2019il a racont\u00e9 en conf\u00e9\u00adrence de presse \u00e0 Wimbledon.\u00a0<\/p>\n<p><strong>\u00ab\u202fC\u2019\u00e9tait la premi\u00e8re fois que je m\u2019en\u00adtra\u00ee\u00adnais avec Aryna (\u2026) Elle m\u2019a pos\u00e9 quelques ques\u00adtions. Je suis toujours tr\u00e8s heureux de partager avec les autres, comme je l\u2019ai fait avec beau\u00adcoup d\u2019autres joueurs de tennis. \u00c9videmment, ce dont nous parlons reste entre nous. J\u2019esp\u00e8re que cela leur sera utile, m\u00eame si ce n\u2019est qu\u2019un encou\u00adra\u00adge\u00adment, m\u00eame si c\u2019est quelque chose qu\u2019ils ont d\u00e9j\u00e0 entendu, mais le fait de l\u2019en\u00adtendre de ma bouche leur donne peut\u2010\u00eatre une autre dimen\u00adsion et a un impact diff\u00e9\u00adrent. Je suis honor\u00e9 d\u2019\u00eatre dans une posi\u00adtion o\u00f9 la num\u00e9ro 1 mondiale vient vers moi, m\u2019aborde, me pose des ques\u00adtions et me demande des conseils. C\u2019est un privi\u00adl\u00e8ge. J\u2019essaie toujours d\u2019\u00eatre disponible.\u202f\u00bb<\/strong><\/p>\n<p class=\"post-published-date\" style=\"color: silver; font-size: 75%; text-align: left;\">Publi\u00e9 le jeudi 3 juillet 2025 \u00e0 11:49<\/p>\n","protected":false},"excerpt":{"rendered":"Reconnu pour sa bien\u00adveillance et sa g\u00e9n\u00e9\u00adro\u00adsit\u00e9 avec les autres joueurs, Novak Djokovic a r\u00e9cem\u00adment gliss\u00e9 quelques conseils&hellip;\n","protected":false},"author":2,"featured_media":68383,"comment_status":"","ping_status":"","sticky":false,"template":"","format":"standard","meta":{"footnotes":""},"categories":[1415],"tags":[7615,105,1011,27,60,1467],"class_list":{"0":"post-222930","1":"post","2":"type-post","3":"status-publish","4":"format-standard","5":"has-post-thumbnail","7":"category-tennis","8":"tag-aryna-sabalenka","9":"tag-djokovic","10":"tag-fr","11":"tag-france","12":"tag-sports","13":"tag-tennis"},"share_on_mastodon":{"url":"https:\/\/pubeurope.com\/@fr\/114788904718128196","error":""},"_links":{"self":[{"href":"https:\/\/www.europesays.com\/fr\/wp-json\/wp\/v2\/posts\/222930","targetHints":{"allow":["GET"]}}],"collection":[{"href":"https:\/\/www.europesays.com\/fr\/wp-json\/wp\/v2\/posts"}],"about":[{"href":"https:\/\/www.europesays.com\/fr\/wp-json\/wp\/v2\/types\/post"}],"author":[{"embeddable":true,"href":"https:\/\/www.europesays.com\/fr\/wp-json\/wp\/v2\/users\/2"}],"replies":[{"embeddable":true,"href":"https:\/\/www.europesays.com\/fr\/wp-json\/wp\/v2\/comments?post=222930"}],"version-history":[{"count":0,"href":"https:\/\/www.europesays.com\/fr\/wp-json\/wp\/v2\/posts\/222930\/revisions"}],"wp:featuredmedia":[{"embeddable":true,"href":"https:\/\/www.europesays.com\/fr\/wp-json\/wp\/v2\/media\/68383"}],"wp:attachment":[{"href":"https:\/\/www.europesays.com\/fr\/wp-json\/wp\/v2\/media?parent=222930"}],"wp:term":[{"taxonomy":"category","embeddable":true,"href":"https:\/\/www.europesays.com\/fr\/wp-json\/wp\/v2\/categories?post=222930"},{"taxonomy":"post_tag","embeddable":true,"href":"https:\/\/www.europesays.com\/fr\/wp-json\/wp\/v2\/tags?post=222930"}],"curies":[{"name":"wp","href":"https:\/\/api.w.org\/{rel}","templated":true}]}}