{"id":222931,"date":"2025-07-03T10:47:21","date_gmt":"2025-07-03T10:47:21","guid":{"rendered":"https:\/\/www.europesays.com\/fr\/222931\/"},"modified":"2025-07-03T10:47:21","modified_gmt":"2025-07-03T10:47:21","slug":"aubenas-sinvite-en-8e-de-finale","status":"publish","type":"post","link":"https:\/\/www.europesays.com\/fr\/222931\/","title":{"rendered":"Aubenas s&rsquo;invite en 8e de finale"},"content":{"rendered":"<p>                            <img decoding=\"async\" class=\"img-fluid thumbnail__news\" src=\"https:\/\/www.europesays.com\/fr\/wp-content\/uploads\/2025\/07\/93394eb4-1b6f-4a9c-acf7-8932122eee06.png\" alt=\"Aubenas s'invite en 8e de finale\"\/><\/p>\n<p>Facebook US Aubenas Basket<\/p>\n<p>                                                        Apr\u00e8s son exploit (100 \u00e0 94) de ce week-end face \u00e0 Chambery, Aubenas, finaliste de l&rsquo;\u00e9preuve en 2017, est d\u00e9sormais la derni\u00e8re \u00e9quipe de niveau r\u00e9gional engag\u00e9e dans le Troph\u00e9e masculin. <\/p>\n<p>Autres faits marquants de ces 16e de finale, les victoires de Montelimar (NM3) et de l&rsquo;\u00e9quipe mahoraise, Vautour Club de Labattoir (NM3), respectivement face aux \u00e9quipes NM2 du Stade Marseillais UC (100-73) et \u00e0 Genneviliers BC (79-76).<\/p>\n<p><strong>R\u00e9sultats des 16e de finale du Troph\u00e9e masculin de la Coupe de France<\/strong><br \/><strong>Aubenas US (R\u00e9gion, +7)<\/strong> &#8211; Chambery La Motte Cognin Basket Savoie (NM3) : <strong>100-94<\/strong><br \/>Poligny Jura BC (NM3, +7) &#8211; <strong>AL L\u00e9donienne Jura Basket (NM2)<\/strong> : <strong>73-91<\/strong>\u00a0<br \/>La Ravoire Challes Basket (NM2) &#8211; <strong>Beaujolais Basket (NM2)<\/strong> : <strong>71-82<\/strong><br \/>AC Golfe Juan Vallauris (NM2) &#8211; <strong>Pays Salonais Basket 13 (NM2)<\/strong> : <strong>71-96<\/strong><br \/>Brissac Aubance Basket (NM2) &#8211; Saint M\u00e9dard (NM3, +7) : <strong>annul\u00e9<\/strong><br \/>UJAP Quimper (NM3, +7) &#8211; <strong>Beyssac Beaupuy Marmande (NM2)<\/strong> : <strong>69-83<\/strong><br \/><strong>Val de Sene (NM2)<\/strong> &#8211; ASC Tours (NM3, +7) : <strong>87-68<\/strong><br \/><strong>Cergy Pontoise (NM2)<\/strong> &#8211; Etoile Filante Olympique Bastia (NM3, +7) : <strong>123-54<\/strong><br \/>Genneviliers BC (NM2) &#8211; <strong>Vautour Club de Labattoir (NM3, +7)<\/strong> : <strong>76-79<\/strong><br \/><strong>Courbevoie Sports Basket (NM3)<\/strong> &#8211; Alliance de Dreux (R\u00e9gion, +7) : <strong>115-59<\/strong><br \/><strong>CS Gravenchonnais (NM2)<\/strong> &#8211; Wasquehal Flash Basket (NM2) : <strong>83-72<\/strong><br \/><strong>Roncq US (NM3) <\/strong>&#8211; Entente le Chesnay Versailles 78 Basket (R\u00e9gion, +7) : <strong>82-61<\/strong><br \/>BC Longwy Rehon (NM3, +7) &#8211; <strong>ASA Souffelweyersheim (NM2)<\/strong> : <strong>58-78<\/strong><br \/>AS Rognac Basket (R\u00e9gion, +14) &#8211; <strong>Pontoise ULR Basket St Just St Rambert (NM2)<\/strong> : <strong>59-103<\/strong><br \/><strong>IE-Montelimar UMS (NM3, +7)<\/strong> &#8211; Stade Marseillais UC (NM2) : <strong>100-73<\/strong><br \/><strong>TOAC Basket (NM2)<\/strong> &#8211; Laval US (NM2) : <strong>87-85<\/strong><\/p>\n","protected":false},"excerpt":{"rendered":"Facebook US Aubenas Basket Apr\u00e8s son exploit (100 \u00e0 94) de ce week-end face \u00e0 Chambery, Aubenas, finaliste&hellip;\n","protected":false},"author":2,"featured_media":222932,"comment_status":"","ping_status":"","sticky":false,"template":"","format":"standard","meta":{"footnotes":""},"categories":[1414],"tags":[1465,1464,1011,27,60],"class_list":{"0":"post-222931","1":"post","2":"type-post","3":"status-publish","4":"format-standard","5":"has-post-thumbnail","7":"category-basket","8":"tag-basket","9":"tag-basketball","10":"tag-fr","11":"tag-france","12":"tag-sports"},"share_on_mastodon":{"url":"https:\/\/pubeurope.com\/@fr\/114788908775283898","error":""},"_links":{"self":[{"href":"https:\/\/www.europesays.com\/fr\/wp-json\/wp\/v2\/posts\/222931","targetHints":{"allow":["GET"]}}],"collection":[{"href":"https:\/\/www.europesays.com\/fr\/wp-json\/wp\/v2\/posts"}],"about":[{"href":"https:\/\/www.europesays.com\/fr\/wp-json\/wp\/v2\/types\/post"}],"author":[{"embeddable":true,"href":"https:\/\/www.europesays.com\/fr\/wp-json\/wp\/v2\/users\/2"}],"replies":[{"embeddable":true,"href":"https:\/\/www.europesays.com\/fr\/wp-json\/wp\/v2\/comments?post=222931"}],"version-history":[{"count":0,"href":"https:\/\/www.europesays.com\/fr\/wp-json\/wp\/v2\/posts\/222931\/revisions"}],"wp:featuredmedia":[{"embeddable":true,"href":"https:\/\/www.europesays.com\/fr\/wp-json\/wp\/v2\/media\/222932"}],"wp:attachment":[{"href":"https:\/\/www.europesays.com\/fr\/wp-json\/wp\/v2\/media?parent=222931"}],"wp:term":[{"taxonomy":"category","embeddable":true,"href":"https:\/\/www.europesays.com\/fr\/wp-json\/wp\/v2\/categories?post=222931"},{"taxonomy":"post_tag","embeddable":true,"href":"https:\/\/www.europesays.com\/fr\/wp-json\/wp\/v2\/tags?post=222931"}],"curies":[{"name":"wp","href":"https:\/\/api.w.org\/{rel}","templated":true}]}}