{"id":222946,"date":"2025-07-03T10:55:13","date_gmt":"2025-07-03T10:55:13","guid":{"rendered":"https:\/\/www.europesays.com\/fr\/222946\/"},"modified":"2025-07-03T10:55:13","modified_gmt":"2025-07-03T10:55:13","slug":"prime-video-et-france-televisions-contre-attaquent-apres-le-deal-de-tf1-et-netflix","status":"publish","type":"post","link":"https:\/\/www.europesays.com\/fr\/222946\/","title":{"rendered":"Prime Video et France T\u00e9l\u00e9visions contre-attaquent, apr\u00e8s le deal de TF1\u00a0et Netflix"},"content":{"rendered":"<p>        <img decoding=\"async\" loading=\"lazy\" src=\"https:\/\/www.europesays.com\/fr\/wp-content\/uploads\/2025\/07\/676a4ca_upload-1-kmakr2cbldrx-000-1j75x3.jpg\"  width=\"728\" height=\"409\" alt=\"Prime Video et France TV ont nou\u00e9 un partenariat in\u00e9dit. (Photo d\u2019illustration)\"\/>  <\/p>\n<p>MARTIN BUREAU \/ AFP<\/p>\n<p>Prime Video et France TV ont nou\u00e9 un partenariat in\u00e9dit. (Photo d\u2019illustration)<\/p>\n<p class=\"asset asset-text\">STREAMING &#8211; Prime Video passe \u00e0 l\u2019offensive. <a href=\"https:\/\/www.huffingtonpost.fr\/divertissement\/article\/clara-luciani-michou-le-casting-de-la-prochaine-saison-de-lol-qui-rit-sort-pas-comme-les-autres_250492.html\" target=\"_blank\" rel=\"noopener\">Le service de streaming<\/a> du g\u00e9ant am\u00e9ricain <a href=\"https:\/\/www.huffingtonpost.fr\/international\/article\/amazon-met-bientot-fin-au-teletravail-et-exige-le-retour-a-temps-plein-au-bureau_239709.html\" target=\"_blank\" rel=\"noopener\">Amazon<\/a> diffuse depuis ce jeudi\u00a03\u00a0juillets les cha\u00eenes de <a href=\"https:\/\/www.huffingtonpost.fr\/medias\/article\/apres-laurence-boccolini-les-enfants-de-la-tele-repris-par-la-personnalite-tele-preferee-des-francais_252022.html\" target=\"_blank\" rel=\"noopener\">France T\u00e9l\u00e9visions<\/a> et les contenus de sa plateforme france.tv, selon un partenariat surprise devant permettre au groupe public\u00a0de toucher un public plus large et rajeuni.<\/p>\n<p class=\"asset asset-text\">Dans un communiqu\u00e9 commun, les deux acteurs ont \u00e9voqu\u00e9 \u00ab\u00a0un accord historique de distribution\u00a0\u00bb, qui intervient quinze jours apr\u00e8s l\u2019annonce par le groupe audiovisuel fran\u00e7ais <a href=\"https:\/\/www.huffingtonpost.fr\/medias\/article\/l-union-netflix-tf1-va-bien-plus-loin-que-la-diffusion-d-une-serie-et-c-est-une-premiere_251494.html\" target=\"_blank\" rel=\"noopener\">TF1 et Netflix d\u2019une collaboration similaire<\/a> \u00e0 partir de 2026.<\/p>\n<p class=\"asset asset-text\">Les abonn\u00e9s\u00a0Prime\u00a0Video\u00a0en France peuvent dor\u00e9navant acc\u00e9der aux directs des cha\u00eenes de France T\u00e9l\u00e9 et \u00e0 \u00ab\u00a0pr\u00e8s de 20\u00a0000 contenus france.tv\u00a0\u00bb, sans co\u00fbt suppl\u00e9mentaire. Concr\u00e8tement, la page d\u2019accueil de\u00a0Prime\u00a0Video\u00a0en France propose un espace d\u00e9di\u00e9 \u00e0 ces contenus, ainsi accessibles \u00e0 ses abonn\u00e9s sans changer d\u2019interface.<\/p>\n<p>    Un mode de distribution \u00ab\u00a0in\u00e9dit\u00a0\u00bb    <\/p>\n<p class=\"asset asset-text\">La PDG de France T\u00e9l\u00e9visions Delphine Ernotte-Cunci se f\u00e9licite qu\u2019\u00ab\u00a0avec ce mode de distribution in\u00e9dit, notre groupe franchit une \u00e9tape historique pour renforcer la visibilit\u00e9 de son offre de service public\u00a0\u00bb.<\/p>\n<p class=\"asset asset-text\">Cela doit \u00ab\u00a0permettre \u00e0 tous les publics de retrouver et d\u00e9couvrir la richesse unique de france.tv sur de nouveaux environnements\u00a0\u00bb, insiste-t-elle dans le communiqu\u00e9, alors que le num\u00e9rique et la connaissance de la marque sont devenus les priorit\u00e9s du groupe audiovisuel, appel\u00e9 \u00e0 rajeunir ses audiences.<\/p>\n<p class=\"asset asset-text\">Les Fran\u00e7ais de 15-24\u00a0ans sont les plus gros consommateurs de contenus\u00a0vid\u00e9o\u00a0: ils d\u00e9clarent en regarder 5\u00a0heures 21 minutes chaque jour mais principalement sur les r\u00e9seaux sociaux (2\u00a0heures), devant la t\u00e9l\u00e9 gratuite en direct (1\u00a0heure) et les vid\u00e9os \u00e0 la demande par abonnement (1\u00a0heure), selon une \u00e9tude en 2025 du r\u00e9gulateur de l\u2019audiovisuel, l\u2019Arcom.<\/p>\n<p class=\"asset asset-text\">De son c\u00f4t\u00e9, Christophe Deguine, directeur g\u00e9n\u00e9ral de\u00a0Prime\u00a0Video\u00a0en France, explique \u00eatre \u00ab\u00a0constamment \u00e0 la recherche de nouveaux moyens d\u2019\u00e9largir l\u2019offre de contenus de qualit\u00e9 propos\u00e9e \u00e0 nos clients et de confirmer\u00a0Prime\u00a0Video\u00a0comme la destination num\u00e9ro\u00a01 du divertissement\u00a0\u00bb. Le montant et la dur\u00e9e de l\u2019accord sont confidentiels.<\/p>\n<p>                     Un si grand soleil, Drag Race France\u2026    <\/p>\n<p class=\"asset asset-text\">Cette alliance de taille avec un des GAFAM (Google, Apple, Facebook, Amazon et Microsoft) d\u00e9tonne, m\u00eame si Delphine Ernotte-Cunci s\u2019est toujours dite pr\u00eate \u00e0 \u00e9tablir \u00ab\u00a0des partenariats respectueux\u00a0\u00bb avec les g\u00e9ants du streaming. Ces derni\u00e8res ann\u00e9es, une premi\u00e8re s\u00e9rie, C\u0153urs noirs, a \u00e9t\u00e9, par exemple, coproduite par France T\u00e9l\u00e9visions et Amazon\u00a0Prime\u00a0Video, qui l\u2019a diffus\u00e9e en premier.<\/p>\n<p class=\"asset asset-text\">France.tv s\u2019affiche comme la premi\u00e8re plateforme de streaming gratuit en France, avec 42,9\u00a0millions de visiteurs uniques mensuels en juin, un nouveau record. La plateforme propose les directs des cha\u00eenes France 2, France 3, France 4, France 5 et franceinfo, les programmes en \u00ab\u00a0preview\u00a0\u00bb et en \u00ab\u00a0replay\u00a0\u00bb, comme la s\u00e9rie quotidienne Un si grand soleil et bient\u00f4t les divertissements Intervilles ou Drag Race France All Stars, ainsi que des contenus exclusifs.<\/p>\n<p class=\"asset asset-text\">Le g\u00e9ant du commerce en ligne Amazon a lanc\u00e9 en France son service de\u00a0vid\u00e9o\u00a0\u00e0 la demande en 2016. La souscription \u00e0 Amazon\u00a0Prime, qui permet des livraisons gratuites et acc\u00e9l\u00e9r\u00e9es ainsi que l\u2019acc\u00e8s \u00e0 des films et s\u00e9ries en streaming, s\u2019\u00e9l\u00e8ve \u00e0 6,99\u00a0euros par mois ou 69,90\u00a0euros par an. Le service compte 200\u00a0millions d\u2019abonn\u00e9s dans le monde.<\/p>\n<p>                     Le deal Netflix et TF1    <\/p>\n<p class=\"asset asset-text\">Selon la derni\u00e8re \u00e9dition du Guide des cha\u00eenes et des services de\u00a0vid\u00e9o\u00a0\u00e0 la demande, publi\u00e9e par les acteurs du secteur, quelque 4,6\u00a0millions de Fran\u00e7ais ont utilis\u00e9 quotidiennement Netflix et 1,4\u00a0million\u00a0Prime\u00a0Video\u00a0au quatri\u00e8me trimestre 2023. \u00ab\u00a0Les services et les contenus am\u00e9ricains dominent le march\u00e9 fran\u00e7ais\u00a0\u00bb de la\u00a0vid\u00e9o\u00a0\u00e0 la demande par abonnement, est-il soulign\u00e9 dans ce rapport. \u00c0 l\u2019offensive au plan culturel, France T\u00e9l\u00e9visions peut aussi, par ce partenariat avec\u00a0Prime\u00a0Video, favoriser la diffusion de la cr\u00e9ation fran\u00e7aise.<\/p>\n<p class=\"asset asset-text\">De son c\u00f4t\u00e9, Netflix diffusera les cha\u00eenes du groupe TF1 et les contenus de TF1 + \u00e0 partir de l\u2019\u00e9t\u00e9 2026. Ce partenariat constitue une premi\u00e8re mondiale, le g\u00e9ant du streaming n\u2019ayant jusqu\u2019alors jamais ouvert sa plateforme \u00e0 un autre op\u00e9rateur.<\/p>\n<p class=\"asset asset-text\">Outre son propre catalogue, Prime\u00a0Video\u00a0propose d\u00e9j\u00e0, moyennant des abonnements suppl\u00e9mentaires, l\u2019acc\u00e8s \u00e0 d\u2019autres plateformes comme Max, Paramount +, Cin\u00e9 + OCS, Universal + et MGM +, aux c\u00f4t\u00e9s de 43 cha\u00eenes additionnelles.<\/p>\n","protected":false},"excerpt":{"rendered":"MARTIN BUREAU \/ AFP Prime Video et France TV ont nou\u00e9 un partenariat in\u00e9dit. (Photo d\u2019illustration) STREAMING &#8211;&hellip;\n","protected":false},"author":2,"featured_media":222947,"comment_status":"","ping_status":"","sticky":false,"template":"","format":"standard","meta":{"footnotes":""},"categories":[1356],"tags":[11776,251,58,59,1011,27,2400,500,128,252,1364],"class_list":{"0":"post-222946","1":"post","2":"type-post","3":"status-publish","4":"format-standard","5":"has-post-thumbnail","7":"category-television","8":"tag-amazon-prime","9":"tag-culture","10":"tag-divertissement","11":"tag-entertainment","12":"tag-fr","13":"tag-france","14":"tag-france-televisions","15":"tag-medias","16":"tag-streaming","17":"tag-television","18":"tag-tv"},"share_on_mastodon":{"url":"https:\/\/pubeurope.com\/@fr\/114788940148114182","error":""},"_links":{"self":[{"href":"https:\/\/www.europesays.com\/fr\/wp-json\/wp\/v2\/posts\/222946","targetHints":{"allow":["GET"]}}],"collection":[{"href":"https:\/\/www.europesays.com\/fr\/wp-json\/wp\/v2\/posts"}],"about":[{"href":"https:\/\/www.europesays.com\/fr\/wp-json\/wp\/v2\/types\/post"}],"author":[{"embeddable":true,"href":"https:\/\/www.europesays.com\/fr\/wp-json\/wp\/v2\/users\/2"}],"replies":[{"embeddable":true,"href":"https:\/\/www.europesays.com\/fr\/wp-json\/wp\/v2\/comments?post=222946"}],"version-history":[{"count":0,"href":"https:\/\/www.europesays.com\/fr\/wp-json\/wp\/v2\/posts\/222946\/revisions"}],"wp:featuredmedia":[{"embeddable":true,"href":"https:\/\/www.europesays.com\/fr\/wp-json\/wp\/v2\/media\/222947"}],"wp:attachment":[{"href":"https:\/\/www.europesays.com\/fr\/wp-json\/wp\/v2\/media?parent=222946"}],"wp:term":[{"taxonomy":"category","embeddable":true,"href":"https:\/\/www.europesays.com\/fr\/wp-json\/wp\/v2\/categories?post=222946"},{"taxonomy":"post_tag","embeddable":true,"href":"https:\/\/www.europesays.com\/fr\/wp-json\/wp\/v2\/tags?post=222946"}],"curies":[{"name":"wp","href":"https:\/\/api.w.org\/{rel}","templated":true}]}}