{"id":222956,"date":"2025-07-03T11:00:11","date_gmt":"2025-07-03T11:00:11","guid":{"rendered":"https:\/\/www.europesays.com\/fr\/222956\/"},"modified":"2025-07-03T11:00:11","modified_gmt":"2025-07-03T11:00:11","slug":"bfmtv-confirme-larrivee-de-dominique-tenza-m6-pour-reprendre-la-matinale","status":"publish","type":"post","link":"https:\/\/www.europesays.com\/fr\/222956\/","title":{"rendered":"BFMTV confirme l\u2019arriv\u00e9e de Dominique Tenza (M6) pour reprendre la matinale"},"content":{"rendered":"<p>                                        <img decoding=\"async\" src=\"https:\/\/www.europesays.com\/fr\/wp-content\/uploads\/2025\/07\/4bd8bcc9c7587baed9bba08991cd3b7ba08afeaa1f87fc0f08852cc153c80318.JPG\" alt=\"Rentr\u00e9e t\u00e9l\u00e9: Ruquier, Hanouna, Salam\u00e9\u2026 Qui va o\u00f9\u00a0?\" class=\"a11y-hidden\"\/><\/p>\n<p>D\u00e8s la rentr\u00e9e, le quadrag\u00e9naire pr\u00e9sentera la deuxi\u00e8me matinale de France en compagnie de Perrine Storme. Le duo remplace Christophe Delay et Adeline Fran\u00e7ois.<\/p>\n<p class=\"fig-paragraph\">Ce n\u2019\u00e9tait jusque-l\u00e0 qu\u2019une rumeur, l\u2019information est aujourd\u2019hui confirm\u00e9e. Dans un communiqu\u00e9 envoy\u00e9 ce jeudi matin, BFMTV annonce l\u2019arriv\u00e9e de\u00a0<a href=\"http:\/\/tvmag.lefigaro.fr\/programme-tv\/actu-tele\/dominique-tenza-nous-ouvre-les-portes-du-jt-de-m6-le-temps-des-presentateurs-star-est-revolu-20250411\" target=\"_blank\" data-fig-type=\"Article\" rel=\"noopener nofollow\" data-gtm-custom-categorie=\"navigation\" data-gtm-custom-action=\"crossclick\" data-gtm-custom-label=\"Contextuel\" data-gtm-event=\"customEventSPE\" data-fig-domain=\"TVMAG\"><strong>Dominique Tenza<\/strong><\/a> \u00a0pour reprendre les commandes de la matinale, diffus\u00e9e entre 6 heures et 8h30, aux c\u00f4t\u00e9s de Perrine Storme. Il remplace ainsi Christophe Delay et Adeline Fran\u00e7ois.<\/p>\n<p class=\"fig-paragraph\">\u00abJe suis tr\u00e8s heureux de rejoindre BFMTV, la cha\u00eene d\u2019information de r\u00e9f\u00e9rence, r\u00e9agit le journaliste de 42 ans. Avec Perrine Storme et toute l\u2019\u00e9quipe, je me r\u00e9jouis de pouvoir r\u00e9veiller et accompagner d\u00e8s la rentr\u00e9e nos t\u00e9l\u00e9spectateurs tout au long de la matinale, devenue au fil des ann\u00e9es un rendez-vous incontournable\u00bb, poursuit-il.<\/p>\n<p class=\"fig-body-link\">\n            \u00c0 lire aussi<br \/>\n        <a class=\"fig-body-link__link\" href=\"http:\/\/tvmag.lefigaro.fr\/programme-tv\/actu-tele\/dominique-tenza-nous-ouvre-les-portes-du-jt-de-m6-le-temps-des-presentateurs-star-est-revolu-20250411\" target=\"_blank\" data-fig-type=\"Article\" rel=\"noopener nofollow\" data-gtm-custom-categorie=\"navigation\" data-gtm-custom-action=\"crossclick\" data-gtm-custom-label=\"Contextuel\" data-gtm-event=\"customEventSPE\" data-fig-domain=\"TVMAG\">Dominique Tenza nous ouvre les portes du JT de M6\u00a0: \u00abLe temps des pr\u00e9sentateurs star est r\u00e9volu\u00bb<br \/>\n    <\/a>\n<\/p>\n<p>                                    <a class=\"fig-a11y-skip a11y-hidden\" href=\"#fig-a11y-skip-main-inarticle\"><br \/>\n        Passer la publicit\u00e9<br \/>\n    <\/a><\/p>\n<p class=\"fig-paragraph\">Dominique Tenza a pass\u00e9 la majeure partie de sa carri\u00e8re sur RTL, o\u00f9 il a d\u2019abord offici\u00e9 au service reportage, puis au service politique avant de r\u00e9cup\u00e9rer la pr\u00e9sentation du journal de 8 heures dans la matinale, quart d\u2019heure le plus \u00e9cout\u00e9 des ondes. Ce p\u00e8re de deux fillettes a rejoint la cha\u00eene M6 en 2021 pour pr\u00e9senter les journaux des week-ends.\u00a0\u00c0 la rentr\u00e9e derni\u00e8re, il s\u2019\u00e9tait \u00e9galement vu confier la pr\u00e9sentation de \u00abSecrets d\u2019actualit\u00e9\u00bb, magazine autrefois pr\u00e9sent\u00e9 par Laurent Delahousse, et relanc\u00e9 sur W9.<\/p>\n<p class=\"fig-paragraph\">Reste \u00e0 savoir o\u00f9 rebondira Christophe Delay. Si sa partenaire Adeline Fran\u00e7ois a d\u00e9cid\u00e9 de quitter BFMTV pour rejoindre LCP et pr\u00e9senter un talk-show en access prime time, le futur ex-matinalier reste sur la cha\u00eene d\u2019informations en continu. Il est par ailleurs toujours \u00e0 la t\u00eate de \u00abFaites entrer l\u2019accus\u00e9\u00bb avec Dominique Rizet, propos\u00e9 sur RMC D\u00e9couverte.<\/p>\n","protected":false},"excerpt":{"rendered":"D\u00e8s la rentr\u00e9e, le quadrag\u00e9naire pr\u00e9sentera la deuxi\u00e8me matinale de France en compagnie de Perrine Storme. Le duo&hellip;\n","protected":false},"author":2,"featured_media":222957,"comment_status":"","ping_status":"","sticky":false,"template":"","format":"standard","meta":{"footnotes":""},"categories":[8],"tags":[10831,58,59,1011,27,494],"class_list":{"0":"post-222956","1":"post","2":"type-post","3":"status-publish","4":"format-standard","5":"has-post-thumbnail","7":"category-divertissement","8":"tag-bfmtv","9":"tag-divertissement","10":"tag-entertainment","11":"tag-fr","12":"tag-france","13":"tag-m6"},"share_on_mastodon":{"url":"https:\/\/pubeurope.com\/@fr\/114788959799736070","error":""},"_links":{"self":[{"href":"https:\/\/www.europesays.com\/fr\/wp-json\/wp\/v2\/posts\/222956","targetHints":{"allow":["GET"]}}],"collection":[{"href":"https:\/\/www.europesays.com\/fr\/wp-json\/wp\/v2\/posts"}],"about":[{"href":"https:\/\/www.europesays.com\/fr\/wp-json\/wp\/v2\/types\/post"}],"author":[{"embeddable":true,"href":"https:\/\/www.europesays.com\/fr\/wp-json\/wp\/v2\/users\/2"}],"replies":[{"embeddable":true,"href":"https:\/\/www.europesays.com\/fr\/wp-json\/wp\/v2\/comments?post=222956"}],"version-history":[{"count":0,"href":"https:\/\/www.europesays.com\/fr\/wp-json\/wp\/v2\/posts\/222956\/revisions"}],"wp:featuredmedia":[{"embeddable":true,"href":"https:\/\/www.europesays.com\/fr\/wp-json\/wp\/v2\/media\/222957"}],"wp:attachment":[{"href":"https:\/\/www.europesays.com\/fr\/wp-json\/wp\/v2\/media?parent=222956"}],"wp:term":[{"taxonomy":"category","embeddable":true,"href":"https:\/\/www.europesays.com\/fr\/wp-json\/wp\/v2\/categories?post=222956"},{"taxonomy":"post_tag","embeddable":true,"href":"https:\/\/www.europesays.com\/fr\/wp-json\/wp\/v2\/tags?post=222956"}],"curies":[{"name":"wp","href":"https:\/\/api.w.org\/{rel}","templated":true}]}}