{"id":222968,"date":"2025-07-03T11:06:10","date_gmt":"2025-07-03T11:06:10","guid":{"rendered":"https:\/\/www.europesays.com\/fr\/222968\/"},"modified":"2025-07-03T11:06:10","modified_gmt":"2025-07-03T11:06:10","slug":"saint-etienne-sous-lemprise-de-lalcool-il-sen-prend-aux-agents-de-la-surete-ferroviaire","status":"publish","type":"post","link":"https:\/\/www.europesays.com\/fr\/222968\/","title":{"rendered":"Saint-Etienne. Sous l\u2019emprise de l\u2019alcool, il s\u2019en prend aux agents de la s\u00fbret\u00e9 ferroviaire"},"content":{"rendered":"<p>Les forces de police ferroviaire ont \u00e9t\u00e9 alert\u00e9es par les agents de nettoyage de la gare de Ch\u00e2teaucreux, lundi 30\u00a0juin, vers 21 heures.<\/p>\n<p>Quelques instants plus t\u00f4t, ils venaient de d\u00e9couvrir dans un train \u00e0 l\u2019arr\u00eat, un homme, visiblement pas dans son \u00e9tat normal, les emp\u00eachant de travailler. Les fonctionnaires se rendaient rapidement dans le wagon et d\u00e9couvraient, au fond, un individu sous l\u2019emprise de l\u2019alcool.<\/p>\n<p>  Outrages et r\u00e9bellion<\/p>\n<p>Mais, au moment de l\u2019arr\u00eater, les policiers \u00e9taient victimes d\u2019outrages et de r\u00e9bellion. Un \u00e9quipage de la police nationale arrivait en renfort et parvenait \u00e0 le ma\u00eetriser et \u00e0 l\u2019interpeller.<\/p>\n<p>Apr\u00e8s avoir \u00e9t\u00e9 plac\u00e9 en cellule de d\u00e9grisement, il a pu \u00eatre auditionn\u00e9 par les enqu\u00eateurs. \u00c2g\u00e9 de 31 ans et habitant la commune de Saint-Chamond, il s\u2019est vu signifier, \u00e0 la fin de sa garde \u00e0 vue, une convocation devant le tribunal correctionnel de Saint-Etienne au cours des prochaines semaines.<\/p>\n<p>Il devra notamment r\u00e9pondre du refus de se soumettre au d\u00e9pistage d\u2019alcool\u00e9mie et p\u00e9n\u00e9tration sur un lieu interdit au public. Apr\u00e8s plusieurs heures dans les locaux de la police nationale, les agents ont r\u00e9ussi \u00e0 le soumettre \u00e0 l\u2019\u00e9thylom\u00e8tre. L\u2019appareil a indiqu\u00e9 un taux de 1,50 gramme d\u2019alcool par litre de sang.<\/p>\n","protected":false},"excerpt":{"rendered":"Les forces de police ferroviaire ont \u00e9t\u00e9 alert\u00e9es par les agents de nettoyage de la gare de Ch\u00e2teaucreux,&hellip;\n","protected":false},"author":2,"featured_media":222969,"comment_status":"","ping_status":"","sticky":false,"template":"","format":"standard","meta":{"footnotes":""},"categories":[9653],"tags":[1111,11,2430,271,272,7539,1777,674,274,1011,27,3367,12,25,4001,7538,104],"class_list":{"0":"post-222968","1":"post","2":"type-post","3":"status-publish","4":"format-standard","5":"has-post-thumbnail","7":"category-saint-etienne","8":"tag-actu","9":"tag-actualites","10":"tag-auvergne-rhone-alpes","11":"tag-crime","12":"tag-delit-et-contravention","13":"tag-edition-loire-sud","14":"tag-eu","15":"tag-europe","16":"tag-faits-divers-justice","17":"tag-fr","18":"tag-france","19":"tag-loire","20":"tag-news","21":"tag-republique-francaise","22":"tag-saint-etienne","23":"tag-saint-etienne-ville","24":"tag-societe"},"share_on_mastodon":{"url":"https:\/\/pubeurope.com\/@fr\/114788983392458949","error":""},"_links":{"self":[{"href":"https:\/\/www.europesays.com\/fr\/wp-json\/wp\/v2\/posts\/222968","targetHints":{"allow":["GET"]}}],"collection":[{"href":"https:\/\/www.europesays.com\/fr\/wp-json\/wp\/v2\/posts"}],"about":[{"href":"https:\/\/www.europesays.com\/fr\/wp-json\/wp\/v2\/types\/post"}],"author":[{"embeddable":true,"href":"https:\/\/www.europesays.com\/fr\/wp-json\/wp\/v2\/users\/2"}],"replies":[{"embeddable":true,"href":"https:\/\/www.europesays.com\/fr\/wp-json\/wp\/v2\/comments?post=222968"}],"version-history":[{"count":0,"href":"https:\/\/www.europesays.com\/fr\/wp-json\/wp\/v2\/posts\/222968\/revisions"}],"wp:featuredmedia":[{"embeddable":true,"href":"https:\/\/www.europesays.com\/fr\/wp-json\/wp\/v2\/media\/222969"}],"wp:attachment":[{"href":"https:\/\/www.europesays.com\/fr\/wp-json\/wp\/v2\/media?parent=222968"}],"wp:term":[{"taxonomy":"category","embeddable":true,"href":"https:\/\/www.europesays.com\/fr\/wp-json\/wp\/v2\/categories?post=222968"},{"taxonomy":"post_tag","embeddable":true,"href":"https:\/\/www.europesays.com\/fr\/wp-json\/wp\/v2\/tags?post=222968"}],"curies":[{"name":"wp","href":"https:\/\/api.w.org\/{rel}","templated":true}]}}