{"id":22297,"date":"2025-04-13T13:43:09","date_gmt":"2025-04-13T13:43:09","guid":{"rendered":"https:\/\/www.europesays.com\/fr\/22297\/"},"modified":"2025-04-13T13:43:09","modified_gmt":"2025-04-13T13:43:09","slug":"opinion-renforcons-erasmus-moteur-dunite-en-europe-par-clement-beaune-president-du-cercle-erasmus-avec-60-personnalites","status":"publish","type":"post","link":"https:\/\/www.europesays.com\/fr\/22297\/","title":{"rendered":"OPINION. \u00ab\u202fRenfor\u00e7ons Erasmus+, moteur d\u2019unit\u00e9 en Europe\u202f\u00bb, par Cl\u00e9ment Beaune, pr\u00e9sident du Cercle Erasmus+, avec 60\u202fpersonnalit\u00e9s"},"content":{"rendered":"<p>Face \u00e0 l&rsquo;urgence et \u00e0 la r\u00e9currence des crises contemporaines, \u00e0 commencer par la <a href=\"https:\/\/www.latribune.fr\/economie\/international\/ukraine-des-discussions-russo-americaines-envisagees-la-semaine-prochaine-1022323.html\" target=\"_blank\" rel=\"noopener\">guerre \u00e0 nos fronti\u00e8res<\/a> et les ing\u00e9rences \u00e9trang\u00e8res dans les processus d\u00e9mocratiques, il est imp\u00e9ratif que <a href=\"https:\/\/www.latribune.fr\/idees\/tribunes\/opinion-l-union-europeenne-equilibre-strategique-et-smart-power-1022133.html\" target=\"_blank\" rel=\"noopener\">l&rsquo;Union europ\u00e9enne<\/a> renforce son projet d&rsquo;unit\u00e9. L&rsquo;une de ses pierres angulaires les plus pl\u00e9biscit\u00e9es, qui porte en elle la promesse d&rsquo;une Europe unie et r\u00e9siliente, est le <a href=\"https:\/\/www.latribune.fr\/opinions\/tribunes\/sejours-erasmus-les-etudiants-vont-ils-payer-le-prix-du-brexit-869414.html\" target=\"_blank\" rel=\"noopener\">programme Erasmus+<\/a>.<\/p>\n<p>C&rsquo;est pourquoi, au moment crucial o\u00f9 se jouent les <a href=\"https:\/\/www.latribune.fr\/opinions\/tribunes\/s-assurer-que-la-france-ne-contribue-pas-plus-au-budget-europeen-qu-elle-ne-recoit-994597.html\" target=\"_blank\" rel=\"noopener\">n\u00e9gociations budg\u00e9taires<\/a> pour la prochaine programmation 2028-2034 dans nos institutions europ\u00e9ennes, nous appelons \u00e0 d\u00e9fendre et renforcer ce programme, v\u00e9ritable moteur pour une citoyennet\u00e9 europ\u00e9enne \u00e9clair\u00e9e, solidaire et pr\u00eate \u00e0 relever les grands d\u00e9fis de notre \u00e9poque. Car l&rsquo;\u00e9ducation, la formation, le sport et la culture restent les leviers les plus puissants pour construire des esprits libres et \u00e9clair\u00e9s.<\/p>\n<p>Erasmus+ ou l&rsquo;ambition d&rsquo;une coh\u00e9sion europ\u00e9enne<\/p>\n<p><a href=\"https:\/\/www.latribune.fr\/economie\/union-europeenne\/l-espagne-demeure-la-destination-erasmus-n-1-556912.html\" target=\"_blank\" rel=\"noopener\">Erasmus+<\/a> est plus qu&rsquo;un simple programme d&rsquo;\u00e9changes\u2009: il incarne la possibilit\u00e9 de b\u00e2tir des ponts entre les peuples, d&rsquo;enrichir les citoyens d&rsquo;une culture et de valeurs europ\u00e9ennes communes et de cr\u00e9er des liens durables par-del\u00e0 les engagements nationaux. Dans un <a href=\"https:\/\/www.latribune.fr\/la-tribune-dimanche\/dimanche-eco\/tarifs-douaniers-l-ue-essaie-de-garder-la-tete-froide-1022239.html\" target=\"_blank\" rel=\"noopener\">contexte g\u00e9opolitique complexe<\/a>, ce programme est un outil indispensable pour renforcer l&rsquo;unit\u00e9 europ\u00e9enne, un engagement pour une soci\u00e9t\u00e9 plus inclusive et plus solidaire.<\/p>\n<p>Dans la p\u00e9riode actuelle, les peuples europ\u00e9ens doivent pouvoir se sentir unis. Ainsi, l&rsquo;Europe de la d\u00e9fense, cette ambition de faire face ensemble aux menaces ext\u00e9rieures, ne peut se construire sans un socle humain de citoyens fiers de leur solidarit\u00e9. En permettant aux jeunes Europ\u00e9ens de partager une exp\u00e9rience commune, Erasmus+ renforce leur compr\u00e9hension r\u00e9ciproque, leur sentiment d&rsquo;appartenance \u00e0 une communaut\u00e9 europ\u00e9enne et leur attachement aux valeurs fondamentales sur lesquelles s&rsquo;est construite l&rsquo;Europe communautaire\u2009: la paix, la libert\u00e9, la d\u00e9mocratie, l&rsquo;\u00c9tat de droit et le respect mutuel.<\/p>\n<p>Apr\u00e8s pr\u00e8s de quarante ans, quel avenir pour le programme ?<\/p>\n<p>Depuis son lancement en 1987, le programme est en progr\u00e8s constant\u2009: il s&rsquo;est d\u00e9mocratis\u00e9 et devient aujourd&rsquo;hui un instrument cl\u00e9 pour notre souverainet\u00e9 et la comp\u00e9titivit\u00e9 europ\u00e9enne. Cette mont\u00e9e en puissance d&rsquo;Erasmus+ se traduit par son succ\u00e8s aupr\u00e8s des publics scolaires, universitaires, en passant par les apprentis ou les adultes \u00e9loign\u00e9s de l&#8217;emploi, par exemple.<\/p>\n<p>En 2024, ce sont pr\u00e8s de\u202f185\u2009000\u202f\u00e9tudiants, apprentis, \u00e9l\u00e8ves, b\u00e9n\u00e9voles, demandeurs d&#8217;emploi ou enseignants, qui ont accompli une mobilit\u00e9 dans un autre pays.<\/p>\n<p>Les n\u00e9gociations sur le futur cadre financier de l&rsquo;Union europ\u00e9enne pour la p\u00e9riode 2028-2034 entrent dans une phase d\u00e9cisive. Nous sommes convaincus que d\u00e9fendre Erasmus+, c&rsquo;est d\u00e9fendre l&rsquo;ensemble des politiques europ\u00e9ennes. Ce programme si symbolique demeure le principal moteur de la mobilit\u00e9, de l&rsquo;ouverture d&rsquo;esprit et de la compr\u00e9hension mutuelle entre les citoyens de l&rsquo;Union, comme l&rsquo;a voulu <a href=\"https:\/\/www.latribune.fr\/opinions\/tribunes\/jacques-delors-a-donne-a-l-engagement-public-toute-sa-noblesse-986774.html\" target=\"_blank\" rel=\"noopener\">Jacques Delors<\/a> au moment de sa cr\u00e9ation en 1987. Sans Erasmus+, il ne peut y avoir de citoyennet\u00e9 europ\u00e9enne, ni de projet commun ambitieux, pas plus que d&rsquo;autonomie strat\u00e9gique face aux menaces imp\u00e9rialistes.<\/p>\n<p>En 2024, ce sont pr\u00e8s de\u202f185\u2009000\u202f\u00e9tudiants, <a href=\"https:\/\/www.latribune.fr\/economie\/union-europeenne\/ue-les-apprentis-vont-avoir-aussi-un-erasmus-de-longue-duree-600982.html\" target=\"_blank\" rel=\"noopener\">apprentis<\/a>, \u00e9l\u00e8ves, b\u00e9n\u00e9voles, demandeurs d&#8217;emploi ou enseignants, qui ont accompli une mobilit\u00e9 dans un autre pays pour d\u00e9velopper leurs comp\u00e9tences et tisser des liens avec d&rsquo;autres Europ\u00e9ens. Erasmus+ est une chance dans un parcours de vie.<\/p>\n<p>Il est temps maintenant de renforcer le programme en augmentant son budget pour r\u00e9pondre \u00e0 une demande croissante, et d&rsquo;inscrire la solidarit\u00e9 europ\u00e9enne au c\u0153ur de notre mod\u00e8le de d\u00e9veloppement. Nous appelons la Commission europ\u00e9enne, le Parlement europ\u00e9en et les gouvernements des \u00c9tats membres \u00e0 soutenir le programme Erasmus+ avec conviction, ambition et d\u00e9termination. L&rsquo;avenir de l&rsquo;Europe se construit dans la solidarit\u00e9, l&rsquo;\u00e9ducation et l&rsquo;\u00e9change.<\/p>\n<p>Signataires, membres du Cercle Erasmus+ <\/p>\n<ul>\n<li>Jean ARTHUIS, ancien ministre et d\u00e9put\u00e9 europ\u00e9en, pr\u00e9sident d&rsquo;Euro App Mobility<\/li>\n<li>Cl\u00e9ment BEAUNE, pr\u00e9sident du Cercle Erasmus+, ancien ministre de l&rsquo;Europe et des Transports<\/li>\n<li>Laure COUDRET-LAUT, ancienne directrice de l&rsquo;Agence Erasmus+ France \/ \u00c9ducation Formation<\/li>\n<li>Michel DERDEVET, pr\u00e9sident de Confrontations Europe, vice-pr\u00e9sident de la Maison de l&rsquo;Europe \u00e0 Paris<\/li>\n<li>Sonia DUBOURG-LAVROFF, inspectrice g\u00e9n\u00e9rale de l&rsquo;\u00c9ducation, du Sport et de la Recherche, ancienne directrice de l&rsquo;Agence Erasmus+ France \/ \u00c9ducation Formation<\/li>\n<li>Laurence FARRENG, d\u00e9put\u00e9e europ\u00e9enne, membre de la Commission de la culture et de l&rsquo;\u00e9ducation<\/li>\n<li>Gabriel FRAGA, vice-pr\u00e9sident de l&rsquo;Association nationale des directeurs et des cadres de l&rsquo;\u00e9ducation des villes et des collectivit\u00e9s territoriales (ANDEV)<\/li>\n<li>Samia GHOZLANE, directrice de la Grande \u00c9cole du Num\u00e9rique<\/li>\n<li>Antoine GODBERT, d\u00e9l\u00e9gu\u00e9 de r\u00e9gion acad\u00e9mique aux relations europ\u00e9ennes, internationales et \u00e0 la coop\u00e9ration (acad\u00e9mie de Paris), ancien directeur de l&rsquo;Agence Erasmus+ France \/ \u00c9ducation Formation<\/li>\n<li>Thibaut HAAN, d\u00e9l\u00e9gu\u00e9 g\u00e9n\u00e9ral du Parlement europ\u00e9en des Jeunes<\/li>\n<li>Arnaud NGATCHA, adjoint \u00e0 la Maire de Paris en charge de l&rsquo;Europe, des relations internationales et de la francophonie<\/li>\n<li>Julien PEA, directeur de la maison de l&rsquo;Europe en Bourgogne-Franche-Comt\u00e9<\/li>\n<li>Emma RAFOWICZ, d\u00e9put\u00e9e europ\u00e9enne, vice-pr\u00e9sidente de la commission de la culture et de l&rsquo;\u00e9ducation<\/li>\n<li>Sylvie RETAILLEAU, ancienne ministre de l&rsquo;Enseignement sup\u00e9rieur et de la Recherche, professeure des universit\u00e9s<\/li>\n<li>L\u00e9a ROMBEAUT, d\u00e9l\u00e9gu\u00e9e g\u00e9n\u00e9rale d&rsquo;Erasmus Student Network France<\/li>\n<li>Jean-Christophe SCIBERRAS, pr\u00e9sident-fondateur de NewBridges<\/li>\n<li>Thomas SPIELKAMP, directeur de l&rsquo;Agence Erasmus+ en Allemagne<\/li>\n<li>Lamri ADAOUI, pr\u00e9sident de France Universit\u00e9s<\/li>\n<li>Gabriel ATTAL, ancien Premier ministre, d\u00e9put\u00e9, pr\u00e9sident du parti Renaissance<\/li>\n<li>Martine AUBRY, ancienne maire de Lille<\/li>\n<li>Gil AV\u00c9ROUS, maire de Ch\u00e2teauroux, pr\u00e9sident des Villes de France<\/li>\n<li>Fr\u00e9d\u00e9rique BERROD, pr\u00e9sidente de l&rsquo;Universit\u00e9 de Strasbourg<\/li>\n<li>Philippe BESSON, \u00e9crivain<\/li>\n<li>Philippe BRIAND, pr\u00e9sident de l&rsquo;Universit\u00e9 Savoie Mont Blanc<\/li>\n<li>Pascal CANFIN, d\u00e9put\u00e9 europ\u00e9en<\/li>\n<li>`Barbara CASSIN, acad\u00e9micienne fran\u00e7aise<\/li>\n<li>Thomas CAZENAVE, ancien ministre des Comptes publics, d\u00e9put\u00e9 de la 1\u00e8re circonscription de Bordeaux<\/li>\n<li>Claire CHAZAL, journaliste<\/li>\n<li>Ilana CICUREL, ancienne d\u00e9put\u00e9e europ\u00e9enne<\/li>\n<li>Bertrand DELANO\u00cb, ancien maire de Paris<\/li>\n<li>Carole DELGA, pr\u00e9sidente de la r\u00e9gion Occitanie \/ Pyr\u00e9n\u00e9es-M\u00e9diterran\u00e9e<\/li>\n<li>St\u00e9phane DIAGANA, athl\u00e8te, m\u00e9daill\u00e9 olympique et consultant sportif<\/li>\n<li>Rita DIAS, pr\u00e9sidente Erasmus Student Network international<\/li>\n<li>Jo\u00ebl FOURNY, pr\u00e9sident des Chambres des m\u00e9tiers et de l&rsquo;artisanat<\/li>\n<li>Julie GAYET, actrice et productrice<\/li>\n<li>Anne GENETET, d\u00e9put\u00e9e, ancienne ministre de l&rsquo;\u00c9ducation nationale<\/li>\n<li>Rapha\u00ebl GLUCKSMANN, d\u00e9put\u00e9 europ\u00e9en<\/li>\n<li>Sandro GOZI, d\u00e9put\u00e9 europ\u00e9en<\/li>\n<li>Carole GRANDJEAN, ancienne ministre d\u00e9l\u00e9gu\u00e9e charg\u00e9e de l&rsquo;Enseignement et de la Formation professionnels, directrice des ressources humaines du Groupe Etam<\/li>\n<li>Sylvie GUILLAUME, ancienne d\u00e9put\u00e9e europ\u00e9enne<\/li>\n<li>Thibaut GUILLUY, directeur g\u00e9n\u00e9ral de France Travail<\/li>\n<li>Pierre HURMIC, maire de Bordeaux<\/li>\n<li>Cl\u00e9ment HERVIEU-L\u00c9GER, pensionnaire et administrateur g\u00e9n\u00e9ral de la Com\u00e9die-Fran\u00e7aise<\/li>\n<li>Fatiha KELOUA HACHI, d\u00e9put\u00e9e, pr\u00e9sidente de la commission culture et \u00e9ducation<\/li>\n<li>C\u00e9dric KLAPISCH, cin\u00e9aste<\/li>\n<li>Alain LAMASSOURE, ancien ministre et d\u00e9put\u00e9 europ\u00e9en<\/li>\n<li>Jack LANG, pr\u00e9sident de l&rsquo;Institut du monde arabe<\/li>\n<li>Isabella LENARDUZZI, directrice-fondatrice de JUMP<\/li>\n<li>Sylvain MAILLARD, d\u00e9put\u00e9, initiateur de la loi \u00ab\u00a0Erasmus de l&rsquo;apprentissage\u00a0\u00bb<\/li>\n<li>Patrick MARTIN, pr\u00e9sident du Mouvement des entreprises de France (MEDEF)<\/li>\n<li>Thierry MARX, chef \u00e9toil\u00e9, homme d&rsquo;affaires<\/li>\n<li>Claudine MONTEIL, \u00e9crivaine, diplomate et pr\u00e9sidente de Femmes Monde<\/li>\n<li>Renaud MUSELIER, pr\u00e9sident du conseil r\u00e9gional de Provence-Alpes-C\u00f4te d&rsquo;Azur<\/li>\n<li>Marie-Jos\u00e9 P\u00c9REC, athl\u00e8te, championne olympique<\/li>\n<li>Florence POIVEY, pr\u00e9sidente de WorldSkills France<\/li>\n<li>Karine REVERTE, directrice g\u00e9n\u00e9rale de l&rsquo;association pour l&rsquo;insertion sociale et professionnelle des personnes en situation de handicap (LADAPT)<\/li>\n<li>Franck RIESTER, ancien ministre, d\u00e9put\u00e9<\/li>\n<li>Sylvie ROBERT, vice-pr\u00e9sidente du S\u00e9nat<\/li>\n<li>Le\u00efla SLIMANI, \u00e9crivaine, laur\u00e9ate du prix Goncourt<\/li>\n<li>C\u00e9dric VILLANI, math\u00e9maticien, laur\u00e9at de la m\u00e9daille Fields<\/li>\n<li>Salima YENBOU, ancienne d\u00e9put\u00e9e europ\u00e9enne<\/li>\n<\/ul>\n<p class=\"rev-margin-0 rev-text-xs-bold !text-lt-neutral-30 mt-[32px]\">Par Cl\u00e9ment Beaune, pr\u00e9sident du Cercle Erasmus+, et 60 autres signataires<\/p>\n","protected":false},"excerpt":{"rendered":"Face \u00e0 l&rsquo;urgence et \u00e0 la r\u00e9currence des crises contemporaines, \u00e0 commencer par la guerre \u00e0 nos fronti\u00e8res&hellip;\n","protected":false},"author":2,"featured_media":22298,"comment_status":"","ping_status":"","sticky":false,"template":"","format":"standard","meta":{"footnotes":""},"categories":[1586],"tags":[8272,17,11,8274,8273,1777,674,1779,1011,27,3102,5207,12,4536,5912,25,1778,364],"class_list":{"0":"post-22297","1":"post","2":"type-post","3":"status-publish","4":"format-standard","5":"has-post-thumbnail","7":"category-europe","8":"tag-renforcons","9":"tag-17","10":"tag-actualites","11":"tag-dunite","12":"tag-erasmus","13":"tag-eu","14":"tag-europe","15":"tag-european-union","16":"tag-fr","17":"tag-france","18":"tag-la-tribune-dimanche","19":"tag-moteur","20":"tag-news","21":"tag-opinion","22":"tag-par","23":"tag-republique-francaise","24":"tag-ue","25":"tag-union-europeenne"},"share_on_mastodon":{"url":"https:\/\/pubeurope.com\/@fr\/114330953573690615","error":""},"_links":{"self":[{"href":"https:\/\/www.europesays.com\/fr\/wp-json\/wp\/v2\/posts\/22297","targetHints":{"allow":["GET"]}}],"collection":[{"href":"https:\/\/www.europesays.com\/fr\/wp-json\/wp\/v2\/posts"}],"about":[{"href":"https:\/\/www.europesays.com\/fr\/wp-json\/wp\/v2\/types\/post"}],"author":[{"embeddable":true,"href":"https:\/\/www.europesays.com\/fr\/wp-json\/wp\/v2\/users\/2"}],"replies":[{"embeddable":true,"href":"https:\/\/www.europesays.com\/fr\/wp-json\/wp\/v2\/comments?post=22297"}],"version-history":[{"count":0,"href":"https:\/\/www.europesays.com\/fr\/wp-json\/wp\/v2\/posts\/22297\/revisions"}],"wp:featuredmedia":[{"embeddable":true,"href":"https:\/\/www.europesays.com\/fr\/wp-json\/wp\/v2\/media\/22298"}],"wp:attachment":[{"href":"https:\/\/www.europesays.com\/fr\/wp-json\/wp\/v2\/media?parent=22297"}],"wp:term":[{"taxonomy":"category","embeddable":true,"href":"https:\/\/www.europesays.com\/fr\/wp-json\/wp\/v2\/categories?post=22297"},{"taxonomy":"post_tag","embeddable":true,"href":"https:\/\/www.europesays.com\/fr\/wp-json\/wp\/v2\/tags?post=22297"}],"curies":[{"name":"wp","href":"https:\/\/api.w.org\/{rel}","templated":true}]}}