{"id":222974,"date":"2025-07-03T11:09:12","date_gmt":"2025-07-03T11:09:12","guid":{"rendered":"https:\/\/www.europesays.com\/fr\/222974\/"},"modified":"2025-07-03T11:09:12","modified_gmt":"2025-07-03T11:09:12","slug":"tout-en-bois-cette-passerelle-geante-va-etre-construite-pres-du-parc-de-la-pepiniere","status":"publish","type":"post","link":"https:\/\/www.europesays.com\/fr\/222974\/","title":{"rendered":"tout en bois, cette passerelle g\u00e9ante va \u00eatre construite pr\u00e8s du parc\u00a0de\u00a0la\u00a0P\u00e9pini\u00e8re"},"content":{"rendered":"<p>            Par<br \/>\n        <strong><br \/>\n            <a href=\"https:\/\/actu.fr\/auteur\/pierre-emile-bouchy-actu-fr\" title=\"Consulter tous les articles de Paul-Emile Bouchy\" target=\"_blank\" rel=\"noopener\">Paul-Emile Bouchy<\/a><br \/>\n        <\/strong><\/p>\n<p>        Publi\u00e9 le<\/p>\n<p>            3 juil. 2025 \u00e0 12h57        <\/p>\n<p>Dans les prochaines ann\u00e9es, le <a href=\"https:\/\/actu.fr\/grand-est\/nancy_54395\/entre-nancy-et-maxeville-ce-quartier-va-se-transformer-dans-les-annees-a-venir_58641376.html\" target=\"_blank\" rel=\"noopener\">quartier Rives de Meurthe nord<\/a> va changer profond\u00e9ment de visage avec la construction de la <a href=\"https:\/\/actu.fr\/grand-est\/nancy_54395\/la-nouvelle-cite-judiciaire-de-nancy-ne-sera-pas-en-service-avant-le-debut-des-annees-2030-selon-le-maire_62404416.html\" target=\"_blank\" rel=\"noopener\">nouvelle cit\u00e9 judiciaire<\/a> sur l\u2019ancien site Alstom et la mise en service d\u2019<a href=\"https:\/\/actu.fr\/grand-est\/nancy_54395\/on-connait-le-futur-trace-de-l-urbanloop-a-nancy-passera-t-il-par-chez-vous_60203021.html\" target=\"_blank\" rel=\"noopener\">Urbanloop<\/a> entre Max\u00e9ville et l\u2019arr\u00eat Saint-Georges.<\/p>\n<p class=\" wall-content\">Pour <strong>relier facilement ce quartier au centre-ville de Nancy<\/strong>, une <a href=\"https:\/\/actu.fr\/grand-est\/nancy_54395\/une-passerelle-geante-va-relier-ce-quartier-de-nancy-au-parc-de-la-pepiniere_59917953.html\" target=\"_blank\" rel=\"noopener\">passerelle g\u00e9ante<\/a> r\u00e9serv\u00e9e aux pi\u00e9tons et aux cyclistes va voir le jour.<\/p>\n<p>Une passerelle de 350\u00a0m\u00e8tres de long tout en bois<\/p>\n<p class=\" wall-content\">Dessin\u00e9e par l\u2019architecte Christophe Aubertin, cette passerelle passera au-dessus du canal de la Marne au Rhin <strong>entre l\u2019ancienne glaci\u00e8re<\/strong>, pr\u00e8s du <a href=\"https:\/\/actu.fr\/tag\/parc-de-la-pepiniere\" target=\"_blank\" rel=\"noopener\">parc de la P\u00e9pini\u00e8re<\/a>, <strong>et le futur parvis de la cit\u00e9 judiciaire<\/strong>.<\/p>\n<p class=\" wall-content\">\u00ab\u2009Elle sera <strong>haute de 7\u00a0m\u00e8tres<\/strong> pour faire passer les bateaux avec <strong>une pente de 5\u2009% pour les personnes \u00e0 mobilit\u00e9 r\u00e9duite<\/strong>, explique l\u2019architecte. Pour y parvenir, il faut faire <strong>une passerelle de 350\u00a0m\u00e8tres<\/strong> dont 150\u00a0m\u00e8tres de chaque c\u00f4t\u00e9 pour monter et descendre.\u2009\u00bb<\/p>\n<p class=\" wall-content\"><strong>Sa charpente sera enti\u00e8rement en bois<\/strong>, soutenue par des poteaux en b\u00e9ton. Large de 5\u00a0m\u00e8tres pour accueillir les pi\u00e9tons et deux <a href=\"https:\/\/actu.fr\/tag\/pistes-cyclables\" target=\"_blank\" rel=\"noopener\">pistes cyclables<\/a>, la passerelle sera recouverte d\u2019asphalte.<\/p>\n<p>Vid\u00e9os : en ce moment sur Actu<br \/>\n    <img   decoding=\"async\" loading=\"lazy\" src=\"https:\/\/www.europesays.com\/fr\/wp-content\/uploads\/2025\/07\/nancy-passerelle-bois-parc-pepiniere-canal-960x640.jpg\" alt=\"Cette passerelle sera aussi connect\u00e9e \u00e0 la piste cyclable du viaduc Louis-Marin (VEBE), situ\u00e9e juste \u00e0 c\u00f4t\u00e9.\" width=\"960\" height=\"640\"\/><br \/>\n    Cette passerelle sera aussi connect\u00e9e \u00e0 la piste cyclable du viaduc Louis-Marin (VEBE), situ\u00e9e juste \u00e0 c\u00f4t\u00e9. (\u00a9Studiolada &amp; ArtefactoryLab)Une halle et une buvette sous la passerelle<\/p>\n<p class=\" wall-content\">Cette passerelle aura aussi une particularit\u00e9. Du c\u00f4t\u00e9 du parvis de la cit\u00e9 judiciaire, une <strong>halle de 150 m\u00b2 sera cr\u00e9\u00e9e sous son tablier<\/strong> pour y accueillir des march\u00e9s locaux ou de petits \u00e9v\u00e8nements. Un peu plus loin, <strong>une buvette de 100 m\u00b2<\/strong> verra aussi le jour.<\/p>\n<p class=\" wall-content\">Le co\u00fbt de cette passerelle est chiffr\u00e9 \u00e0 <strong>7,5\u00a0millions d\u2019euros<\/strong>. Pour le moment, aucun calendrier pr\u00e9visionnel du chantier n\u2019a \u00e9t\u00e9 indiqu\u00e9.<\/p>\n<p class=\" wall-content\">Mathieu Klein, pr\u00e9sident de la M\u00e9tropole du Grand Nancy, pr\u00e9cise qu\u2019il d\u00e9pendra de celui de la future cit\u00e9 judiciaire. Il doit s\u2019entretenir \u00e0 ce sujet avec le ministre de la Justice, G\u00e9rald Darmanin, dans le courant du mois de juillet.<\/p>\n<p class=\" wall-content\">Suivez toute l\u2019actualit\u00e9 de vos villes et m\u00e9dias favoris en vous inscrivant \u00e0 <a href=\"https:\/\/moncompte.actu.fr\" title=\"D\u00e9couvez Mon Actu\" rel=\"nofollow noopener\" data-trk=\"{&quot;cta&quot;:{&quot;action&quot;:&quot;https:\\\/\\\/moncompte.actu.fr&quot;,&quot;category&quot;:&quot;mon compte&quot;,&quot;from&quot;:&quot;article footer&quot;,&quot;name&quot;:&quot;Mon actu&quot;,&quot;type&quot;:&quot;cta&quot;}}\" target=\"_blank\">Mon Actu<\/a>.<\/p>\n<ul class=\"ac-article-tag wall-content\">\n<li><a href=\"https:\/\/actu.fr\/tag\/parc-de-la-pepiniere\" data-trk=\"{&quot;cta&quot;:{&quot;action&quot;:&quot;Parc de la P\\u00e9pini\\u00e8re&quot;,&quot;category&quot;:&quot;tag&quot;,&quot;from&quot;:&quot;article footer&quot;,&quot;name&quot;:&quot;Parc de la P\\u00e9pini\\u00e8re&quot;,&quot;type&quot;:&quot;cta&quot;}}\" target=\"_blank\" rel=\"noopener\">#Parc de la P\u00e9pini\u00e8re<\/a><\/li>\n<li><a href=\"https:\/\/actu.fr\/tag\/urbanisme\" data-trk=\"{&quot;cta&quot;:{&quot;action&quot;:&quot;Urbanisme&quot;,&quot;category&quot;:&quot;tag&quot;,&quot;from&quot;:&quot;article footer&quot;,&quot;name&quot;:&quot;Urbanisme&quot;,&quot;type&quot;:&quot;cta&quot;}}\" target=\"_blank\" rel=\"noopener\">#Urbanisme<\/a><\/li>\n<\/ul>\n","protected":false},"excerpt":{"rendered":"Par Paul-Emile Bouchy Publi\u00e9 le 3 juil. 2025 \u00e0 12h57 Dans les prochaines ann\u00e9es, le quartier Rives de&hellip;\n","protected":false},"author":2,"featured_media":222975,"comment_status":"","ping_status":"","sticky":false,"template":"","format":"standard","meta":{"footnotes":""},"categories":[9635],"tags":[1111,11,1777,674,1011,27,775,1702,12,11014,25,104,1352],"class_list":{"0":"post-222974","1":"post","2":"type-post","3":"status-publish","4":"format-standard","5":"has-post-thumbnail","7":"category-nancy","8":"tag-actu","9":"tag-actualites","10":"tag-eu","11":"tag-europe","12":"tag-fr","13":"tag-france","14":"tag-grand-est","15":"tag-nancy","16":"tag-news","17":"tag-parc-de-la-pepiniere","18":"tag-republique-francaise","19":"tag-societe","20":"tag-urbanisme"},"share_on_mastodon":{"url":"https:\/\/pubeurope.com\/@fr\/114788995151708253","error":""},"_links":{"self":[{"href":"https:\/\/www.europesays.com\/fr\/wp-json\/wp\/v2\/posts\/222974","targetHints":{"allow":["GET"]}}],"collection":[{"href":"https:\/\/www.europesays.com\/fr\/wp-json\/wp\/v2\/posts"}],"about":[{"href":"https:\/\/www.europesays.com\/fr\/wp-json\/wp\/v2\/types\/post"}],"author":[{"embeddable":true,"href":"https:\/\/www.europesays.com\/fr\/wp-json\/wp\/v2\/users\/2"}],"replies":[{"embeddable":true,"href":"https:\/\/www.europesays.com\/fr\/wp-json\/wp\/v2\/comments?post=222974"}],"version-history":[{"count":0,"href":"https:\/\/www.europesays.com\/fr\/wp-json\/wp\/v2\/posts\/222974\/revisions"}],"wp:featuredmedia":[{"embeddable":true,"href":"https:\/\/www.europesays.com\/fr\/wp-json\/wp\/v2\/media\/222975"}],"wp:attachment":[{"href":"https:\/\/www.europesays.com\/fr\/wp-json\/wp\/v2\/media?parent=222974"}],"wp:term":[{"taxonomy":"category","embeddable":true,"href":"https:\/\/www.europesays.com\/fr\/wp-json\/wp\/v2\/categories?post=222974"},{"taxonomy":"post_tag","embeddable":true,"href":"https:\/\/www.europesays.com\/fr\/wp-json\/wp\/v2\/tags?post=222974"}],"curies":[{"name":"wp","href":"https:\/\/api.w.org\/{rel}","templated":true}]}}