{"id":222984,"date":"2025-07-03T11:15:15","date_gmt":"2025-07-03T11:15:15","guid":{"rendered":"https:\/\/www.europesays.com\/fr\/222984\/"},"modified":"2025-07-03T11:15:15","modified_gmt":"2025-07-03T11:15:15","slug":"importants-travaux-sur-la-route-tres-frequentee-de-rouen-durant-plusieurs-mois-a-troarn","status":"publish","type":"post","link":"https:\/\/www.europesays.com\/fr\/222984\/","title":{"rendered":"Importants travaux sur la route tr\u00e8s fr\u00e9quent\u00e9e de Rouen durant plusieurs mois \u00e0 Troarn"},"content":{"rendered":"<p>            Par<br \/>\n        <strong><br \/>\n            <a href=\"https:\/\/actu.fr\/auteur\/journaliste-liberte\" title=\"Consulter tous les articles de R\u00e9daction Caen\" target=\"_blank\" rel=\"noopener\">R\u00e9daction Caen<\/a><br \/>\n        <\/strong><\/p>\n<p>        Publi\u00e9 le<\/p>\n<p>            3 juil. 2025 \u00e0 12h46        <\/p>\n<p>Comme le signalent diff\u00e9rents panneaux aux abords du chantier \u00e0 <b>Troarn<\/b>, pr\u00e8s de <a href=\"https:\/\/actu.fr\/normandie\/caen_14118\" target=\"_blank\" rel=\"noopener\">Caen<\/a> (Calvados), et les informations relay\u00e9es par la municipalit\u00e9,<b> d\u2019Importants travaux<\/b> se d\u00e9roulent depuis le 10 juin 2025<b> sur la route de Rouen (RD 675 \u2013 c\u00f4t\u00e9 Est), et la rue du Square<\/b>, sur environ <b>400 m dans la descente en fin de bourg<\/b> en direction des marais de Saint-Samson.<\/p>\n<p>Des travaux pouvant s\u2019\u00e9taler sur sept mois<\/p>\n<p class=\" wall-content\">Il s\u2019agit d\u2019un <b>ensemble de r\u00e9am\u00e9nagements<\/b> : enfouissement des r\u00e9seaux (<b>dur\u00e9e 5 semaines<\/b>), voirie et \u00e9clairage public (<b>dur\u00e9e 30 semaines<\/b>). Ces chantiers correspondent \u00e0 la <b>derni\u00e8re tranche restant \u00e0 faire <\/b>sur le c\u0153ur de bourg.<\/p>\n<p>Un chantier \u00e0 504 000 euros<\/p>\n<p class=\" wall-content\">Ce chantier mobilise une coordination d\u2019acteurs : la ma\u00eetrise d\u2019ouvrage revient \u00e0 la Communaut\u00e9 urbaine Caen la mer et le D\u00e9partement du Calvados. Le montant total des travaux s\u2019\u00e9l\u00e8ve \u00e0<b> 504 000\u00a0euros TTC<\/b>, financ\u00e9s par Caen la mer, Troarn et le D\u00e9partement du Calvados.<\/p>\n<p>Une circulation altern\u00e9e mise en place<\/p>\n<p class=\" wall-content\">Un <b>dispositif de circulation altern\u00e9e <\/b>a \u00e9t\u00e9 mis en place, pour tenter de pr\u00e9server un \u00e9quilibre entre la n\u00e9cessit\u00e9 de circulation automobile et celle de s\u00e9curisation du chantier.<\/p>\n<p>Vid\u00e9os : en ce moment sur Actu<\/p>\n<p class=\" wall-content\">Or cet axe routier Caen-Rouen, par Dozul\u00e9, voit passer quotidiennement <b>des milliers de v\u00e9hicules<\/b>, notamment des camions, ce qui cr\u00e9e d\u00e9j\u00e0 d\u2019ordinaire des encombrements aux heures de pointe. Ce probl\u00e8me se trouve momentan\u00e9ment aggrav\u00e9 par la circulation de convois agricoles, in\u00e9vitables en cette p\u00e9riode de r\u00e9colte des foins et de moisson. Il est donc recommand\u00e9 aux usagers de la route de contourner, dans la mesure du possible, ce secteur durant toute la dur\u00e9e des travaux.<\/p>\n<p class=\" wall-content\">Suivez toute l\u2019actualit\u00e9 de vos villes et m\u00e9dias favoris en vous inscrivant \u00e0 <a href=\"https:\/\/moncompte.actu.fr\" title=\"D\u00e9couvez Mon Actu\" rel=\"nofollow noopener\" data-trk=\"{&quot;cta&quot;:{&quot;action&quot;:&quot;https:\\\/\\\/moncompte.actu.fr&quot;,&quot;category&quot;:&quot;mon compte&quot;,&quot;from&quot;:&quot;article footer&quot;,&quot;name&quot;:&quot;Mon actu&quot;,&quot;type&quot;:&quot;cta&quot;}}\" target=\"_blank\">Mon Actu<\/a>.<\/p>\n","protected":false},"excerpt":{"rendered":"Par R\u00e9daction Caen Publi\u00e9 le 3 juil. 2025 \u00e0 12h46 Comme le signalent diff\u00e9rents panneaux aux abords du&hellip;\n","protected":false},"author":2,"featured_media":222985,"comment_status":"","ping_status":"","sticky":false,"template":"","format":"standard","meta":{"footnotes":""},"categories":[9587],"tags":[1111,11,5492,1777,674,1011,27,12,5161,25,9590,104,2086],"class_list":{"0":"post-222984","1":"post","2":"type-post","3":"status-publish","4":"format-standard","5":"has-post-thumbnail","7":"category-rouen","8":"tag-actu","9":"tag-actualites","10":"tag-caen","11":"tag-eu","12":"tag-europe","13":"tag-fr","14":"tag-france","15":"tag-news","16":"tag-normandie","17":"tag-republique-francaise","18":"tag-rouen","19":"tag-societe","20":"tag-travaux"},"share_on_mastodon":{"url":"https:\/\/pubeurope.com\/@fr\/114789019018513475","error":""},"_links":{"self":[{"href":"https:\/\/www.europesays.com\/fr\/wp-json\/wp\/v2\/posts\/222984","targetHints":{"allow":["GET"]}}],"collection":[{"href":"https:\/\/www.europesays.com\/fr\/wp-json\/wp\/v2\/posts"}],"about":[{"href":"https:\/\/www.europesays.com\/fr\/wp-json\/wp\/v2\/types\/post"}],"author":[{"embeddable":true,"href":"https:\/\/www.europesays.com\/fr\/wp-json\/wp\/v2\/users\/2"}],"replies":[{"embeddable":true,"href":"https:\/\/www.europesays.com\/fr\/wp-json\/wp\/v2\/comments?post=222984"}],"version-history":[{"count":0,"href":"https:\/\/www.europesays.com\/fr\/wp-json\/wp\/v2\/posts\/222984\/revisions"}],"wp:featuredmedia":[{"embeddable":true,"href":"https:\/\/www.europesays.com\/fr\/wp-json\/wp\/v2\/media\/222985"}],"wp:attachment":[{"href":"https:\/\/www.europesays.com\/fr\/wp-json\/wp\/v2\/media?parent=222984"}],"wp:term":[{"taxonomy":"category","embeddable":true,"href":"https:\/\/www.europesays.com\/fr\/wp-json\/wp\/v2\/categories?post=222984"},{"taxonomy":"post_tag","embeddable":true,"href":"https:\/\/www.europesays.com\/fr\/wp-json\/wp\/v2\/tags?post=222984"}],"curies":[{"name":"wp","href":"https:\/\/api.w.org\/{rel}","templated":true}]}}