{"id":222992,"date":"2025-07-03T11:25:25","date_gmt":"2025-07-03T11:25:25","guid":{"rendered":"https:\/\/www.europesays.com\/fr\/222992\/"},"modified":"2025-07-03T11:25:25","modified_gmt":"2025-07-03T11:25:25","slug":"secteur-de-saverne-et-alsace-bossue-la-compagnie-les-ombres-des-soirs-deploie-son-festival-de-theatre-itinerant","status":"publish","type":"post","link":"https:\/\/www.europesays.com\/fr\/222992\/","title":{"rendered":"Secteur de Saverne et Alsace Bossue. La compagnie Les Ombres des Soirs d\u00e9ploie son festival de th\u00e9\u00e2tre itin\u00e9rant"},"content":{"rendered":"<p>Pour la quatri\u00e8me ann\u00e9e cons\u00e9cutive, le festival de th\u00e9\u00e2tre itin\u00e9rant de <a href=\"https:\/\/www.dna.fr\/culture-loisirs\/2024\/11\/07\/seditieusement-geant\" target=\"_blank\" rel=\"noopener\">la compagnie Les Ombres des Soirs<\/a> s\u2019invite en plein air dans les petites communes du Grand Est, pour proposer une soixantaine de repr\u00e9sentations dans toute la r\u00e9gion.<\/p>\n<p>Cette saison, la programmation tourne autour de cinq pi\u00e8ces allant du th\u00e9\u00e2tre classique \u00e0 des cr\u00e9ations contemporaines, accessibles pour certaines d\u00e8s 6 ans. Un choix men\u00e9 par l\u2019intention de \u00ab\u00a0trouver l\u2019\u00e9quation juste entre l\u2019exigence et l\u2019accessibilit\u00e9\u00a0\u00bb tout en variant les formes, comme l\u2019explique son directeur artistique, Youssouf Abi-Ayad.<\/p>\n<p>  Trois spectacles dans les alentours<\/p>\n<p>Parmi toutes ces dates, trois se tiendront sur le territoire. La compagnie jouera <a href=\"https:\/\/www.dna.fr\/culture-loisirs\/2024\/02\/18\/cendrillon-en-version-moderne-et-pas-si-feerique-que-ca\" target=\"_blank\" rel=\"noopener\">Cendrillon<\/a><a href=\"https:\/\/www.dna.fr\/culture-loisirs\/2024\/02\/18\/cendrillon-en-version-moderne-et-pas-si-feerique-que-ca\" target=\"_blank\" rel=\"noopener\"> de Pommerat<\/a>, \u00e0 Waldhambach et Saessolsheim le week-end des 5 et 6\u00a0juillet.<\/p>\n<p>\u00ab\u00a0Je voulais transmettre cette parole tellement sensible au plus grand nombre\u00a0\u00bb, justifie Youssouf Abi-Ayad, par rapport \u00e0 ce choix de r\u00e9\u00e9criture du conte classique, devenu une pi\u00e8ce phare du r\u00e9pertoire contemporain. \u00c0 travers le regard de Sandra, une jeune fille confront\u00e9e \u00e0 la disparition de sa m\u00e8re, la pi\u00e8ce porte un regard intime sur l\u2019adolescence et la douleur.<\/p>\n<p>Autre rendez-vous, \u00e0\u00a0Keskastel, le dimanche 6\u00a0juillet pour cette fois-ci d\u00e9couvrir Angelo, tyran de Padoue, drame romantique de Victor Hugo. Dans l\u2019Italie du XVIe, la ville de Padoue vit sous la tyrannie d\u2019Angelo, un puissant magistrat. Les ambitions du personnage se heurteront \u00e0 l\u2019amour et la trahison.<\/p>\n<p>La Cantatrice chauve de Ionesco mais aussi Cr\u00e9ature et <a href=\"https:\/\/www.dna.fr\/culture-loisirs\/2025\/01\/08\/prolongations-pour-le-talent-d-achille\" target=\"_blank\" rel=\"noopener\">Talent d\u2019Achille<\/a> font aussi partie de la programmation. La billetterie est en ligne.<\/p>\n<p class=\"note\">Informations pratiques : samedi 5 juillet, Cendrillon de Pommerat, d\u00e8s 10 ans, \u00e0 15 h rue du Stade \u00e0 Waldhambach. Dimanche 6 juillet, Angelo, tyran de Padoue de Victor Hugo, d\u00e8s 12 ans, \u00e0 14 h au camping de Keskastel. Dimanche 6 juillet, Cendrillon de Pommerat, d\u00e8s 10 ans, \u00e0 20 h 30 la Ferme Terre et vie, 1, rue de l\u2019\u00c9cole \u00e0 Saessolsheim.<br \/>Billetterie : <a href=\"https:\/\/www.billetweb.fr\/festival-de-theatre-itinerant-2025\" target=\"_blank\" rel=\"noopener\">www.billetweb.fr\/festival-de-theatre-itinerant-2025<\/a><\/p>\n","protected":false},"excerpt":{"rendered":"Pour la quatri\u00e8me ann\u00e9e cons\u00e9cutive, le festival de th\u00e9\u00e2tre itin\u00e9rant de la compagnie Les Ombres des Soirs s\u2019invite&hellip;\n","protected":false},"author":2,"featured_media":222993,"comment_status":"","ping_status":"","sticky":false,"template":"","format":"standard","meta":{"footnotes":""},"categories":[2820],"tags":[1111,11,1687,5644,27337,1777,674,3326,107,1011,27,775,31183,12,25,9554,3140,640],"class_list":{"0":"post-222992","1":"post","2":"type-post","3":"status-publish","4":"format-standard","5":"has-post-thumbnail","7":"category-strasbourg","8":"tag-actu","9":"tag-actualites","10":"tag-culture-loisirs","11":"tag-edition-saverne-sarre-union","12":"tag-estivales","13":"tag-eu","14":"tag-europe","15":"tag-fete-locale","16":"tag-fil-info","17":"tag-fr","18":"tag-france","19":"tag-grand-est","20":"tag-keskastel","21":"tag-news","22":"tag-republique-francaise","23":"tag-secteur-de-sarre-union","24":"tag-spectacle","25":"tag-strasbourg"},"share_on_mastodon":{"url":"https:\/\/pubeurope.com\/@fr\/114789058159060833","error":""},"_links":{"self":[{"href":"https:\/\/www.europesays.com\/fr\/wp-json\/wp\/v2\/posts\/222992","targetHints":{"allow":["GET"]}}],"collection":[{"href":"https:\/\/www.europesays.com\/fr\/wp-json\/wp\/v2\/posts"}],"about":[{"href":"https:\/\/www.europesays.com\/fr\/wp-json\/wp\/v2\/types\/post"}],"author":[{"embeddable":true,"href":"https:\/\/www.europesays.com\/fr\/wp-json\/wp\/v2\/users\/2"}],"replies":[{"embeddable":true,"href":"https:\/\/www.europesays.com\/fr\/wp-json\/wp\/v2\/comments?post=222992"}],"version-history":[{"count":0,"href":"https:\/\/www.europesays.com\/fr\/wp-json\/wp\/v2\/posts\/222992\/revisions"}],"wp:featuredmedia":[{"embeddable":true,"href":"https:\/\/www.europesays.com\/fr\/wp-json\/wp\/v2\/media\/222993"}],"wp:attachment":[{"href":"https:\/\/www.europesays.com\/fr\/wp-json\/wp\/v2\/media?parent=222992"}],"wp:term":[{"taxonomy":"category","embeddable":true,"href":"https:\/\/www.europesays.com\/fr\/wp-json\/wp\/v2\/categories?post=222992"},{"taxonomy":"post_tag","embeddable":true,"href":"https:\/\/www.europesays.com\/fr\/wp-json\/wp\/v2\/tags?post=222992"}],"curies":[{"name":"wp","href":"https:\/\/api.w.org\/{rel}","templated":true}]}}