{"id":222998,"date":"2025-07-03T11:29:10","date_gmt":"2025-07-03T11:29:10","guid":{"rendered":"https:\/\/www.europesays.com\/fr\/222998\/"},"modified":"2025-07-03T11:29:10","modified_gmt":"2025-07-03T11:29:10","slug":"pres-dun-an-apres-lincendie-criminel-aux-moulins-deux-nouvelles-interpellations","status":"publish","type":"post","link":"https:\/\/www.europesays.com\/fr\/222998\/","title":{"rendered":"pr\u00e8s d\u2019un an apr\u00e8s l\u2019incendie criminel aux Moulins, deux nouvelles interpellations"},"content":{"rendered":"<p>Quatre suspects avaient d\u00e9j\u00e0 \u00e9t\u00e9 interpell\u00e9s et \u00e9crou\u00e9s dans cet incendie sur fond de narcotrafic qui avait tu\u00e9 sept personnes d\u2019une m\u00eame famille.<\/p>\n<p class=\"fig-paragraph\">Les enqu\u00eateurs poursuivent leurs efforts pour rattraper l\u2019ensemble des protagonistes de\u00a0<a href=\"http:\/\/www.lefigaro.fr\/nice\/on-cherchait-des-extincteurs-et-il-n-y-en-avait-pas-a-nice-l-emotion-et-la-colere-apres-l-incendie-criminel-qui-a-fait-7-morts-20240718\" data-fig-type=\"Article\" data-gtm-custom-categorie=\"navigation\" data-gtm-custom-action=\"crossclick\" data-gtm-custom-label=\"Contextuel\" data-gtm-event=\"customEventSPE\" data-fig-domain=\"LEFIGARO\" target=\"_blank\" rel=\"noopener\">l\u2019incendie criminel survenu \u00e0 Nice<\/a>\u00a0(Alpes-Maritimes), le 18 juillet dernier, dans\u00a0<a href=\"http:\/\/www.lefigaro.fr\/nice\/on-vit-dans-la-peur-a-nice-la-colere-ne-retombe-pas-aux-moulins-une-semaine-apres-l-incendie-mortel-20240725\" data-fig-type=\"NewsFlash\" data-gtm-custom-categorie=\"navigation\" data-gtm-custom-action=\"crossclick\" data-gtm-custom-label=\"Contextuel\" data-gtm-event=\"customEventSPE\" data-fig-domain=\"LEFIGARO\" target=\"_blank\" rel=\"noopener\">le quartier des Moulins<\/a>. Pr\u00e8s d\u2019un an apr\u00e8s les faits, deux nouvelles personnes ont \u00e9t\u00e9 interpell\u00e9es en d\u00e9but de semaine. \u00abJe vous confirme deux gardes \u00e0 vue en cours\u00bb, indique le procureur Damien Martinelli, confirmant les informations du quotidien r\u00e9gional Nice-Matin.<\/p>\n<p class=\"fig-paragraph\">Quatre jeunes individus avaient d\u00e9j\u00e0 \u00e9t\u00e9 arr\u00eat\u00e9s et \u00e9crou\u00e9s dans les deux semaines qui ont suivi cet incendie, un lien ayant \u00e9t\u00e9 \u00e9tabli avec le\u00a0<a href=\"http:\/\/www.lefigaro.fr\/nice\/reglement-de-comptes-a-nice-le-tireur-un-marseillais-de-20-ans-avait-ete-recrute-contre-2000-euros-20250205\" data-fig-type=\"NewsFlash\" data-gtm-custom-categorie=\"navigation\" data-gtm-custom-action=\"crossclick\" data-gtm-custom-label=\"Contextuel\" data-gtm-event=\"customEventSPE\" data-fig-domain=\"LEFIGARO\" target=\"_blank\" rel=\"noopener\">narcotrafic<\/a>\u00a0dans ce quartier de l\u2019ouest ni\u00e7ois. Un appartement au dernier \u00e9tage, rue de la Santoline, s\u2019\u00e9tait embras\u00e9 dans la nuit et sept personnes d\u2019une m\u00eame famille, dont trois enfants, avaient p\u00e9ri, victimes collat\u00e9rales d\u2019un r\u00e8glement de comptes.<\/p>\n<p>                                    <a class=\"fig-a11y-skip a11y-hidden\" href=\"#fig-a11y-skip-main-inarticle\"><br \/>\n        Passer la publicit\u00e9<br \/>\n    <\/a><\/p>\n<p>Six personnes d\u00e9sormais interpell\u00e9es dans cette affaire<\/p>\n<p class=\"fig-paragraph\">Un premier homme de 25 ans r\u00e9sidant dans les Alpes-Maritimes s\u2019\u00e9tait rendu le jour m\u00eame, expliquant avoir jou\u00e9 un r\u00f4le de convoyeur. Deux autres individus avaient ensuite \u00e9t\u00e9 interpell\u00e9s en r\u00e9gion parisienne les 21 et 24 juillet. Enfin, un mineur de 17 ans, domicili\u00e9 \u00e0 Saint-Denis et connu des autorit\u00e9s pour trafic de stup\u00e9fiants, avait \u00e9t\u00e9 interpell\u00e9 \u00e0 bord d\u2019un bus en partance d\u2019Espagne pour rejoindre la France. Ce dernier avait\u00a0<a href=\"http:\/\/www.lefigaro.fr\/nice\/incendie-criminel-a-nice-le-quatrieme-suspect-revele-avoir-ete-remunere-et-reconnait-les-faits-20240801\" data-fig-type=\"NewsFlash\" data-gtm-custom-categorie=\"navigation\" data-gtm-custom-action=\"crossclick\" data-gtm-custom-label=\"Contextuel\" data-gtm-event=\"customEventSPE\" data-fig-domain=\"LEFIGARO\" target=\"_blank\" rel=\"noopener\">reconnu son implication<\/a>\u00a0contre une r\u00e9mun\u00e9ration dans l\u2019incendie criminel de Nice, avait relat\u00e9 le parquet.<\/p>\n<p class=\"fig-paragraph\">Parmi ces interpell\u00e9s, trois pourraient bien avoir directement particip\u00e9 au d\u00e9part du feu en p\u00e9n\u00e9trant dans le b\u00e2timent le 18 juillet 2024. Mais cinq personnes au total avaient \u00e9t\u00e9 identifi\u00e9es comme ayant particip\u00e9 \u00e0 l\u2019acte incendiaire. Les deux personnes actuellement interrog\u00e9es au commissariat Auvare de Nice sont-elles celles recherch\u00e9es pour boucler cette vaste enqu\u00eate men\u00e9e par la police judiciaire\u00a0? Selon Nice-Matin, il ne s\u2019agirait que de \u00ablogisticiens\u00bb. Aucune pr\u00e9cision n\u2019a \u00e0 ce stade \u00e9t\u00e9 apport\u00e9e sur les profils des deux nouveaux interpell\u00e9s, le parquet expliquant vouloir communiquer d\u2019autres \u00e9l\u00e9ments \u00abult\u00e9rieurement\u00bb.<\/p>\n","protected":false},"excerpt":{"rendered":"Quatre suspects avaient d\u00e9j\u00e0 \u00e9t\u00e9 interpell\u00e9s et \u00e9crou\u00e9s dans cet incendie sur fond de narcotrafic qui avait tu\u00e9&hellip;\n","protected":false},"author":2,"featured_media":222999,"comment_status":"","ping_status":"","sticky":false,"template":"","format":"standard","meta":{"footnotes":""},"categories":[2819],"tags":[1111,11,1067,1777,674,1011,27,1310,8721,12,2401,882,25],"class_list":{"0":"post-222998","1":"post","2":"type-post","3":"status-publish","4":"format-standard","5":"has-post-thumbnail","7":"category-nice","8":"tag-actu","9":"tag-actualites","10":"tag-enquete","11":"tag-eu","12":"tag-europe","13":"tag-fr","14":"tag-france","15":"tag-incendie","16":"tag-narcotrafic","17":"tag-news","18":"tag-nice","19":"tag-provence-alpes-cote-dazur","20":"tag-republique-francaise"},"share_on_mastodon":{"url":"https:\/\/pubeurope.com\/@fr\/114789073937000716","error":""},"_links":{"self":[{"href":"https:\/\/www.europesays.com\/fr\/wp-json\/wp\/v2\/posts\/222998","targetHints":{"allow":["GET"]}}],"collection":[{"href":"https:\/\/www.europesays.com\/fr\/wp-json\/wp\/v2\/posts"}],"about":[{"href":"https:\/\/www.europesays.com\/fr\/wp-json\/wp\/v2\/types\/post"}],"author":[{"embeddable":true,"href":"https:\/\/www.europesays.com\/fr\/wp-json\/wp\/v2\/users\/2"}],"replies":[{"embeddable":true,"href":"https:\/\/www.europesays.com\/fr\/wp-json\/wp\/v2\/comments?post=222998"}],"version-history":[{"count":0,"href":"https:\/\/www.europesays.com\/fr\/wp-json\/wp\/v2\/posts\/222998\/revisions"}],"wp:featuredmedia":[{"embeddable":true,"href":"https:\/\/www.europesays.com\/fr\/wp-json\/wp\/v2\/media\/222999"}],"wp:attachment":[{"href":"https:\/\/www.europesays.com\/fr\/wp-json\/wp\/v2\/media?parent=222998"}],"wp:term":[{"taxonomy":"category","embeddable":true,"href":"https:\/\/www.europesays.com\/fr\/wp-json\/wp\/v2\/categories?post=222998"},{"taxonomy":"post_tag","embeddable":true,"href":"https:\/\/www.europesays.com\/fr\/wp-json\/wp\/v2\/tags?post=222998"}],"curies":[{"name":"wp","href":"https:\/\/api.w.org\/{rel}","templated":true}]}}