{"id":223000,"date":"2025-07-03T11:30:16","date_gmt":"2025-07-03T11:30:16","guid":{"rendered":"https:\/\/www.europesays.com\/fr\/223000\/"},"modified":"2025-07-03T11:30:16","modified_gmt":"2025-07-03T11:30:16","slug":"le-pere-dune-des-deux-ados-disparues-a-nantes-lance-un-appel-a-sa-fille","status":"publish","type":"post","link":"https:\/\/www.europesays.com\/fr\/223000\/","title":{"rendered":"le p\u00e8re d&rsquo;une des deux ados disparues \u00e0 Nantes lance un appel \u00e0 sa fille"},"content":{"rendered":"<p>            Par<br \/>\n        <strong><br \/>\n            <a href=\"https:\/\/actu.fr\/auteur\/laure-gentil\" title=\"Consulter tous les articles de Laure Gentil\" target=\"_blank\" rel=\"noopener\">Laure Gentil<\/a><br \/>\n        <\/strong><\/p>\n<p>        Publi\u00e9 le<\/p>\n<p>            3 juil. 2025 \u00e0 10h22        <\/p>\n<p><strong>Sofia<\/strong>, 15\u00a0ans et <strong>Djouliana<\/strong>, 16 ans ont, selon leurs familles respectives, quitt\u00e9 leur domicile, \u00ab\u2009dans la r\u00e9gion de Nantes\u2009\u00bb dans la nuit du jeudi 26 juin. <a href=\"https:\/\/actu.fr\/pays-de-la-loire\/nantes_44109\/deux-adolescentes-portees-disparues-a-nantes-une-enquete-est-ouverte_62853762.html\" target=\"_blank\" rel=\"noopener\">Le parquet de Nantes a ouvert une enqu\u00eate pour \u00ab\u2009disparitions inqui\u00e9tantes\u2009\u00bb.<\/a><\/p>\n<p class=\" wall-content\">Contact\u00e9 par actu Nantes, le p\u00e8re de Sofia, Sylvain D. est extr\u00eamement inquiet et esp\u00e8re pouvoir retrouver sa fille\u2009: \u00ab\u2009Aujourd\u2019hui, malheureusement, on n\u2019a pas beaucoup d\u2019\u00e9l\u00e9ments.\u2009\u00bb<\/p>\n<p>\u00ab\u2009Un comportement normal\u2009\u00bb<\/p>\n<p class=\" wall-content\">Malgr\u00e9 un \u00e9change avec les enqu\u00eateurs, Sylvain D. ne sait toujours pas o\u00f9 sa fille et son amie peuvent se trouver. \u00ab\u2009Il n\u2019y a pas eu de signalements malgr\u00e9 tous les partages qui ont \u00e9t\u00e9 faits ce week-end sur les r\u00e9seaux sociaux\u2009\u00bb, d\u00e9sesp\u00e8re le p\u00e8re de Sofia.<\/p>\n<blockquote class=\"ac-article-quote wall-content\">\n<p>Elles sont parties sans argent et sans v\u00eatements.<\/p>\n<p>    <strong>Sylvain D.<\/strong><br \/>\n        P\u00e8re de Sofia    <\/p><\/blockquote>\n<p class=\" wall-content\">La seule piste provient du t\u00e9l\u00e9phone de Sofia. Selon le procureur de Nantes, <strong>Antoine Leroy,<\/strong> la t\u00e9l\u00e9phonie a permis de \u00ab\u2009savoir que les deux adolescentes avaient \u00e9t\u00e9 vues dans un <strong>bowling de Saint-S\u00e9bastien-sur-Loire<\/strong>\u2009\u00bb le 28\u00a0juin 2025. Des t\u00e9moins ont assur\u00e9 \u00ab\u2009qu\u2019elles avaient un comportement normal \u00e0 ce moment-l\u00e0\u2009\u00bb.<\/p>\n<p>    <a href=\"https:\/\/www.facebook.com\/plugins\/post.php?href=https%3A%2F%2Fwww.facebook.com%2Fsylvio.nantes%2Fposts%2Fpfbid02ctogeN8Q8NTFoucDcx3e81xmrTVYqpkG3CKLrpmYrhPb6rqAJZgrSksUSTZXK2wRl&amp;show_text=true&amp;width=350\" title=\"Ouvrie le lien\" target=\"_blank\" rel=\"noopener\">Cliquez ici pour visualiser le contenu<\/a><\/p>\n<p>Vid\u00e9os : en ce moment sur Actu<\/p>\n<p class=\" wall-content\">Sylvain D. a de plus indiqu\u00e9 que le portable de sa fille a aussi born\u00e9 \u00ab\u2009avenue de l\u2019Angevini\u00e8re, pr\u00e8s du Sillon de Bretagne \u00e0 Saint-Herblain\u2009\u00bb.<\/p>\n<p>Un message pour sa fille<\/p>\n<p class=\" wall-content\">Sylvain D. a souhait\u00e9 faire passer un message pour sa fille Sofia.<\/p>\n<blockquote class=\"ac-article-quote wall-content\">\n<p>Ma Mercredi, chaque jour sans toi me laisse un vide immense. Ta spontan\u00e9it\u00e9. Ta voix douce. Ta mani\u00e8re passionn\u00e9e de t&rsquo;exprimer en gesticulant comme une italienne. Ton regard per\u00e7ant. Ta d\u00e9termination. Ta voix plus forte dans tes moments de col\u00e8re. Tu me manques profond\u00e9ment. Reviens-moi vite ma Mercredi.<br \/>\nTon papa qui t&rsquo;aime.<\/p>\n<p>    <strong>Sylvain D.<\/strong><br \/>\n        P\u00e8re de Sofia    <\/p><\/blockquote>\n<p>Une altercation et un portable confisqu\u00e9<\/p>\n<p class=\" wall-content\">Les deux jeunes filles se sont rencontr\u00e9es \u00e0 la\u00a0<a href=\"https:\/\/actu.fr\/pays-de-la-loire\/chateaubriant_44036\/chateaubriant-quels-sont-les-projets-futurs-de-la-mfr_61794570.html\" target=\"_blank\" rel=\"noopener\">Maison Familiale Rurale (MFR) de Ch\u00e2teaubriant<\/a>\u00a0o\u00f9 elles \u00e9tudient relate Sylvain D.<\/p>\n<p class=\" wall-content\">Selon le parquet de Nantes, Djouliana qui vit habituellement chez son p\u00e8re, \u00ab\u2009\u00e9tait en vacances au Croisic avec lui la semaine derni\u00e8re\u2009\u00bb. Une altercation a \u00e9clat\u00e9 entre les deux, n\u00e9cessitant \u00ab\u2009l\u2019intervention de la gendarmerie\u2009\u00bb dans la nuit du mercredi 25 au jeudi 26 juin.<\/p>\n<p class=\" wall-content\">Djouliana, dont le <strong>portable a \u00e9t\u00e9 confisqu\u00e9,<\/strong> a alors fugu\u00e9 en compagnie de son amie Sofia, qui vit chez sa m\u00e8re.<\/p>\n<p class=\" wall-content\">Sylvain D., qui a d\u00e9m\u00e9nag\u00e9 dans le sud de la France, a d\u00e9cid\u00e9 de prendre la route pour Nantes.<\/p>\n<p class=\" wall-content\">Suivez toute l\u2019actualit\u00e9 de vos villes et m\u00e9dias favoris en vous inscrivant \u00e0 <a href=\"https:\/\/moncompte.actu.fr\" title=\"D\u00e9couvez Mon Actu\" rel=\"nofollow noopener\" data-trk=\"{&quot;cta&quot;:{&quot;action&quot;:&quot;https:\\\/\\\/moncompte.actu.fr&quot;,&quot;category&quot;:&quot;mon compte&quot;,&quot;from&quot;:&quot;article footer&quot;,&quot;name&quot;:&quot;Mon actu&quot;,&quot;type&quot;:&quot;cta&quot;}}\" target=\"_blank\">Mon Actu<\/a>.<\/p>\n<ul class=\"ac-article-tag wall-content\">\n<li><a href=\"https:\/\/actu.fr\/tag\/disparition\" data-trk=\"{&quot;cta&quot;:{&quot;action&quot;:&quot;Disparition inqui\\u00e9tante&quot;,&quot;category&quot;:&quot;tag&quot;,&quot;from&quot;:&quot;article footer&quot;,&quot;name&quot;:&quot;Disparition inqui\\u00e9tante&quot;,&quot;type&quot;:&quot;cta&quot;}}\" target=\"_blank\" rel=\"noopener\">#Disparition inqui\u00e9tante<\/a><\/li>\n<li><a href=\"https:\/\/actu.fr\/tag\/police\" data-trk=\"{&quot;cta&quot;:{&quot;action&quot;:&quot;Police&quot;,&quot;category&quot;:&quot;tag&quot;,&quot;from&quot;:&quot;article footer&quot;,&quot;name&quot;:&quot;Police&quot;,&quot;type&quot;:&quot;cta&quot;}}\" target=\"_blank\" rel=\"noopener\">#Police<\/a><\/li>\n<\/ul>\n","protected":false},"excerpt":{"rendered":"Par Laure Gentil Publi\u00e9 le 3 juil. 2025 \u00e0 10h22 Sofia, 15\u00a0ans et Djouliana, 16 ans ont, selon&hellip;\n","protected":false},"author":2,"featured_media":223001,"comment_status":"","ping_status":"","sticky":false,"template":"","format":"standard","meta":{"footnotes":""},"categories":[2818],"tags":[1111,11,3676,1777,674,118,1011,27,766,12,2636,1072,25],"class_list":{"0":"post-223000","1":"post","2":"type-post","3":"status-publish","4":"format-standard","5":"has-post-thumbnail","7":"category-nantes","8":"tag-actu","9":"tag-actualites","10":"tag-disparition-inquietante","11":"tag-eu","12":"tag-europe","13":"tag-faits-divers","14":"tag-fr","15":"tag-france","16":"tag-nantes","17":"tag-news","18":"tag-pays-de-la-loire","19":"tag-police","20":"tag-republique-francaise"},"share_on_mastodon":{"url":"https:\/\/pubeurope.com\/@fr\/114789077991608101","error":""},"_links":{"self":[{"href":"https:\/\/www.europesays.com\/fr\/wp-json\/wp\/v2\/posts\/223000","targetHints":{"allow":["GET"]}}],"collection":[{"href":"https:\/\/www.europesays.com\/fr\/wp-json\/wp\/v2\/posts"}],"about":[{"href":"https:\/\/www.europesays.com\/fr\/wp-json\/wp\/v2\/types\/post"}],"author":[{"embeddable":true,"href":"https:\/\/www.europesays.com\/fr\/wp-json\/wp\/v2\/users\/2"}],"replies":[{"embeddable":true,"href":"https:\/\/www.europesays.com\/fr\/wp-json\/wp\/v2\/comments?post=223000"}],"version-history":[{"count":0,"href":"https:\/\/www.europesays.com\/fr\/wp-json\/wp\/v2\/posts\/223000\/revisions"}],"wp:featuredmedia":[{"embeddable":true,"href":"https:\/\/www.europesays.com\/fr\/wp-json\/wp\/v2\/media\/223001"}],"wp:attachment":[{"href":"https:\/\/www.europesays.com\/fr\/wp-json\/wp\/v2\/media?parent=223000"}],"wp:term":[{"taxonomy":"category","embeddable":true,"href":"https:\/\/www.europesays.com\/fr\/wp-json\/wp\/v2\/categories?post=223000"},{"taxonomy":"post_tag","embeddable":true,"href":"https:\/\/www.europesays.com\/fr\/wp-json\/wp\/v2\/tags?post=223000"}],"curies":[{"name":"wp","href":"https:\/\/api.w.org\/{rel}","templated":true}]}}