{"id":223010,"date":"2025-07-03T11:35:17","date_gmt":"2025-07-03T11:35:17","guid":{"rendered":"https:\/\/www.europesays.com\/fr\/223010\/"},"modified":"2025-07-03T11:35:17","modified_gmt":"2025-07-03T11:35:17","slug":"deux-maisons-evacuees-suite-au-passage-du-tunnelier-de-la-ligne-c","status":"publish","type":"post","link":"https:\/\/www.europesays.com\/fr\/223010\/","title":{"rendered":"Deux maisons \u00e9vacu\u00e9es suite au passage du tunnelier de la ligne C"},"content":{"rendered":"<p>Dans le quartier Bonnefoy \u00e0<a href=\"https:\/\/www.20minutes.fr\/toulouse\/\" class=\"color-ultramarine c-link\" rel=\"nofollow noopener\" target=\"_blank\"> Toulouse<\/a>, l\u2019avanc\u00e9e des<a href=\"https:\/\/www.20minutes.fr\/faits_divers\/4159683-20250620-toulouse-plusieurs-maisons-evacuees-chantier-metro-mis-cause\" target=\"_blank\" class=\"color-ultramarine c-link\" rel=\"nofollow noopener\"> travaux de la future ligne C du m\u00e9tro<\/a> perturbe de nouveau le quotidien. <a href=\"https:\/\/www.20minutes.fr\/dossier\/tisseo\" class=\"color-ultramarine c-link\" rel=\"nofollow noopener\" target=\"_blank\">Tiss\u00e9o<\/a> a annonc\u00e9 avoir \u00e9vacu\u00e9 deux maisons rue Fr\u00e9d\u00e9ric-Petit, o\u00f9 des fissures inqui\u00e9tantes ont \u00e9t\u00e9 d\u00e9tect\u00e9es, ce 2\u00a0juillet. Les habitants ont \u00e9t\u00e9 relog\u00e9s et la zone s\u00e9curis\u00e9e.<\/p>\n<p>\u00ab\u00a0L\u2019expert mandat\u00e9 par l\u2019entreprise, a constat\u00e9 mercredi en fin d\u2019apr\u00e8s-midi, l\u2019\u00e9volution de fissures sur les deux maisons concern\u00e9es par l\u2019op\u00e9ration de contr\u00f4le engag\u00e9e le jeudi 26\u00a0juin 2025 qui avait conduit au comblement d\u2019une cavit\u00e9 d\u00e9tect\u00e9e en sous-sol. La surveillance des fissures a \u00e9t\u00e9 renforc\u00e9e et les investigations se poursuivent aujourd\u2019hui\u00a0\u00bb, pr\u00e9cise Tiss\u00e9o dans un communiqu\u00e9.<\/p>\n<\/p>\n<p>Un impressionnant trou d\u00e9but juin<\/p>\n<p>Cet incident s\u2019inscrit dans une s\u00e9rie d\u2019\u00e9v\u00e9nements troublants li\u00e9s au passage du tunnelier, qui secouent le quartier depuis plusieurs semaines. Tout commence en juin\u00a02025, lorsqu\u2019un impressionnant trou est d\u00e9couvert dans le jardin d\u2019un particulier \u00e0 Bonnefoy. Cette anomalie, attribu\u00e9e au creusement du <a href=\"https:\/\/www.20minutes.fr\/faits_divers\/faits-divers-toulouse\/4091939-20240521-toulouse-foreuse-incendiee-chantier-metro-anarchistes-revendiquent\" target=\"_blank\" class=\"color-ultramarine c-link\" rel=\"nofollow noopener\">tunnelier pour la ligne C<\/a>, alerte les riverains sur les possibles r\u00e9percussions des travaux souterrains.<\/p>\n<p>Peu apr\u00e8s, un nouvel incident ravive les craintes\u00a0: le plancher d\u2019une maison du quartier, rue Mass\u00e9, c\u00e8de, le 20\u00a0juin, sous l\u2019effet des vibrations des travaux, rapporte Tiss\u00e9o, au fait de l\u2019incident. Cet \u00e9v\u00e9nement accentue l\u2019inqui\u00e9tude des habitants, qui commencent \u00e0 douter de la stabilit\u00e9 de leurs logements.<\/p>\n<p>Le 26 juin, Tiss\u00e9o Ing\u00e9nierie d\u00e9tecte une cavit\u00e9 souterraine rue Fr\u00e9d\u00e9ric-Petit lors d\u2019une inspection de routine. Les \u00e9quipes interviennent rapidement pour la combler, esp\u00e9rant ainsi stabiliser la zone. Mais ce n\u2019est que le pr\u00e9lude \u00e0 de nouveaux probl\u00e8mes.<\/p>\n<p>Des fissures inqui\u00e9tantes<\/p>\n<p>En ce d\u00e9but juillet, des fissures \u00e9mergent sur deux maisons de la rue Fr\u00e9d\u00e9ric Petit, \u00e0 proximit\u00e9 de la cavit\u00e9 combl\u00e9e. Ces signes de fragilit\u00e9, li\u00e9s au passage du tunnelier, placent le quartier en \u00e9tat d\u2019alerte. Des capteurs sont install\u00e9s pour surveiller en temps r\u00e9el l\u2019\u00e9volution des d\u00e9g\u00e2ts, tandis que les investigations s\u2019intensifient.<\/p>\n<p>Pendant ce temps, le tunnelier poursuit son chemin vers le quartier de la gare Matabiau, soulevant des interrogations sur d\u2019\u00e9ventuels nouveaux incidents. Tiss\u00e9o Ing\u00e9nierie renforce ses mesures de contr\u00f4le pour pr\u00e9venir toute r\u00e9cidive.<\/p>\n<p>Face \u00e0 ces perturbations, les habitants de Bonnefoy oscillent entre inqui\u00e9tude et attente de solutions concr\u00e8tes. Tiss\u00e9o, de son c\u00f4t\u00e9, assure multiplier les efforts pour garantir la s\u00e9curit\u00e9 tout en poursuivant le chantier du m\u00e9tro toulousain.<\/p>\n","protected":false},"excerpt":{"rendered":"Dans le quartier Bonnefoy \u00e0 Toulouse, l\u2019avanc\u00e9e des travaux de la future ligne C du m\u00e9tro perturbe de&hellip;\n","protected":false},"author":2,"featured_media":223011,"comment_status":"","ping_status":"","sticky":false,"template":"","format":"standard","meta":{"footnotes":""},"categories":[2816],"tags":[1111,11,1777,674,6738,1011,27,2722,2142,4047,2721,12,2680,5775,1306,25,5400,2312,2086],"class_list":{"0":"post-223010","1":"post","2":"type-post","3":"status-publish","4":"format-standard","5":"has-post-thumbnail","7":"category-toulouse","8":"tag-actu","9":"tag-actualites","10":"tag-eu","11":"tag-europe","12":"tag-faits-divers-toulouse","13":"tag-fr","14":"tag-france","15":"tag-haute-garonne","16":"tag-maison","17":"tag-metro","18":"tag-midi-pyrenees","19":"tag-news","20":"tag-occitanie","21":"tag-quartier","22":"tag-regions","23":"tag-republique-francaise","24":"tag-tisseo","25":"tag-toulouse","26":"tag-travaux"},"share_on_mastodon":{"url":"https:\/\/pubeurope.com\/@fr\/114789097376170021","error":""},"_links":{"self":[{"href":"https:\/\/www.europesays.com\/fr\/wp-json\/wp\/v2\/posts\/223010","targetHints":{"allow":["GET"]}}],"collection":[{"href":"https:\/\/www.europesays.com\/fr\/wp-json\/wp\/v2\/posts"}],"about":[{"href":"https:\/\/www.europesays.com\/fr\/wp-json\/wp\/v2\/types\/post"}],"author":[{"embeddable":true,"href":"https:\/\/www.europesays.com\/fr\/wp-json\/wp\/v2\/users\/2"}],"replies":[{"embeddable":true,"href":"https:\/\/www.europesays.com\/fr\/wp-json\/wp\/v2\/comments?post=223010"}],"version-history":[{"count":0,"href":"https:\/\/www.europesays.com\/fr\/wp-json\/wp\/v2\/posts\/223010\/revisions"}],"wp:featuredmedia":[{"embeddable":true,"href":"https:\/\/www.europesays.com\/fr\/wp-json\/wp\/v2\/media\/223011"}],"wp:attachment":[{"href":"https:\/\/www.europesays.com\/fr\/wp-json\/wp\/v2\/media?parent=223010"}],"wp:term":[{"taxonomy":"category","embeddable":true,"href":"https:\/\/www.europesays.com\/fr\/wp-json\/wp\/v2\/categories?post=223010"},{"taxonomy":"post_tag","embeddable":true,"href":"https:\/\/www.europesays.com\/fr\/wp-json\/wp\/v2\/tags?post=223010"}],"curies":[{"name":"wp","href":"https:\/\/api.w.org\/{rel}","templated":true}]}}