{"id":223014,"date":"2025-07-03T11:37:10","date_gmt":"2025-07-03T11:37:10","guid":{"rendered":"https:\/\/www.europesays.com\/fr\/223014\/"},"modified":"2025-07-03T11:37:10","modified_gmt":"2025-07-03T11:37:10","slug":"une-rentree-2025-durable-et-solidaire-actualites","status":"publish","type":"post","link":"https:\/\/www.europesays.com\/fr\/223014\/","title":{"rendered":"Une rentr\u00e9e 2025 durable et solidaire \/ Actualit\u00e9s"},"content":{"rendered":"<p><strong>La Ville de Lille a fait de l&rsquo;\u00e9galit\u00e9 de tous les enfants dans l&rsquo;acc\u00e8s \u00e0 la scolarit\u00e9 une priorit\u00e9<\/strong>\u00a0qu\u2019elle ne cesse de r\u00e9affirmer en poursuivant ses engagements aupr\u00e8s des \u00e9coliers et de leur famille.\u00a0<strong>Ainsi, pour la cinqui\u00e8me ann\u00e9e cons\u00e9cutive, \u00e0 l\u2019occasion de la rentr\u00e9e scolaire 2025-2026, lundi 1er septembre 2025, les pr\u00e8s de 12\u00a0000 \u00e9l\u00e8ves des 80 \u00e9coles primaires publiques lilloises\u00a0b\u00e9n\u00e9ficieront de fournitures scolaires gratuites dont le co\u00fbt est int\u00e9gralement pris en charge par la Ville de Lille.<\/strong><\/p>\n<p>Un montant similaire par \u00e9l\u00e8ve est vers\u00e9 par la Ville aux \u00e9coles primaires priv\u00e9es, afin qu\u2019elles assurent, elles aussi, la gratuit\u00e9 des fournitures scolaires voulue par la Ville de Lille.<\/p>\n<p>Pour soutenir davantage encore les familles,\u00a0<strong>la Ville de Lille maintient les tarifs de l\u2019accueil p\u00e9riscolaires, qu\u2019elle avait baiss\u00e9s significativement, pour les quotients familiaux interm\u00e9diaires, pour la rentr\u00e9e 2024, et pr\u00e9serve, pour la 3\u00e8me\u00a0ann\u00e9e cons\u00e9cutive, la tarification solidaire dans les restaurants scolaires.<\/strong><\/p>\n<p>Gratuit\u00e9 des fournitures scolaires<\/p>\n<p>Mesure de solidarit\u00e9 et d\u2019\u00e9galit\u00e9 mise en place depuis la rentr\u00e9e 2021,\u00a0la gratuit\u00e9 des fournitures scolaires s\u2019inscrit dans l\u2019action globale de la Ville de Lille pour r\u00e9pondre toujours mieux au\u00a0<strong>double enjeu de la justice sociale et de la transition \u00e9cologique.<\/strong><\/p>\n<p>La rentr\u00e9e scolaire 2025 est, encore une fois, marqu\u00e9e par l\u2019inflation. En effet,\u00a0<strong>l\u2019augmentation globale des prix, de 5.2% en 2022, 4.9% en 2023 et de 2% en 2024<\/strong>, p\u00e8se sur le budget des familles et augmente le co\u00fbt des fournitures. Aussi, afin de garantir l\u2019\u00e9galit\u00e9 de tous les enfants dans l\u2019acc\u00e8s \u00e0 la scolarit\u00e9, valeur socle de l\u2019\u00e9cole r\u00e9publicaine, la Ville de Lille reconduit le dispositif.\u00a0<strong>Dans ce contexte,\u00a0afin de compenser les effets de l\u2019inflation et d\u2019aligner les dotations entre maternelles et \u00e9l\u00e9mentaires, la Ville de Lille revalorise la dotation par \u00e9l\u00e8ve pour\u00a0la rentr\u00e9e scolaire 2025\u00a0permettant ainsi aux \u00e9quipes p\u00e9dagogiques de disposer de toutes les\u00a0fournitures n\u00e9cessaires, adapt\u00e9es \u00e0 leurs choix \u00e9ducatifs, et renouvelables au besoin<\/strong>.<\/p>\n<p>Au total,\u00a0<strong>le budget que la Ville consacre \u00e0 la gratuit\u00e9 des fournitures scolaires est en augmentation et repr\u00e9sente 725 000 euros pour Lille, 100\u00a0000 euros pour Lomme et 77\u00a0769 euros pour Hellemmes.<\/strong><\/p>\n<p>Concr\u00e8tement, il n\u2019y a plus de liste ni d\u2019achats de fournitures scolaires pour les parents tout au long de l\u2019ann\u00e9e scolaire.\u00a0<strong>Le jour de la rentr\u00e9e, les enfants viennent avec un cartable et une trousse vides (et un \u00e9ventuel agenda), et se voient remettre par leur enseignant\u00a0tout le mat\u00e9riel n\u00e9cessaire (cahiers, stylos, crayons, r\u00e8gles, etc.)\u00a0<\/strong>pour l&rsquo;ann\u00e9e scolaire, au besoin renouvel\u00e9 en cours de scolarit\u00e9. Gr\u00e2ce au travail conjoint de la Ville avec un groupe de directrices et directeurs d\u2019\u00e9tablissements engag\u00e9 \u00e0 ses c\u00f4t\u00e9s,\u00a0<strong>les fournitures sont non seulement adapt\u00e9es aux choix p\u00e9dagogiques de chaque enseignant, mais elles visent aussi un faible impact environnemental autant qu\u2019une utilisation durable.\u00a0<\/strong><\/p>\n<p>Comme chaque ann\u00e9e, afin de\u00a0sensibiliser et d&rsquo;accompagner les enfants et les parents,\u00a0<strong>la Ville de Lille a organis\u00e9, le mercredi 2 juillet, \u00e0 l\u2019h\u00f4tel de ville, l&rsquo;op\u00e9ration Up&rsquo;Sac Lille, atelier de customisation de cartable offrant aux enfants et \u00e0 leurs parents la possibilit\u00e9 de r\u00e9nover\/customiser leur cartable.<\/strong><\/p>\n<p>Resto scolaire, accueil p\u00e9riscolaire : tarifs solidaires pr\u00e9serv\u00e9s<\/p>\n<p>L&rsquo;engagement de la Ville de Lille se poursuit aupr\u00e8s\u00a0des \u00e9coliers et de leurs familles, en maintenant un\u00a0<strong>haut niveau de service public tout en veillant \u00e0 accompagner plus fortement encore les plus fragiles et \u00e0 pr\u00e9server leur pouvoir d&rsquo;achat<\/strong>\u00a0face \u00e0 l\u2019inflation et \u00e0 la hausse du co\u00fbt des mati\u00e8res premi\u00e8res.<\/p>\n<p>Ainsi, apr\u00e8s avoir\u00a0<strong>baiss\u00e9 significativement, pour la rentr\u00e9e 2024, les tarifs de l\u2019accueil p\u00e9riscolaire pour les tranches interm\u00e9diaires du quotient familial allant de 7 \u00e0 12, la Ville de Lille pr\u00e9serve cette tarification solidaire en 2025<\/strong>. Il s\u2019agit tr\u00e8s concr\u00e8tement de<strong>\u00a0permettre \u00e0 davantage de familles de b\u00e9n\u00e9ficier de cette offre d\u2019accueil et d\u2019activit\u00e9s compl\u00e9mentaire qui concourt au d\u00e9veloppement, \u00e0 l\u2019\u00e9panouissement et \u00e0 la r\u00e9ussite scolaire des enfants.<\/strong><\/p>\n<p>En ce qui concerne tous les\u00a0<strong>tarifs de la restauration scolaire,\u00a0la Ville de Lille a fait le choix,\u00a0pour la 3\u00e8me\u00a0rentr\u00e9e cons\u00e9cutive, de ne pas les augmenter, tout en poursuivant la politique ambitieuse de la Ville en mati\u00e8re d\u2019alimentation. D\u00e8s 2008, la Ville de Lille a fait le choix de diviser les prix des repas des cantines par deux.\u00a0Aujourd&rsquo;hui, environ un enfant sur deux mange pour un euro ou moins dans les restaurants scolaires de Lille-Hellemmes-Lomme.<\/strong><\/p>\n<p>L\u2019engagement social fort de la Ville de Lille se double d\u2019engagements majeurs et pionniers en faveur de la transition \u00e9cologique.\u00a0Ainsi, par exemple,\u00a0d\u00e8s 2014, Lille a r\u00e9duit la consommation de viande et de poisson dans les restaurants scolaires, en instaurant un repas v\u00e9g\u00e9tarien par semaine, puis,\u00a0depuis 2018, <strong>deux repas v\u00e9g\u00e9tariens par semaine<\/strong>. Une d\u00e9marche distingu\u00e9e par Greenpeace France qui a remis, en 2019, la premi\u00e8re \u00e9charpe \u00ab\u00a0<strong>Cantine verte<\/strong>\u00a0\u00bb \u00e0 Martine Aubry, alors maire de Lille. Depuis, la Ville de Lille a \u00e9t\u00e9\u00a0r\u00e9compens\u00e9e \u00e0 nouveau, en 2024, par\u00a0les <strong>labels\u00a0\u00ab\u00a0Assiettes vertes\u00a0\u00bb, ainsi que \u00ab\u00a0Territoire BIO Engag\u00e9\u00a0\u00bb<\/strong>, qui\u00a0a \u00e9t\u00e9 remis officiellement \u00e0 Arnaud Deslandes, maire de Lille, le 11 juin 2025.<\/p>\n<p><strong>L\u2019engagement de la Ville de Lille sur les produits bio et ou locaux en restauration scolaire est \u00e9galement fort et en progression, puisque leur part passe de\u00a040.87% en 2022 \u00e0 65.46% en 2023, puis \u00e0 80.56% en 2024, s\u2019articulant avec la politique d\u2019\u00e9duction au go\u00fbt que m\u00e8ne la Ville\u00a0<\/strong>par le biais, notamment, de l\u2019organisation, deux fois par mois, de menus \u00e9labor\u00e9s par les enfants eux-m\u00eames, avec la di\u00e9t\u00e9ticienne et nos animateurs de la Ville.<\/p>\n<p><strong>La Ville de Lille continue de faire de l\u2019Education une priorit\u00e9 \u00e0 laquelle elle consacre 116.6 millions d\u2019euros sur le budget total 2025, dont 93.2 millions d\u2019euros en fonctionnement et 23.4 millions d\u2019euros en investissement.<\/strong><\/p>\n<p>L&rsquo;\u00e9cole \u00e0 Lille en chiffres<\/p>\n<ul class=\"listPuce\">\n<li>12.000 \u00e9l\u00e8ves en \u00e9cole publique maternelle et \u00e9l\u00e9mentaire<\/li>\n<li>79 \u00e9coles publiques<\/li>\n<li>116,6 millions d&rsquo;euros de budget primitif en 2025 pour la petite enfance et l&rsquo;enfance<\/li>\n<li>Environ 1 \u00e9l\u00e8ve sur 2 d\u00e9jeune \u00e0 la cantine pour un euro ou moins (tarif maintenu malgr\u00e9 l&rsquo;inflation)<\/li>\n<li>2 menus v\u00e9g\u00e9tariens par semaine<\/li>\n<li>0 vaisselle en plastique<\/li>\n<li>72% de produits bio et locaux<\/li>\n<li><a href=\"https:\/\/www.lille.fr\/Parent\/Les-ecoles\/Le-dispositif-rues-scolaires\" target=\"_self\" class=\"lien_interne\" rel=\"noopener\">17 rues scolaires<\/a> pour 26 \u00e9coles\u00a0<\/li>\n<li>6 aires pi\u00e9tonnes pour 10 \u00e9coles<\/li>\n<li>1 charte \u00ab\u00a0<a href=\"https:\/\/www.lille.fr\/Actualites\/Lille-Ville-a-hauteur-d-enfants\" target=\"_self\" class=\"lien_interne\" rel=\"noopener\">Ville \u00e0 hauteur d&rsquo;enfants<\/a>\u00ab\u00a0<\/li>\n<li>25 millions d&rsquo;euros investis dans les \u00e9coles en 2024<\/li>\n<li>87% des \u00e9coles labellis\u00e9es E3D (\u00e9cole en d\u00e9marche de d\u00e9veloppement durable, objectif 100% d&rsquo;ici 2026)<\/li>\n<li><a href=\"https:\/\/www.lille.fr\/Actualites\/100-des-cours-d-ecoles-vegetalisees\" target=\"_self\" class=\"lien_interne\" rel=\"noopener\">100% des cours d&rsquo;\u00e9coles v\u00e9g\u00e9talis\u00e9es<\/a><\/li>\n<li>100% des enfants ont b\u00e9n\u00e9fici\u00e9 d&rsquo;activit\u00e9s culturelles, sportives et de nature<\/li>\n<li>2.000 clubs et ateliers p\u00e9riscolaires<\/li>\n<li>10 plans th\u00e9matiques sur le temps scolaire et p\u00e9riscolaire<\/li>\n<li>170 \u00e9lus au Conseil municipal d&rsquo;enfants<\/li>\n<\/ul>\n<p>&gt; <a href=\"https:\/\/www.lille.fr\/Parent\/Les-ecoles\" target=\"_self\" class=\"lien_interne\" rel=\"noopener\">Tout savoir sur les \u00e9coles et la politique \u00e9ducative \u00e0 Lille<\/a>\t<\/p>\n","protected":false},"excerpt":{"rendered":"La Ville de Lille a fait de l&rsquo;\u00e9galit\u00e9 de tous les enfants dans l&rsquo;acc\u00e8s \u00e0 la scolarit\u00e9 une&hellip;\n","protected":false},"author":2,"featured_media":223015,"comment_status":"","ping_status":"","sticky":false,"template":"","format":"standard","meta":{"footnotes":""},"categories":[2815],"tags":[1111,11,4763,1777,674,1011,27,811,1307,5415,12,25],"class_list":{"0":"post-223014","1":"post","2":"type-post","3":"status-publish","4":"format-standard","5":"has-post-thumbnail","7":"category-lille","8":"tag-actu","9":"tag-actualites","10":"tag-agenda","11":"tag-eu","12":"tag-europe","13":"tag-fr","14":"tag-france","15":"tag-hauts-de-france","16":"tag-lille","17":"tag-mairie","18":"tag-news","19":"tag-republique-francaise"},"share_on_mastodon":{"url":"https:\/\/pubeurope.com\/@fr\/114789105214248902","error":""},"_links":{"self":[{"href":"https:\/\/www.europesays.com\/fr\/wp-json\/wp\/v2\/posts\/223014","targetHints":{"allow":["GET"]}}],"collection":[{"href":"https:\/\/www.europesays.com\/fr\/wp-json\/wp\/v2\/posts"}],"about":[{"href":"https:\/\/www.europesays.com\/fr\/wp-json\/wp\/v2\/types\/post"}],"author":[{"embeddable":true,"href":"https:\/\/www.europesays.com\/fr\/wp-json\/wp\/v2\/users\/2"}],"replies":[{"embeddable":true,"href":"https:\/\/www.europesays.com\/fr\/wp-json\/wp\/v2\/comments?post=223014"}],"version-history":[{"count":0,"href":"https:\/\/www.europesays.com\/fr\/wp-json\/wp\/v2\/posts\/223014\/revisions"}],"wp:featuredmedia":[{"embeddable":true,"href":"https:\/\/www.europesays.com\/fr\/wp-json\/wp\/v2\/media\/223015"}],"wp:attachment":[{"href":"https:\/\/www.europesays.com\/fr\/wp-json\/wp\/v2\/media?parent=223014"}],"wp:term":[{"taxonomy":"category","embeddable":true,"href":"https:\/\/www.europesays.com\/fr\/wp-json\/wp\/v2\/categories?post=223014"},{"taxonomy":"post_tag","embeddable":true,"href":"https:\/\/www.europesays.com\/fr\/wp-json\/wp\/v2\/tags?post=223014"}],"curies":[{"name":"wp","href":"https:\/\/api.w.org\/{rel}","templated":true}]}}