{"id":223022,"date":"2025-07-03T11:41:25","date_gmt":"2025-07-03T11:41:25","guid":{"rendered":"https:\/\/www.europesays.com\/fr\/223022\/"},"modified":"2025-07-03T11:41:25","modified_gmt":"2025-07-03T11:41:25","slug":"david-lisnard-a-lyon-mais-pas-pour-lyon","status":"publish","type":"post","link":"https:\/\/www.europesays.com\/fr\/223022\/","title":{"rendered":"David Lisnard, \u00e0 Lyon, mais pas pour Lyon"},"content":{"rendered":"<p>Avant Herv\u00e9 Morin en octobre, elle recevait mercredi David Lisnard, maire de Cannes.<\/p>\n<p>Sans doute lass\u00e9 par la politique qui le nourrit depuis son premier salaire (attach\u00e9 parlementaire de Jacques Maillard, d\u00e9put\u00e9 maire et pr\u00e9sident de l&rsquo;association des maires de France comme lui aujourd&rsquo;hui), David Lisnard pr\u00e9pare sa reconversion en d\u00e9dica\u00e7ant des ouvrages, pratique le seul-en-sc\u00e8ne et se fait des films. Le contraire serait \u00e9tonnant.<\/p>\n<p>Beaucoup moins antipathique que ne laissait penser ses agressives saillies sur les r\u00e9seaux sociaux (il accusa, entre autre, M\u00e9t\u00e9o France de ne pas l&rsquo;avoir pr\u00e9venu d&rsquo;une temp\u00eate ayant frapp\u00e9 sa ville de Cannes) David Lisnard tente de faire oublier qu&rsquo;il est avant tout un h\u00e9ritier en pr\u00e9sentant comme originales les vieilles lunes lib\u00e9rales qui d\u00e9noncent depuis 300 ans un Etat incapable, ponctionneur, et paralysant.<\/p>\n<p>Enchant\u00e9 de s&rsquo;\u00e9couter parler, il menace les spectateurs (240 personnes au plus fort de la soir\u00e9e &#8211; que l&rsquo;\u00e9lue LR lyonnaise B\u00e9atrice de Montille &#8211; en tant que cheffe locale du micro parti Nouvelle \u00c9nergie, et qu&rsquo;on a connu plus ac\u00e9r\u00e9e &#8211; transforme par multiplication des si\u00e8ges en 400 pr\u00e9sents) de faire un show de 5 heures (\u00ab\u00a0ceux qui me connaissent ici savent que j&rsquo;en suis capable\u00a0\u00bb). La salle Moli\u00e8re, d\u00e9licieusement climatis\u00e9e, fr\u00e9mit.<\/p>\n<p>C&rsquo;\u00e9tait une vanne. En th\u00e9orie on pourrait avoir le droit \u00e0 un discours politique. Mais d\u00e9cid\u00e9ment la politique et David Lisnard ce n&rsquo;est plus \u00e7a. Sans doute mis en difficult\u00e9 par la chaleur \u00e9touffante qui r\u00e8gne sur les quais de Sa\u00f4ne, le Cannois d\u00e9roule dans le d\u00e9sordre un discours confus \u00e0 l&rsquo;extr\u00eame : \u00ab\u00a0Je devais vous montrer des slides mais je ne suis pas du tout parti comme pr\u00e9vu\u00a0\u00bb, reconna\u00eet-il, enchant\u00e9 de la libert\u00e9 qu&rsquo;il s&rsquo;octroie de d\u00e9river dangereusement, comme lorsqu&rsquo;il confond la date de naissance de son p\u00e8re d\u00e9c\u00e9d\u00e9 en 2024 (\u00ab\u00a0trag\u00e9die personnelle\u00a0\u00bb) avec celle de l&rsquo;attaque du Hamas tout simplement qualifi\u00e9e de \u00ab\u00a0Pogrom\u00a0\u00bb.<\/p>\n<p>Aussi mal lanc\u00e9, il serait regrettable de ne pas se donner l&rsquo;occasion d&rsquo;aligner les contradictions politiques : l&rsquo;Alg\u00e9rie est \u00e0 la fois un \u00c9tat souverain qu&rsquo;il faut respecter et un r\u00e9gime d&rsquo;oppression qui cherche \u00e0 \u00e9touffer la voix libre de la France en condamnant Boualem Sansal&#8230; Nicolas Dupont-Aignan est ce caillou dans la chaussure qui avec ses 3% emp\u00eache le candidat LR d&rsquo;arriver au second tour de la pr\u00e9sidentielle mais Val\u00e9rie P\u00e9cresse a fait 4%&#8230; Nouvelle \u00c9nergie est tr\u00e8s faible \u00e0 l&rsquo;\u00e9chelle de la France mais son pr\u00e9sident annonce \u00e0 Bruno Retailleau son intention de devenir \u00ab\u00a0dominant dans le pays\u00a0\u00bb&#8230; Il faut r\u00e9duire les d\u00e9penses de l&rsquo;\u00c9tat mais augmenter celles des collectivit\u00e9s locales&#8230;<\/p>\n<p>Dans ce salmigondis o\u00f9 le flou c\u00f4toie la petite phrase approximative &#8211; il serait de bon ton qu&rsquo;\u00e0 Lyon on parle un peu de Lyon. Mais de la capitale des Gaules on ne dira rien &#8211; \u00e0 part qu&rsquo;elle abrite plus de graffitis qu&rsquo;\u00e0 Cannes &#8211; et qu&rsquo;il serait de bonne politique que B\u00e9atrice de Montille soit maire en 2026.<\/p>\n<p>Mais pour l&rsquo;essentiel David Lisnard se voit comme le prochain Pr\u00e9sident de la R\u00e9publique qui fera de la France une \u00ab\u00a0superpuissance \u00e9ducative \u00e0 l&rsquo;\u00e9gale de la Finlande\u00a0\u00bb oubliant dans la foul\u00e9e qu&rsquo;il y a bien longtemps que le petit pays ne tr\u00f4ne plus en t\u00eate des classements PISA.<\/p>\n<p>L&rsquo;ensemble se termine par une s\u00e9ance d\u00e9dicace pour une partie du public conquis. Il faut de tout pour faire un (petit) monde.<\/p>\n<p><a href=\"https:\/\/x.com\/lemediapol\" target=\"_blank\" rel=\"noopener\">@lemediapol<\/a><\/p>\n","protected":false},"excerpt":{"rendered":"Avant Herv\u00e9 Morin en octobre, elle recevait mercredi David Lisnard, maire de Cannes. Sans doute lass\u00e9 par la&hellip;\n","protected":false},"author":2,"featured_media":223023,"comment_status":"","ping_status":"","sticky":false,"template":"","format":"standard","meta":{"footnotes":""},"categories":[1889],"tags":[1111,11,2813,2190,2430,1109,251,1112,2811,1777,674,118,1011,27,1922,1110,1114,2428,2810,12,241,316,25,2812,517,800],"class_list":{"0":"post-223022","1":"post","2":"type-post","3":"status-publish","4":"format-standard","5":"has-post-thumbnail","7":"category-lyon","8":"tag-actu","9":"tag-actualites","10":"tag-article","11":"tag-asvel","12":"tag-auvergne-rhone-alpes","13":"tag-breves","14":"tag-culture","15":"tag-depeches","16":"tag-economique","17":"tag-eu","18":"tag-europe","19":"tag-faits-divers","20":"tag-fr","21":"tag-france","22":"tag-info","23":"tag-informations","24":"tag-infos","25":"tag-lyon","26":"tag-lyonmag","27":"tag-news","28":"tag-ol","29":"tag-politique","30":"tag-republique-francaise","31":"tag-sociale","32":"tag-sport","33":"tag-transports"},"share_on_mastodon":{"url":"https:\/\/pubeurope.com\/@fr\/114789120979712234","error":""},"_links":{"self":[{"href":"https:\/\/www.europesays.com\/fr\/wp-json\/wp\/v2\/posts\/223022","targetHints":{"allow":["GET"]}}],"collection":[{"href":"https:\/\/www.europesays.com\/fr\/wp-json\/wp\/v2\/posts"}],"about":[{"href":"https:\/\/www.europesays.com\/fr\/wp-json\/wp\/v2\/types\/post"}],"author":[{"embeddable":true,"href":"https:\/\/www.europesays.com\/fr\/wp-json\/wp\/v2\/users\/2"}],"replies":[{"embeddable":true,"href":"https:\/\/www.europesays.com\/fr\/wp-json\/wp\/v2\/comments?post=223022"}],"version-history":[{"count":0,"href":"https:\/\/www.europesays.com\/fr\/wp-json\/wp\/v2\/posts\/223022\/revisions"}],"wp:featuredmedia":[{"embeddable":true,"href":"https:\/\/www.europesays.com\/fr\/wp-json\/wp\/v2\/media\/223023"}],"wp:attachment":[{"href":"https:\/\/www.europesays.com\/fr\/wp-json\/wp\/v2\/media?parent=223022"}],"wp:term":[{"taxonomy":"category","embeddable":true,"href":"https:\/\/www.europesays.com\/fr\/wp-json\/wp\/v2\/categories?post=223022"},{"taxonomy":"post_tag","embeddable":true,"href":"https:\/\/www.europesays.com\/fr\/wp-json\/wp\/v2\/tags?post=223022"}],"curies":[{"name":"wp","href":"https:\/\/api.w.org\/{rel}","templated":true}]}}