{"id":223026,"date":"2025-07-03T11:43:10","date_gmt":"2025-07-03T11:43:10","guid":{"rendered":"https:\/\/www.europesays.com\/fr\/223026\/"},"modified":"2025-07-03T11:43:10","modified_gmt":"2025-07-03T11:43:10","slug":"vacances-dete-en-ile-de-france-a-saint-denis-baignade-olympique-avec-vue-sur-le-stade-de-france","status":"publish","type":"post","link":"https:\/\/www.europesays.com\/fr\/223026\/","title":{"rendered":"Vacances d\u2019\u00e9t\u00e9 en \u00cele-de-France\u00a0: \u00e0 Saint-Denis, baignade olympique avec vue sur le Stade de France"},"content":{"rendered":"<p class=\"paragraph text_align_left lp-f-body-02\">Il vient d\u2019ouvrir, le 2 juin, \u00e0 l\u2019ombre ou plut\u00f4t en face du Stade de France, de l\u2019autre c\u00f4t\u00e9 de la passerelle. Anneaux olympiques \u00e0 l\u2019entr\u00e9e. Le secret est encore bien gard\u00e9. Le <a href=\"https:\/\/www.leparisien.fr\/seine-saint-denis-93\/padel-escalade-anneaux-olympiques-et-tarifs-revus-a-la-hausse-a-saint-denis-le-centre-aquatique-pret-a-ouvrir-28-05-2025-BID76IXHF5AEFMSC7S6GDSA444.php\" target=\"_self\" rel=\"nofollow noopener\">Centre aquatique olympique (CA0) M\u00e9tropole du Grand Paris<\/a> a accueilli les \u00e9preuves de plongeon, de water-polo et de nage artistique lors de Paris 2024, avant de refermer ses portes pour finir les travaux.<\/p>\n<p class=\"paragraph text_align_left lp-f-body-02\">Ce lundi 23 juin, \u00e0 8 heures, la piscine est ouverte depuis d\u00e9j\u00e0 une heure et nous ne sommes que six ou sept nageurs, pour six lignes d\u2019eau. Pas de risque de se prendre un coup de palme comme dans bien des piscines parisiennes bond\u00e9es de nageurs press\u00e9s au petit matin.<\/p>\n","protected":false},"excerpt":{"rendered":"Il vient d\u2019ouvrir, le 2 juin, \u00e0 l\u2019ombre ou plut\u00f4t en face du Stade de France, de l\u2019autre&hellip;\n","protected":false},"author":2,"featured_media":223027,"comment_status":"","ping_status":"","sticky":false,"template":"","format":"standard","meta":{"footnotes":""},"categories":[1592],"tags":[1111,11,872,1777,674,1011,27,662,12,626,25,6047],"class_list":{"0":"post-223026","1":"post","2":"type-post","3":"status-publish","4":"format-standard","5":"has-post-thumbnail","7":"category-ile-de-france","8":"tag-actu","9":"tag-actualites","10":"tag-culture-et-loisirs","11":"tag-eu","12":"tag-europe","13":"tag-fr","14":"tag-france","15":"tag-ile-de-france","16":"tag-news","17":"tag-paris","18":"tag-republique-francaise","19":"tag-sortir-en-region-parisienne"},"share_on_mastodon":{"url":"https:\/\/pubeurope.com\/@fr\/114789128842943440","error":""},"_links":{"self":[{"href":"https:\/\/www.europesays.com\/fr\/wp-json\/wp\/v2\/posts\/223026","targetHints":{"allow":["GET"]}}],"collection":[{"href":"https:\/\/www.europesays.com\/fr\/wp-json\/wp\/v2\/posts"}],"about":[{"href":"https:\/\/www.europesays.com\/fr\/wp-json\/wp\/v2\/types\/post"}],"author":[{"embeddable":true,"href":"https:\/\/www.europesays.com\/fr\/wp-json\/wp\/v2\/users\/2"}],"replies":[{"embeddable":true,"href":"https:\/\/www.europesays.com\/fr\/wp-json\/wp\/v2\/comments?post=223026"}],"version-history":[{"count":0,"href":"https:\/\/www.europesays.com\/fr\/wp-json\/wp\/v2\/posts\/223026\/revisions"}],"wp:featuredmedia":[{"embeddable":true,"href":"https:\/\/www.europesays.com\/fr\/wp-json\/wp\/v2\/media\/223027"}],"wp:attachment":[{"href":"https:\/\/www.europesays.com\/fr\/wp-json\/wp\/v2\/media?parent=223026"}],"wp:term":[{"taxonomy":"category","embeddable":true,"href":"https:\/\/www.europesays.com\/fr\/wp-json\/wp\/v2\/categories?post=223026"},{"taxonomy":"post_tag","embeddable":true,"href":"https:\/\/www.europesays.com\/fr\/wp-json\/wp\/v2\/tags?post=223026"}],"curies":[{"name":"wp","href":"https:\/\/api.w.org\/{rel}","templated":true}]}}