{"id":223030,"date":"2025-07-03T11:45:10","date_gmt":"2025-07-03T11:45:10","guid":{"rendered":"https:\/\/www.europesays.com\/fr\/223030\/"},"modified":"2025-07-03T11:45:10","modified_gmt":"2025-07-03T11:45:10","slug":"ce-musee-emblematique-de-paris-vient-de-rouvrir-apres-un-gigantesque-chantier-de-restauration","status":"publish","type":"post","link":"https:\/\/www.europesays.com\/fr\/223030\/","title":{"rendered":"Ce mus\u00e9e embl\u00e9matique de Paris vient de rouvrir apr\u00e8s un gigantesque chantier de restauration"},"content":{"rendered":"<p data-start=\"0\" data-end=\"537\" data-is-last-node=\"\" data-is-only-node=\"\">La sc\u00e8ne artistique parisienne ? In\u00e9galable, point. C\u2019est m\u00eame la raison principale pour laquelle<a href=\"https:\/\/www.timeout.fr\/paris\/actualites\/paris-elue-meilleure-ville-du-monde-pour-la-culture-en-2025-par-time-out-051425\" target=\"_blank\" rel=\"noopener\"> Time Out a sacr\u00e9 la capitale meilleure ville du monde pour la culture cette ann\u00e9e<\/a>. Et comme si Paris n\u2019en faisait jamais assez, elle s\u2019offre un nouveau coup d\u2019\u00e9clat : la r\u00e9ouverture d\u2019un de ses lieux les plus mythiques. Ferm\u00e9 depuis quatre ans pour travaux, le Grand Palais rouvre enfin ses portes. Un chantier pharaonique men\u00e9 par Chatillon Architectes, avec \u00e0 la cl\u00e9 466 millions d\u2019euros et une cure de jouvence \u00e0 la hauteur du monument.<\/p>\n<p>Une r\u00e9novation pens\u00e9e pour le XXIe si\u00e8cle<\/p>\n<p>Imagin\u00e9 pour l\u2019Exposition universelle de 1900 par le trio Deglane, Louvet et Thomas, le Grand Palais incarnait d\u00e9j\u00e0 \u00e0 l\u2019\u00e9poque un savant m\u00e9lange de style Beaux-Arts et d\u2019audace architecturale, avec son combo avant-gardiste verre-acier. Dans les ann\u00e9es 1960, c\u2019est Pierre Vivien qui avait repris les manettes pour retaper l\u2019aile nord, esquint\u00e9e pendant la guerre. Mais compar\u00e9 au chantier actuel men\u00e9 par Fran\u00e7ois Chatillon, c\u2019\u00e9tait presque de la bricole : jamais le b\u00e2timent n\u2019avait connu une r\u00e9novation aussi vaste, ambitieuse et structurante.<\/p>\n<p>Nouveaux espaces, nouvelles exp\u00e9riences<\/p>\n<p>Qu\u2019est-ce qui a chang\u00e9 ? \u00c0 peu pr\u00e8s tout, mais sans trahir l\u2019esprit des lieux. La nef centrale et les galeries attenantes ont \u00e9t\u00e9 remises d\u2019aplomb, r\u00e9adapt\u00e9es aux lubies techniques de l\u2019art contemporain. Et pour cause : jusqu\u2019en 2030, c\u2019est ici que le <a href=\"https:\/\/www.timeout.fr\/paris\/musees\/centre-pompidou-musee-national-dart-moderne\" target=\"_blank\" rel=\"noopener\">Centre Pompidou<\/a> \u2013 en plein\u00a0travaux \u2013 viendra poser ses valises. Bonus : l\u2019axe central du Grand Palais, de la place Jean Perrin jusqu\u2019\u00e0 la Seine, a \u00e9t\u00e9 totalement repens\u00e9 pour devenir un grand espace public \u00e0 ciel ouvert. Et avec plus de 40 ascenseurs et 30 escaliers flambant neufs, m\u00eame les mollets r\u00e9calcitrants trouveront leur bonheur.<\/p>\n<p>Au-del\u00e0 de son statut de mod\u00e8le d\u2019adaptabilit\u00e9 institutionnelle, le Grand Palais s\u2019appr\u00eate \u00e0 \u00e9largir sa palette culturelle bien au-del\u00e0 des expositions classiques : foires d\u2019art, installations en plein air et d\u00e9fil\u00e9s de mode viendront rythmer la programmation. \u00ab Le Grand Palais n\u2019est plus un monument isol\u00e9 ; il s\u2019inscrit dans un contexte culturel plus vaste \u00bb, a d\u00e9clar\u00e9 Fran\u00e7ois Chatillon, architecte en chef du chantier, dans The Art Newspaper.<\/p>\n<p>Parmi les nouveaut\u00e9s, une nouvelle entr\u00e9e pi\u00e9tonne fait son apparition, aux c\u00f4t\u00e9s du R\u00e9s\u00e9da Caf\u00e9 sign\u00e9 Thierry Marx et du Grand Caf\u00e9 pilot\u00e9 par le Loulou Groupe. Et ce lifting ne concerne pas que les murs : les jardins, enti\u00e8rement repens\u00e9s, accueillent d\u00e9sormais 60 000 plantes suppl\u00e9mentaires et un syst\u00e8me de r\u00e9cup\u00e9ration des eaux de pluie pour une irrigation plus durable.<\/p>\n","protected":false},"excerpt":{"rendered":"La sc\u00e8ne artistique parisienne ? In\u00e9galable, point. C\u2019est m\u00eame la raison principale pour laquelle Time Out a sacr\u00e9&hellip;\n","protected":false},"author":2,"featured_media":223031,"comment_status":"","ping_status":"","sticky":false,"template":"","format":"standard","meta":{"footnotes":""},"categories":[1888],"tags":[1111,1928,11,1927,19909,3734,19908,1777,674,1011,27,12,1926,626,1925,25],"class_list":{"0":"post-223030","1":"post","2":"type-post","3":"status-publish","4":"format-standard","5":"has-post-thumbnail","7":"category-paris","8":"tag-actu","9":"tag-actu-paris","10":"tag-actualites","11":"tag-actualites-paris","12":"tag-actualites-art","13":"tag-art","14":"tag-categories-art","15":"tag-eu","16":"tag-europe","17":"tag-fr","18":"tag-france","19":"tag-news","20":"tag-news-paris","21":"tag-paris","22":"tag-paris-news","23":"tag-republique-francaise"},"share_on_mastodon":{"url":"https:\/\/pubeurope.com\/@fr\/114789136709407328","error":""},"_links":{"self":[{"href":"https:\/\/www.europesays.com\/fr\/wp-json\/wp\/v2\/posts\/223030","targetHints":{"allow":["GET"]}}],"collection":[{"href":"https:\/\/www.europesays.com\/fr\/wp-json\/wp\/v2\/posts"}],"about":[{"href":"https:\/\/www.europesays.com\/fr\/wp-json\/wp\/v2\/types\/post"}],"author":[{"embeddable":true,"href":"https:\/\/www.europesays.com\/fr\/wp-json\/wp\/v2\/users\/2"}],"replies":[{"embeddable":true,"href":"https:\/\/www.europesays.com\/fr\/wp-json\/wp\/v2\/comments?post=223030"}],"version-history":[{"count":0,"href":"https:\/\/www.europesays.com\/fr\/wp-json\/wp\/v2\/posts\/223030\/revisions"}],"wp:featuredmedia":[{"embeddable":true,"href":"https:\/\/www.europesays.com\/fr\/wp-json\/wp\/v2\/media\/223031"}],"wp:attachment":[{"href":"https:\/\/www.europesays.com\/fr\/wp-json\/wp\/v2\/media?parent=223030"}],"wp:term":[{"taxonomy":"category","embeddable":true,"href":"https:\/\/www.europesays.com\/fr\/wp-json\/wp\/v2\/categories?post=223030"},{"taxonomy":"post_tag","embeddable":true,"href":"https:\/\/www.europesays.com\/fr\/wp-json\/wp\/v2\/tags?post=223030"}],"curies":[{"name":"wp","href":"https:\/\/api.w.org\/{rel}","templated":true}]}}