{"id":223034,"date":"2025-07-03T11:47:16","date_gmt":"2025-07-03T11:47:16","guid":{"rendered":"https:\/\/www.europesays.com\/fr\/223034\/"},"modified":"2025-07-03T11:47:16","modified_gmt":"2025-07-03T11:47:16","slug":"cecile-kohler-et-jacques-paris-menaces-de-mort-en-iran-journal-de-13-heures","status":"publish","type":"post","link":"https:\/\/www.europesays.com\/fr\/223034\/","title":{"rendered":"C\u00e9cile Kohler et Jacques Paris : menac\u00e9s de mort en Iran &#8211; Journal de 13 heures"},"content":{"rendered":"<p id=\"descriptionPanel\" aria-labelledby=\"descriptionArrow\" aria-expanded=\"false\" class=\"mr-2 line-clamp-2 pr-2.5 text-secondary overflow-visible\">Terrible nouvelle pour C\u00e9cile Kohler et son compagnon Jacques Paris. Ces deux Fran\u00e7ais, retenus en Iran depuis plus de trois ans, sont accus\u00e9s d\u2019espionnage au profit d\u2019Isra\u00ebl et de complots pour renverser le r\u00e9gime. Ils ont \u00e9t\u00e9 \u00e9vacu\u00e9s de la prison d\u2019Evin, \u00e0 T\u00e9h\u00e9ran, apr\u00e8s les bombardements isra\u00e9liens qui auraient fait 71 morts le mois dernier. Aujourd\u2019hui, ils risquent la peine de mort. Leurs familles r\u00e9agissent, ainsi que le gouvernement fran\u00e7ais.<\/p>\n<p>TF1 | Reportage B. CHRISTAL, L. ATTAL, J. JANUS\n<\/p>\n<p><a class=\"shrink-0\" href=\"https:\/\/www.tf1.fr\/fr-ch\/tf1\/jt-13h\" target=\"_blank\" rel=\"noopener\"><img decoding=\"async\" src=\"https:\/\/www.europesays.com\/fr\/wp-content\/uploads\/2025\/07\/flux-vignette-portrait-jt-13h-marie-sophie-lacarrau_2021-98c6fe-8e90cb-e083a7-0@1x.jpg\" width=\"138\" height=\"184\" alt=\"\" loading=\"eager\" fetchpriority=\"auto\" class=\"aspect-[3\/4] h-24 w-auto rounded-3px\" aria-hidden=\"true\"\/><\/a><\/p>\n","protected":false},"excerpt":{"rendered":"Terrible nouvelle pour C\u00e9cile Kohler et son compagnon Jacques Paris. Ces deux Fran\u00e7ais, retenus en Iran depuis plus&hellip;\n","protected":false},"author":2,"featured_media":223035,"comment_status":"","ping_status":"","sticky":false,"template":"","format":"standard","meta":{"footnotes":""},"categories":[1888],"tags":[11,1777,674,3483,3484,1011,27,3486,3485,12,626,25,3488,3489,3487],"class_list":{"0":"post-223034","1":"post","2":"type-post","3":"status-publish","4":"format-standard","5":"has-post-thumbnail","7":"category-paris","8":"tag-actualites","9":"tag-eu","10":"tag-europe","11":"tag-extrait","12":"tag-extrait-journal-de-13-heures","13":"tag-fr","14":"tag-france","15":"tag-journal-de-13-heures","16":"tag-journal-de-13-heures-extrait","17":"tag-news","18":"tag-paris","19":"tag-republique-francaise","20":"tag-streaming-journal-de-13-heures","21":"tag-video-en-streaming-journal-de-13-heures","22":"tag-video-journal-de-13-heures"},"share_on_mastodon":{"url":"https:\/\/pubeurope.com\/@fr\/114789144669659586","error":""},"_links":{"self":[{"href":"https:\/\/www.europesays.com\/fr\/wp-json\/wp\/v2\/posts\/223034","targetHints":{"allow":["GET"]}}],"collection":[{"href":"https:\/\/www.europesays.com\/fr\/wp-json\/wp\/v2\/posts"}],"about":[{"href":"https:\/\/www.europesays.com\/fr\/wp-json\/wp\/v2\/types\/post"}],"author":[{"embeddable":true,"href":"https:\/\/www.europesays.com\/fr\/wp-json\/wp\/v2\/users\/2"}],"replies":[{"embeddable":true,"href":"https:\/\/www.europesays.com\/fr\/wp-json\/wp\/v2\/comments?post=223034"}],"version-history":[{"count":0,"href":"https:\/\/www.europesays.com\/fr\/wp-json\/wp\/v2\/posts\/223034\/revisions"}],"wp:featuredmedia":[{"embeddable":true,"href":"https:\/\/www.europesays.com\/fr\/wp-json\/wp\/v2\/media\/223035"}],"wp:attachment":[{"href":"https:\/\/www.europesays.com\/fr\/wp-json\/wp\/v2\/media?parent=223034"}],"wp:term":[{"taxonomy":"category","embeddable":true,"href":"https:\/\/www.europesays.com\/fr\/wp-json\/wp\/v2\/categories?post=223034"},{"taxonomy":"post_tag","embeddable":true,"href":"https:\/\/www.europesays.com\/fr\/wp-json\/wp\/v2\/tags?post=223034"}],"curies":[{"name":"wp","href":"https:\/\/api.w.org\/{rel}","templated":true}]}}