{"id":223057,"date":"2025-07-03T12:00:10","date_gmt":"2025-07-03T12:00:10","guid":{"rendered":"https:\/\/www.europesays.com\/fr\/223057\/"},"modified":"2025-07-03T12:00:10","modified_gmt":"2025-07-03T12:00:10","slug":"pro-d2-incidents-lors-de-laccess-match-contre-perpignan-le-fcg-lourdement-sanctionne","status":"publish","type":"post","link":"https:\/\/www.europesays.com\/fr\/223057\/","title":{"rendered":"Pro D2. Incidents lors de l\u2019access-match contre Perpignan\u00a0: le FCG lourdement sanctionn\u00e9"},"content":{"rendered":"<p><a href=\"https:\/\/www.ledauphine.com\/sport\/2025\/06\/14\/le-fcg-s-incline-de-deux-points-contre-l-usap-et-echoue-une-nouvelle-fois-a-monter-en-top-14\" target=\"_blank\" rel=\"noopener\">Lors de l\u2019access-match Top 14<\/a> qui s\u2019est d\u00e9roul\u00e9 au Stade des Alpes le samedi 14\u00a0juin dernier entre le FC Grenoble Rugby et Perpignan (11-13), <a href=\"https:\/\/www.ledauphine.com\/sport\/2025\/06\/26\/bagarre-entre-supporters-le-fcg-et-perpignan-convoques-devant-la-commission-de-discipline\" target=\"_blank\" rel=\"noopener\">des incidents ont \u00e9maill\u00e9 la fin de la rencontre<\/a> au moment o\u00f9 les supporters des deux camps ont rejoint la pelouse. Incidents qui avaient n\u00e9cessit\u00e9 l\u2019intervention des forces de l\u2019ordre. Le calme \u00e9tait ensuite revenu rapidement.<\/p>\n<p>La commission de discipline de la Ligue s\u2019est pench\u00e9e sur le dossier et le FCG conna\u00eet d\u00e9sormais la sanction qui le frappe. Elle est lourde. Le club alpin a tout d\u2019abord \u00e9t\u00e9 condamn\u00e9 \u00e0 une amende de 25\u00a0000\u00a0euros.<\/p>\n<p>Par ailleurs, il devra disputer son premier match \u00e0 domicile dans une enceinte d\u00e9localis\u00e9e \u00e0 plus de 75 kilom\u00e8tres de Grenoble. Ce qui devrait cr\u00e9er un vrai manque \u00e0 gagner sur le plan financier. Le FCG attend de recevoir les notifications pr\u00e9cises de la part de la LNR avant de d\u00e9cider de faire appel de cette d\u00e9cision m\u00eame si le pr\u00e9sident Patrick Goffi semble y \u00eatre \u00e0 ce jour favorable.<\/p>\n","protected":false},"excerpt":{"rendered":"Lors de l\u2019access-match Top 14 qui s\u2019est d\u00e9roul\u00e9 au Stade des Alpes le samedi 14\u00a0juin dernier entre le&hellip;\n","protected":false},"author":2,"featured_media":223058,"comment_status":"","ping_status":"","sticky":false,"template":"","format":"standard","meta":{"footnotes":""},"categories":[1416],"tags":[112,113,114,2727,107,1701,63,1011,27,2731,2732,108,1985,2308,479,1468,517,60,478],"class_list":{"0":"post-223057","1":"post","2":"type-post","3":"status-publish","4":"format-standard","5":"has-post-thumbnail","7":"category-rugby","8":"tag-edition-grenoble-agglomeration","9":"tag-edition-gresivaudan-oisans","10":"tag-edition-voiron-saint-marcellin","11":"tag-fcg-fc-grenoble-rugby","12":"tag-fil-info","13":"tag-fil-info-sport","14":"tag-football","15":"tag-fr","16":"tag-france","17":"tag-grenoble","18":"tag-grenoble-bassin","19":"tag-isere","20":"tag-metropole-de-grenoble","21":"tag-pro-d2","22":"tag-rugby","23":"tag-rugby-football","24":"tag-sport","25":"tag-sports","26":"tag-top-14"},"share_on_mastodon":{"url":"https:\/\/pubeurope.com\/@fr\/114789195711749288","error":""},"_links":{"self":[{"href":"https:\/\/www.europesays.com\/fr\/wp-json\/wp\/v2\/posts\/223057","targetHints":{"allow":["GET"]}}],"collection":[{"href":"https:\/\/www.europesays.com\/fr\/wp-json\/wp\/v2\/posts"}],"about":[{"href":"https:\/\/www.europesays.com\/fr\/wp-json\/wp\/v2\/types\/post"}],"author":[{"embeddable":true,"href":"https:\/\/www.europesays.com\/fr\/wp-json\/wp\/v2\/users\/2"}],"replies":[{"embeddable":true,"href":"https:\/\/www.europesays.com\/fr\/wp-json\/wp\/v2\/comments?post=223057"}],"version-history":[{"count":0,"href":"https:\/\/www.europesays.com\/fr\/wp-json\/wp\/v2\/posts\/223057\/revisions"}],"wp:featuredmedia":[{"embeddable":true,"href":"https:\/\/www.europesays.com\/fr\/wp-json\/wp\/v2\/media\/223058"}],"wp:attachment":[{"href":"https:\/\/www.europesays.com\/fr\/wp-json\/wp\/v2\/media?parent=223057"}],"wp:term":[{"taxonomy":"category","embeddable":true,"href":"https:\/\/www.europesays.com\/fr\/wp-json\/wp\/v2\/categories?post=223057"},{"taxonomy":"post_tag","embeddable":true,"href":"https:\/\/www.europesays.com\/fr\/wp-json\/wp\/v2\/tags?post=223057"}],"curies":[{"name":"wp","href":"https:\/\/api.w.org\/{rel}","templated":true}]}}