{"id":223061,"date":"2025-07-03T12:02:26","date_gmt":"2025-07-03T12:02:26","guid":{"rendered":"https:\/\/www.europesays.com\/fr\/223061\/"},"modified":"2025-07-03T12:02:26","modified_gmt":"2025-07-03T12:02:26","slug":"jean-pierre-hunckler-succede-a-jean-pierre-siutat-a-la-tete-de-la-federation-francaise-de-basket","status":"publish","type":"post","link":"https:\/\/www.europesays.com\/fr\/223061\/","title":{"rendered":"Jean-Pierre Hunckler succ\u00e8de \u00e0 Jean-Pierre Siutat \u00e0 la t\u00eate de la F\u00e9d\u00e9ration fran\u00e7aise de basket"},"content":{"rendered":"\n<p class=\"article__paragraph  \">Un seul candidat en lice, d\u00e9j\u00e0 impliqu\u00e9 depuis de nombreuses ann\u00e9es dans la gestion de la f\u00e9d\u00e9ration et s\u2019inscrivant dans les pas de son pr\u00e9d\u00e9cesseur\u00a0: il n\u2019y a pas eu de surprise, samedi 14\u00a0d\u00e9cembre, \u00e0 la F\u00e9d\u00e9ration fran\u00e7aise de basket (FFBB) pour l\u2019\u00e9lection d\u2019un nouveau pr\u00e9sident. Jean-Pierre Hunckler a \u00e9t\u00e9 \u00e9lu avec 95,41\u00a0% des voix lors de l\u2019assembl\u00e9e g\u00e9n\u00e9rale \u00e9lective<\/p>\n<p class=\"article__paragraph  \">Ag\u00e9 de 65\u00a0ans, celui qui \u00e9tait jusqu\u2019\u00e0 pr\u00e9sent le premier vice-pr\u00e9sident et tr\u00e9sorier g\u00e9n\u00e9ral succ\u00e8de \u00e0 Jean-Pierre Siutat, qui, \u00e0 65\u00a0ans et apr\u00e8s plusieurs mandats (il avait \u00e9t\u00e9 \u00e9lu la premi\u00e8re fois en\u00a02010), ne pouvait pas se repr\u00e9senter. Ce dernier s\u2019en va alors que la FFBB affiche un\u00a0record de licenci\u00e9s (765\u00a0909 en\u00a02024) et que les \u00e9quipes de France ont remport\u00e9 trois m\u00e9dailles d\u2019argent aux Jeux olympiques cet \u00e9t\u00e9.<\/p>\n<p class=\"article__paragraph  \">\u00ab\u00a0Mon plan d\u2019actions se d\u00e9clinera en cinq axes que je partagerai dans les prochaines semaines et prochains mois avec nos ligues, comit\u00e9s et clubs, a d\u00e9clar\u00e9 M.\u00a0Hunckler. Il s\u2019articule autour d\u2019une vision claire pour notre sport\u00a0: faciliter l\u2019acc\u00e8s au basketball et le diffuser dans tous les pans de la soci\u00e9t\u00e9 d\u2019une part, consolider nos r\u00e9sultats au plus haut niveau en atteignant la premi\u00e8re place du podium d\u2019autre part.\u00a0\u00bb<\/p>\n<p class=\"article__paragraph  \">Cet ancien chef d\u2019entreprise, qui a aussi pr\u00e9sid\u00e9 la ligue du Lyonnais, dit par ailleurs souhaiter \u00ab\u00a0f\u00e9d\u00e9rer tous les acteurs\u00a0: des pros, \u00e0 travers la Ligue nationale de basket, aux amateurs, des acteurs publics que sont les collectivit\u00e9s, au secteur priv\u00e9 avec les entreprises et [les] partenaires\u00a0\u00bb.<\/p>\n<p>                                Lire aussi |  Article r\u00e9serv\u00e9 \u00e0 nos abonn\u00e9s  <a href=\"https:\/\/www.lemonde.fr\/sport\/article\/2024\/10\/11\/secouees-par-de-multiples-affaires-les-federations-sportives-organisent-leurs-elections_6349148_3242.html\" class=\"js-article-read-also catcher--favoris__link\" data-premium=\"1\" id=\"article-title-3392774\" target=\"_blank\" rel=\"noopener\">Secou\u00e9es par de multiples affaires, les f\u00e9d\u00e9rations sportives organisent leurs \u00e9lections<\/a>    <\/p>\n<p>   Lire plus tard  <\/p>\n<p class=\"author__detail\">  Le Monde avec AFP  <\/p>\n<p>                  <a href=\"https:\/\/www.lemonde.fr\/syndication\/\" class=\"reuse__content\" title=\"R\u00e9utiliser ce contenu\" target=\"_blank\" rel=\"noopener\">R\u00e9utiliser ce contenu<\/a>      <\/p>\n","protected":false},"excerpt":{"rendered":"Un seul candidat en lice, d\u00e9j\u00e0 impliqu\u00e9 depuis de nombreuses ann\u00e9es dans la gestion de la f\u00e9d\u00e9ration et&hellip;\n","protected":false},"author":2,"featured_media":223062,"comment_status":"","ping_status":"","sticky":false,"template":"","format":"standard","meta":{"footnotes":""},"categories":[1414],"tags":[1465,1464,1011,27,60],"class_list":{"0":"post-223061","1":"post","2":"type-post","3":"status-publish","4":"format-standard","5":"has-post-thumbnail","7":"category-basket","8":"tag-basket","9":"tag-basketball","10":"tag-fr","11":"tag-france","12":"tag-sports"},"share_on_mastodon":{"url":"https:\/\/pubeurope.com\/@fr\/114789203578196945","error":""},"_links":{"self":[{"href":"https:\/\/www.europesays.com\/fr\/wp-json\/wp\/v2\/posts\/223061","targetHints":{"allow":["GET"]}}],"collection":[{"href":"https:\/\/www.europesays.com\/fr\/wp-json\/wp\/v2\/posts"}],"about":[{"href":"https:\/\/www.europesays.com\/fr\/wp-json\/wp\/v2\/types\/post"}],"author":[{"embeddable":true,"href":"https:\/\/www.europesays.com\/fr\/wp-json\/wp\/v2\/users\/2"}],"replies":[{"embeddable":true,"href":"https:\/\/www.europesays.com\/fr\/wp-json\/wp\/v2\/comments?post=223061"}],"version-history":[{"count":0,"href":"https:\/\/www.europesays.com\/fr\/wp-json\/wp\/v2\/posts\/223061\/revisions"}],"wp:featuredmedia":[{"embeddable":true,"href":"https:\/\/www.europesays.com\/fr\/wp-json\/wp\/v2\/media\/223062"}],"wp:attachment":[{"href":"https:\/\/www.europesays.com\/fr\/wp-json\/wp\/v2\/media?parent=223061"}],"wp:term":[{"taxonomy":"category","embeddable":true,"href":"https:\/\/www.europesays.com\/fr\/wp-json\/wp\/v2\/categories?post=223061"},{"taxonomy":"post_tag","embeddable":true,"href":"https:\/\/www.europesays.com\/fr\/wp-json\/wp\/v2\/tags?post=223061"}],"curies":[{"name":"wp","href":"https:\/\/api.w.org\/{rel}","templated":true}]}}