{"id":223077,"date":"2025-07-03T12:10:27","date_gmt":"2025-07-03T12:10:27","guid":{"rendered":"https:\/\/www.europesays.com\/fr\/223077\/"},"modified":"2025-07-03T12:10:27","modified_gmt":"2025-07-03T12:10:27","slug":"voici-les-nouveautes-imaginees-par-nagui-pour-le-jeu-culte","status":"publish","type":"post","link":"https:\/\/www.europesays.com\/fr\/223077\/","title":{"rendered":"Voici les nouveaut\u00e9s imagin\u00e9es par Nagui pour le jeu culte"},"content":{"rendered":"<p>Ce sera l&rsquo;\u00e9v\u00e9nement t\u00e9l\u00e9vis\u00e9 de cet \u00e9t\u00e9 2025\u00a0: <a href=\"https:\/\/www.programme-tv.net\/news\/tv\/379559-intervilles-2025-date-de-diffusion-nouveautes-animateurs-toutes-les-infos-sur-la-nouvelle-version-du-jeu\/\" data-api-deeplink=\"teleloisirs:\/\/news\/379559\" rel=\"nofollow noopener\" target=\"_blank\">Intervilles fait son grand retour en direct<\/a> d\u00e8s ce jeudi 3\u00a0juillet \u00e0 partir de 21h10 sur France 2\u00a0! Quatre prime time itin\u00e9rants du jeu culte sont pr\u00e9vus chaque semaine pendant ce mois\u00a0: trois pour les qualifications \u00e0 Beauvais (Oise), Gap (Hautes-Alpes) et Wallers-Arenberg (Nord) \u2013 qui affronteront respectivement Coulanges-l\u00e8s-Nevers (Ni\u00e8vre), Bourgoin-Jallieu (Is\u00e8re) et Saint-Amand-les-Eaux (Nord) \u2013, avant l<b>a finale du jeudi 24\u00a0juillet o\u00f9 s&rsquo;opposeront les trois meilleures villes.<\/b> Chacune d&rsquo;entre elles sera repr\u00e9sent\u00e9e par dix candidats.<\/p>\n<p><b>Intervilles 2025\u00a0:<\/b><b> pourquoi la relance de l&rsquo;\u00e9mission par Nagui a \u00e9t\u00e9 aussi compliqu\u00e9e<\/b><\/p>\n<p>C&rsquo;est peu de dire que le jeu cr\u00e9\u00e9 en 1962 par <a href=\"https:\/\/www.programme-tv.net\/biographie\/116970-lux-guy\/\" data-link-people=\"37e6cbf7-12a1-4171-9e6d-bef3e5b3b6af\" rel=\"nofollow noopener\" target=\"_blank\">Guy Lux<\/a> et Claude Savarit revient de loin. Absent de l&rsquo;antenne depuis 2013, <b>sa relance \u00e9tait dans les cartons depuis 2019<\/b>, port\u00e9e par l&rsquo;animateur-producteur Nagui. Mais la crise sanitaire est pass\u00e9e par l\u00e0 et a report\u00e9 le lancement sine die. Un retard b\u00e9n\u00e9fique pour le format, puisque la version initialement imagin\u00e9e par Nagui devait \u00eatre enregistr\u00e9e et tourn\u00e9e dans un lieu fixe, en l&rsquo;occurrence Disneyland Paris. Le professionnel de 63 ans a fini par se rendre \u00e0 l&rsquo;\u00e9vidence\u00a0: \u00ab\u00a0Sans direct, ce n&rsquo;\u00e9tait pas vraiment Intervilles\u2026\u00a0\u00bb. <b>Reste que cette \u00e9dition 2025 sera organis\u00e9e sans vachettes.<\/b><\/p>\n<p>                        <b>Intervilles 2025\u00a0:<\/b><b> pourquoi n&rsquo;y a-t-il plus de vachettes sur France 2\u00a0?<\/b><\/p>\n<p>Une d\u00e9cision qui a beaucoup fait parler, des villes du Sud de la France comme Dax et Bayonne d\u00e9cidant m\u00eame de boycotter le jeu. \u00ab\u00a0C&rsquo;est une demande de France T\u00e9l\u00e9visions\u00a0\u00bb, pr\u00e9cise Nagui, lui-m\u00eame fervent d\u00e9fenseur de la cause animale. Con\u00e7ue par Zep, le cr\u00e9ateur de Titeuf, la vachette sera d\u00e9sormais repr\u00e9sent\u00e9e par une mascotte en mousse, camp\u00e9e par un candidat de chaque ville participante. Son r\u00f4le\u00a0? Perturber l&rsquo;\u00e9quipe adverse. \u00ab\u00a0Pour l&rsquo;anecdote, la vachette a \u00e9t\u00e9 baptis\u00e9e Topa par un stagiaire de troisi\u00e8me, qui \u00e9tait persuad\u00e9 que c&rsquo;\u00e9tait son nom dans les anciennes versions\u00a0\u00bb, s&rsquo;amuse Nagui, en r\u00e9f\u00e9rence au gimmick \u00ab\u00a0Top \u00e0 la vachette\u00a0\u00bb\u00a0!<\/p>\n<p><b>Quelles sont les nouveaut\u00e9s d<\/b><b>&lsquo;Intervilles 2025\u00a0?<\/b><b> Qui sont les animateurs\u00a0?<\/b><\/p>\n<p>Autre absent (pour des probl\u00e8mes de droits), le mythique Shanana laisse place \u00e0 un nouveau g\u00e9n\u00e9rique plus rock, <a href=\"https:\/\/www.programme-tv.net\/news\/tv\/382144-je-vois-quelqu-un-de-bouleverse-nagui-raconte-le-jour-ou-il-a-demande-a-dorian-lux-le-petit-fils-de-guy-lux-de-realiser-le-nouveau-generique-d-intervilles\/\" data-api-deeplink=\"teleloisirs:\/\/news\/382144\" rel=\"nofollow noopener\" target=\"_blank\">cocompos\u00e9 par Dorian Lux<\/a>\u2026 l&rsquo;arri\u00e8re-petit-fils de Guy Lux, connu pour faire partie du duo fran\u00e7ais Ofenbach. \u00ab\u00a0Il a \u00e9t\u00e9 sinc\u00e8rement \u00e9mu de cette demande\u00a0\u00bb, assure Nagui. \u00c0 l&rsquo;animation, ce dernier pourra compter sur <a href=\"https:\/\/www.programme-tv.net\/news\/tv\/382159-demandez-a-un-specialiste-bruno-guillon-corrige-anne-elisabeth-lemoine-avec-humour-apres-une-reflexion-sur-les-home-jackings\/\" data-api-deeplink=\"teleloisirs:\/\/news\/382159\" rel=\"nofollow noopener\" target=\"_blank\"><b>Bruno Guillon<\/b><\/a> pour expliquer les r\u00e8gles de la douzaine d&rsquo;\u00e9preuves propos\u00e9es chaque semaine. Un savant dosage de jeux mythiques et d&rsquo;autres in\u00e9dits, comme un quiz de culture g\u00e9n\u00e9rale m\u00eal\u00e9 \u00e0 un tir \u00e0 la corde. De leur c\u00f4t\u00e9, <a href=\"https:\/\/www.programme-tv.net\/news\/people\/371578-t-es-serieux-camille-lacourt-revient-sur-la-reaction-qu-a-eue-son-ex-femme-valerie-begue-en-apprenant-sa-depression\/\" data-api-deeplink=\"teleloisirs:\/\/news\/371578\" rel=\"nofollow noopener\" target=\"_blank\"><b>Val\u00e9rie B\u00e8gue<\/b><\/a><b> et <\/b><a href=\"https:\/\/www.programme-tv.net\/news\/people\/381500-camille-cerf-en-couple-qui-est-theo-fleury-son-compagnon-et-le-pere-de-son-fils\/\" data-api-deeplink=\"teleloisirs:\/\/news\/381500\" rel=\"nofollow noopener\" target=\"_blank\"><b>Camille Cerf<\/b><\/a>, Miss France 2008 et Miss France 2015, d\u00e9fendront chacune les couleurs d&rsquo;une ville, accompagn\u00e9es en musique par <a href=\"https:\/\/www.programme-tv.net\/news\/people\/382194-ne-me-faites-pas-des-trucs-comme-ca-magali-ripoll-fond-en-larmes-apres-un-message-de-ses-parents-sur-le-plateau-des-enfants-de-la-tele\/\" data-api-deeplink=\"teleloisirs:\/\/news\/382194\" rel=\"nofollow noopener\" target=\"_blank\"><b>Magali Ripoll<\/b><\/a> de N&rsquo;oubliez pas les paroles. \u00ab\u00a0\u00c0 l&rsquo;\u00e9poque, ce jeu symbolisait l\u2019\u00e9t\u00e9 et c\u2019est ce qu\u2019on va essayer de recr\u00e9er\u00a0\u00bb, souhaite cette derni\u00e8re. Enfin, <b>le bondissant <\/b><a href=\"https:\/\/www.programme-tv.net\/news\/people\/382046-j-ai-repris-2-3-kilos-yoann-riou-s-exprime-sur-sa-recente-prise-de-poids-et-en-devoile-la-raison-dans-les-grosses-tetes\/\" data-api-deeplink=\"teleloisirs:\/\/news\/382046\" rel=\"nofollow noopener\" target=\"_blank\"><b>Yoann Riou<\/b><\/a><b> <\/b>arbitrera la comp\u00e9tition. Le journaliste de la cha\u00eene L&rsquo;\u00c9quipe entend marcher dans les pas de l&rsquo;inoubliable Robert Wurtz, \u00ab\u00a0un arbitre qui faisait le spectacle\u00a0\u00bb dans Intervilles au d\u00e9but des ann\u00e9es 2000.<\/p>\n<p>Grande premi\u00e8re, muni de ses cartons jaunes, Yoann Riou pourra faire appel \u00e0 l&rsquo;arbitrage vid\u00e9o en cas de contestation. \u00ab\u00a0J&rsquo;aimerais qu&rsquo;on soit bouscul\u00e9s, qu&rsquo;on ne sache plus o\u00f9 en est\u2026 et finir dans la piscine\u00a0!\u00a0\u00bb, s&rsquo;enthousiasme-t-il. Reste \u00e0 voir si le public sera au rendez-vous. France 2 attend de voir si cet Intervilles est toujours capable de rassembler petits et grands avant de donner son feu vert \u00e0 une \u00e9dition 2026.<\/p>\n","protected":false},"excerpt":{"rendered":"Ce sera l&rsquo;\u00e9v\u00e9nement t\u00e9l\u00e9vis\u00e9 de cet \u00e9t\u00e9 2025\u00a0: Intervilles fait son grand retour en direct d\u00e8s ce jeudi&hellip;\n","protected":false},"author":2,"featured_media":223078,"comment_status":"","ping_status":"","sticky":false,"template":"","format":"standard","meta":{"footnotes":""},"categories":[1356],"tags":[7961,17055,244,58,59,1011,27,28148,36204,10477,252,1364,36205,35335],"class_list":{"0":"post-223077","1":"post","2":"type-post","3":"status-publish","4":"format-standard","5":"has-post-thumbnail","7":"category-television","8":"tag-bruno-guillon","9":"tag-camille-cerf","10":"tag-commentaire","11":"tag-divertissement","12":"tag-entertainment","13":"tag-fr","14":"tag-france","15":"tag-intervilles","16":"tag-magali-ripoll","17":"tag-nagui","18":"tag-television","19":"tag-tv","20":"tag-valu00e9rie-bu00e8gue","21":"tag-yoann-riou"},"share_on_mastodon":{"url":"https:\/\/pubeurope.com\/@fr\/114789235336908061","error":""},"_links":{"self":[{"href":"https:\/\/www.europesays.com\/fr\/wp-json\/wp\/v2\/posts\/223077","targetHints":{"allow":["GET"]}}],"collection":[{"href":"https:\/\/www.europesays.com\/fr\/wp-json\/wp\/v2\/posts"}],"about":[{"href":"https:\/\/www.europesays.com\/fr\/wp-json\/wp\/v2\/types\/post"}],"author":[{"embeddable":true,"href":"https:\/\/www.europesays.com\/fr\/wp-json\/wp\/v2\/users\/2"}],"replies":[{"embeddable":true,"href":"https:\/\/www.europesays.com\/fr\/wp-json\/wp\/v2\/comments?post=223077"}],"version-history":[{"count":0,"href":"https:\/\/www.europesays.com\/fr\/wp-json\/wp\/v2\/posts\/223077\/revisions"}],"wp:featuredmedia":[{"embeddable":true,"href":"https:\/\/www.europesays.com\/fr\/wp-json\/wp\/v2\/media\/223078"}],"wp:attachment":[{"href":"https:\/\/www.europesays.com\/fr\/wp-json\/wp\/v2\/media?parent=223077"}],"wp:term":[{"taxonomy":"category","embeddable":true,"href":"https:\/\/www.europesays.com\/fr\/wp-json\/wp\/v2\/categories?post=223077"},{"taxonomy":"post_tag","embeddable":true,"href":"https:\/\/www.europesays.com\/fr\/wp-json\/wp\/v2\/tags?post=223077"}],"curies":[{"name":"wp","href":"https:\/\/api.w.org\/{rel}","templated":true}]}}