{"id":223081,"date":"2025-07-03T12:12:16","date_gmt":"2025-07-03T12:12:16","guid":{"rendered":"https:\/\/www.europesays.com\/fr\/223081\/"},"modified":"2025-07-03T12:12:16","modified_gmt":"2025-07-03T12:12:16","slug":"lune-des-meilleures-series-de-super-heros-est-enfin-disponible-en-streaming-apres-des-annees-dabsence","status":"publish","type":"post","link":"https:\/\/www.europesays.com\/fr\/223081\/","title":{"rendered":"L&rsquo;une des meilleures s\u00e9ries de super-h\u00e9ros est enfin disponible en streaming, apr\u00e8s des ann\u00e9es d&rsquo;absence"},"content":{"rendered":"<p>L\u2019une des s\u00e9ries les plus importantes du Arrowverse vient enfin de retrouver le chemin du streaming, apr\u00e8s avoir \u00e9t\u00e9 indisponible en France pendant de nombreuses ann\u00e9es. L\u2019occasion pour les fans, et pour les curieux, de plonger dans cet univers super-h\u00e9ro\u00efque, pile \u00e0 temps pour le film Superman.<\/p>\n<p>Certaines p\u00e9pites du petit \u00e9cran tombent parfois dans l\u2019oubli, <a href=\"https:\/\/www.numerama.com\/pop-culture\/1896124-18-series-annulees-trop-tot-mais-a-voir-absolument-sur-netflix-disney-ou-prime-video.html\" data-type=\"post\" data-id=\"1896124\" rel=\"nofollow noopener\" target=\"_blank\">en \u00e9tant injustement annul\u00e9es au sommet de leur gloire<\/a> ou en disparaissant purement et simplement des plateformes de streaming. Quand elles sont uniquement disponibles au format physique, sur d\u2019obscurs sites \u00e9trangers ou dans des versions de seconde main aux prix exorbitants, ces s\u00e9ries finissent par mourir, \u00e0 petit feu.<\/p>\n<p>C\u2019\u00e9tait le cas de <a href=\"https:\/\/www.numerama.com\/series-tv\/the-100\/\" data-type=\"tv-shows\" data-id=\"992339\" rel=\"nofollow noopener\" target=\"_blank\">The 100<\/a>, indisponible pendant de longs mois en France, <a href=\"https:\/\/www.numerama.com\/pop-culture\/1993373-cette-serie-de-sf-culte-est-enfin-disponible-en-streaming-apres-des-mois-dabsence.html\" data-type=\"post\" data-id=\"1993373\" rel=\"nofollow noopener\" target=\"_blank\">avant son retour triomphant sur HBO Max<\/a>, mais aussi de l\u2019une des meilleures productions de super-h\u00e9ros, longtemps mise de c\u00f4t\u00e9 : <a href=\"https:\/\/www.numerama.com\/series-tv\/superman-lois\/\" rel=\"nofollow noopener\" target=\"_blank\">Superman &amp; Lo\u00efs<\/a>. Et bonne nouvelle : Clark Kent est enfin de retour sur une <a href=\"https:\/\/www.numerama.com\/pop-culture\/541742-netflix-amazon-canal-ocs-apple-tv-le-grand-comparatif-2019-des-offres-de-svod-en-france.html\" data-type=\"post\" data-id=\"541742\" rel=\"nofollow noopener\" target=\"_blank\">nouvelle plateforme de streaming.<\/a><\/p>\n<\/p>\n<p>            Ce contenu est bloqu\u00e9 car vous n\u2019avez pas accept\u00e9 les cookies et autres traceurs. Ce contenu est fourni par YouTube.<br \/>Pour pouvoir le visualiser, vous devez accepter l\u2019usage \u00e9tant op\u00e9r\u00e9 par YouTube avec vos donn\u00e9es qui pourront \u00eatre utilis\u00e9es pour les finalit\u00e9s suivantes : vous permettre de visualiser et de partager des contenus avec des m\u00e9dias sociaux, favoriser le d\u00e9veloppement et l\u2019am\u00e9lioration des produits d\u2019Humanoid et de ses partenaires, vous afficher des publicit\u00e9s personnalis\u00e9es par rapport \u00e0 votre profil et activit\u00e9, vous d\u00e9finir un profil publicitaire personnalis\u00e9, mesurer la performance des publicit\u00e9s et du contenu de ce site et mesurer l\u2019audience de ce site <a href=\"#\" class=\"js-privacy\" target=\"_blank\">(en savoir plus)<\/a>        <\/p>\n<p>            En cliquant sur \u00ab J\u2019accepte tout \u00bb, vous consentez aux finalit\u00e9s susmentionn\u00e9es pour l\u2019ensemble des cookies et autres traceurs d\u00e9pos\u00e9s par Humanoid et <a class=\"embed-consent-overlay-vendors-link\" href=\"#preferences-vendeurs\">ses partenaires<\/a>.        <\/p>\n<p>            Vous gardez la possibilit\u00e9 de retirer votre consentement \u00e0 tout moment. Pour plus d\u2019informations, nous vous invitons \u00e0 prendre connaissance de notre <a href=\"https:\/\/www.numerama.com\/politique-cookies\" rel=\"nofollow noopener\" target=\"_blank\">Politique cookies<\/a>.        <\/p>\n<p>        J\u2019accepte tout    <\/p>\n<p class=\"embed-consent-overlay-manage-choices\">        <a href=\"#preferences-publicitaires\">G\u00e9rer mes choix<\/a>    <\/p>\n<p>O\u00f9 voir Superman &amp; Lo\u00efs en streaming en France ?<\/p>\n<p>En mars 2023, <a href=\"https:\/\/www.numerama.com\/pop-culture\/1271774-la-mort-de-salto-est-un-immense-gachis.html\" data-type=\"post\" data-id=\"1271774\" rel=\"nofollow noopener\" target=\"_blank\">la plateforme de streaming fran\u00e7aise Salto<\/a> fermait ses portes, apr\u00e8s moins de 3 ans de bons et loyaux services. Avec elle, disparaissaient alors plusieurs s\u00e9ries internationales qui avaient enfin trouv\u00e9 un foyer en France. On pense notamment \u00e0 <a href=\"https:\/\/www.numerama.com\/series-tv\/yellowstone\/\" data-type=\"tv-shows\" data-id=\"1835728\" rel=\"nofollow noopener\" target=\"_blank\">Yellowstone<\/a>, \u00e0 une \u00e9poque o\u00f9 <a href=\"https:\/\/www.numerama.com\/pop-culture\/1793682-voici-les-meilleures-series-a-voir-sur-paramount-plus-avec-canal-plus.html\" data-type=\"post\" data-id=\"1793682\" rel=\"nofollow noopener\" target=\"_blank\">Paramount+<\/a> n\u2019avait pas encore d\u00e9barqu\u00e9 dans nos contr\u00e9es, mais aussi \u00e0 Superman &amp; Lo\u00efs, centr\u00e9e sur une version plus banale du fameux super-h\u00e9ros, confortablement install\u00e9 dans une vie de famille.<\/p>\n<p><a href=\"https:\/\/www.numerama.com\/wp-content\/uploads\/2022\/01\/superman-lois.jpg\" rel=\"nofollow noopener\" target=\"_blank\"><img decoding=\"async\" width=\"1024\" height=\"576\" loading=\"lazy\" alt=\"Superman &amp; Lo\u00efs. \/\/ Source : The CW\" title=\"Superman &amp; Lo\u00efs. \/\/ Source : The CW\" class=\"wp-image-826555 placeholder-default wp-image\" src=\"https:\/\/www.europesays.com\/fr\/wp-content\/uploads\/2025\/07\/superman-lois-1024x576.jpg\" \/><\/a>Superman &amp; Lo\u00efs. \/\/ Source : The CW<\/p>\n<p>Et apr\u00e8s plus de deux ans d\u2019absence, les quatre saisons de Superman &amp; Lo\u00efs sont enfin de retour en France. La production de la CW vient ainsi d\u2019\u00eatre ajout\u00e9e au catalogue de HBO Max, depuis le 2 juillet 2025. L\u2019occasion est donc parfaite pour d\u00e9couvrir l\u2019int\u00e9gralit\u00e9 de ces 53 \u00e9pisodes, en attendant la sortie du film <a href=\"https:\/\/www.numerama.com\/films\/superman-legacy\/\" data-type=\"movies\" data-id=\"1620132\" rel=\"nofollow noopener\" target=\"_blank\">Superman<\/a>, au cin\u00e9ma d\u00e8s le 9 juillet.<\/p>\n<p>    Pour aller plus loin<\/p>\n<p>                <img decoding=\"async\" width=\"87\" height=\"87\" loading=\"lazy\" alt=\"Superman \/\/ Source : Warner Bros.\" title=\"Superman \/\/ Source : Warner Bros.\" class=\"placeholder-default wp-image\" src=\"https:\/\/www.europesays.com\/fr\/wp-content\/uploads\/2025\/07\/gm6iyfawyaio8cl-120x120.jpeg\" \/>            <\/p>\n<p>Pourquoi vous devez absolument donner une chance \u00e0 Superman &amp; Lo\u00efs sur HBO Max ?<\/p>\n<p>Vous n\u2019en pouvez plus de suivre des super-h\u00e9ros aux collants parfaitement ajust\u00e9s, qui ne doutent jamais ? Alors, Superman &amp; Lo\u00efs sera faite pour vous. Diffus\u00e9e entre 2021 et 2024, cette s\u00e9rie ambitieuse a pris un parti plut\u00f4t \u00e9tonnant \u00e0 l\u2019\u00e9poque : se concentrer sur la normalit\u00e9 de Clark Kent. Le personnage \u00e0 la force surhumaine a donc raccroch\u00e9 son costume pour mener une vie de famille aupr\u00e8s de son \u00e2me s\u0153ur de toujours : Lois Lane. Une qu\u00eate qui n\u2019est \u00e9videmment pas de tout repos.<\/p>\n<p>Devenu parents de deux ados, le couple d\u00e9cide de d\u00e9m\u00e9nager \u00e0 Smallville avec ses enfants, Jonathan et Jordan. Apr\u00e8s des ann\u00e9es d\u2019ignorance, ces derniers vont alors d\u00e9couvrir que leur p\u00e8re n\u2019est autre que Superman. Clark, lui, retrouvera la ville de son enfance, ainsi que son premier amour : Lana Lang.<\/p>\n<p><a href=\"https:\/\/www.numerama.com\/wp-content\/uploads\/2021\/12\/superman-lois.jpg\" rel=\"nofollow noopener\" target=\"_blank\"><img decoding=\"async\" width=\"1024\" height=\"576\" loading=\"lazy\" alt=\"Clark Kent et Lo\u00efs Lane. \/\/ Source : Salto\/The CW\" title=\"Clark Kent et Lo\u00efs Lane. \/\/ Source : Salto\/The CW\" class=\"wp-image-796587 placeholder-default wp-image\" src=\"https:\/\/www.europesays.com\/fr\/wp-content\/uploads\/2025\/07\/1751544733_604_superman-lois-1024x576.jpg\" \/><\/a>Clark Kent et Lo\u00efs Lane. \/\/ Source : Salto\/The CW<\/p>\n<p>Con\u00e7ue comme une sorte d\u2019h\u00e9riti\u00e8re, plus mature, de <a href=\"https:\/\/www.numerama.com\/series-tv\/smallville\/\" data-type=\"tv-shows\" data-id=\"1660090\" rel=\"nofollow noopener\" target=\"_blank\">Smallville<\/a>, Superman &amp; Lo\u00efs met en sc\u00e8ne les excellents Tyler Hoechlin (Teen Wolf) et Elizabeth Tulloch (Grimm). Apr\u00e8s avoir \u00e9t\u00e9 introduits dans The Flash, <a href=\"https:\/\/www.numerama.com\/pop-culture\/599436-cest-officiel-superman-et-lois-reviennent-en-serie.html\" rel=\"nofollow noopener\" target=\"_blank\">puis dans Supergirl<\/a>, les deux personnages se sont ensuite progressivement <a href=\"https:\/\/www.numerama.com\/pop-culture\/1859066-larrowverse-vient-de-prendre-fin-avec-superman-lois.html\" rel=\"nofollow noopener\" target=\"_blank\">\u00e9loign\u00e9s de l\u2019Arrowverse<\/a>, pour tracer leur propre chemin.<\/p>\n<p>La s\u00e9rie a ainsi permis de <a href=\"https:\/\/www.numerama.com\/pop-culture\/825061-et-si-vous-donniez-une-chance-a-superman-lois.html\" rel=\"nofollow noopener\" target=\"_blank\">raconter une nouvelle facette de Superman<\/a>, maintes fois incarn\u00e9 \u00e0 l\u2019\u00e9cran, en lui redonnant ce dont il manquait cruellement : une humanit\u00e9.<\/p>\n<p>    Pour aller plus loin<\/p>\n<p>                <img decoding=\"async\" width=\"87\" height=\"87\" loading=\"lazy\" alt=\"The Last of Us \/\/ Source : HBO\" title=\"The Last of Us \/\/ Source : HBO\" class=\"placeholder-default wp-image\" src=\"https:\/\/www.europesays.com\/fr\/wp-content\/uploads\/2025\/07\/the-last-of-us-hbo-200x200.jpg\" \/>            <\/p>\n<p>                        <a href=\"https:\/\/www.numerama.com\/series-tv\/superman-lois\/\" class=\"is-block\" rel=\"nofollow noopener\" target=\"_blank\"><br \/>\n                            <img decoding=\"async\" width=\"350\" height=\"210\" loading=\"lazy\" alt=\"Superman &amp; Lo\u00efs. \/\/ Source : The CW\" title=\"Superman &amp; Lo\u00efs. \/\/ Source : The CW\" class=\"is-block is-radiused placeholder-default wp-image\" src=\"https:\/\/www.europesays.com\/fr\/wp-content\/uploads\/2025\/07\/superman-lois-680x383.jpg\" \/>                        <\/a><\/p>\n<p>        <img decoding=\"async\" width=\"168\" height=\"168\" loading=\"lazy\" alt=\"Source : Montage Numerama\" title=\"Source : Montage Numerama\" class=\"placeholder-default wp-image\" src=\"https:\/\/www.europesays.com\/fr\/wp-content\/uploads\/2025\/07\/1751544734_838_comparatif-svod-200x200.jpg\" \/>    <\/p>\n<p>        Quel est le service de SVOD fait pour vous ?<br \/>\n        Quelle plateforme de streaming choisir en 2025\u00a0? Comparatif entre Netflix, Prime Video, Max, Apple TV+\u2026<br \/>\n        <a href=\"https:\/\/www.numerama.com\/pop-culture\/541742-netflix-amazon-canal-ocs-apple-tv-le-grand-comparatif-2019-des-offres-de-svod-en-france.html\" class=\"btn is-family-secondary is-text-weight-bold has-text-left mt-2\" rel=\"nofollow noopener\" target=\"_blank\">D\u00e9couvrez notre comparateur<\/a><\/p>\n<p>            <img decoding=\"async\" src=\"https:\/\/www.europesays.com\/fr\/wp-content\/uploads\/2025\/04\/iPhone-16-pro.png\" alt=\"Toute l'actu tech en un clien d'oeil\"\/><\/p>\n<p class=\"card-install-pwa__title\">Toute l&rsquo;actu tech en un clin d&rsquo;\u0153il<\/p>\n<p class=\"card-install-pwa__description\">Ajoutez Numerama \u00e0 votre \u00e9cran d&rsquo;accueil et restez connect\u00e9s au futur !<\/p>\n<p>            <img decoding=\"async\" src=\"https:\/\/www.numerama.com\/wp-content\/themes\/numerama-next\/assets\/images\/premium\/logo-card-pwa-coupe.svg\" alt=\"Logo PWA\"\/><\/p>\n<p>       Installer Numerama<\/p>\n","protected":false},"excerpt":{"rendered":"L\u2019une des s\u00e9ries les plus importantes du Arrowverse vient enfin de retrouver le chemin du streaming, apr\u00e8s avoir&hellip;\n","protected":false},"author":2,"featured_media":223082,"comment_status":"","ping_status":"","sticky":false,"template":"","format":"standard","meta":{"footnotes":""},"categories":[1354],"tags":[58,59,1346,1011,27,1360,36206,7259],"class_list":{"0":"post-223081","1":"post","2":"type-post","3":"status-publish","4":"format-standard","5":"has-post-thumbnail","7":"category-films","8":"tag-divertissement","9":"tag-entertainment","10":"tag-films","11":"tag-fr","12":"tag-france","13":"tag-movies","14":"tag-superman-lois","15":"tag-vie-du-streaming"},"share_on_mastodon":{"url":"https:\/\/pubeurope.com\/@fr\/114789243117049194","error":""},"_links":{"self":[{"href":"https:\/\/www.europesays.com\/fr\/wp-json\/wp\/v2\/posts\/223081","targetHints":{"allow":["GET"]}}],"collection":[{"href":"https:\/\/www.europesays.com\/fr\/wp-json\/wp\/v2\/posts"}],"about":[{"href":"https:\/\/www.europesays.com\/fr\/wp-json\/wp\/v2\/types\/post"}],"author":[{"embeddable":true,"href":"https:\/\/www.europesays.com\/fr\/wp-json\/wp\/v2\/users\/2"}],"replies":[{"embeddable":true,"href":"https:\/\/www.europesays.com\/fr\/wp-json\/wp\/v2\/comments?post=223081"}],"version-history":[{"count":0,"href":"https:\/\/www.europesays.com\/fr\/wp-json\/wp\/v2\/posts\/223081\/revisions"}],"wp:featuredmedia":[{"embeddable":true,"href":"https:\/\/www.europesays.com\/fr\/wp-json\/wp\/v2\/media\/223082"}],"wp:attachment":[{"href":"https:\/\/www.europesays.com\/fr\/wp-json\/wp\/v2\/media?parent=223081"}],"wp:term":[{"taxonomy":"category","embeddable":true,"href":"https:\/\/www.europesays.com\/fr\/wp-json\/wp\/v2\/categories?post=223081"},{"taxonomy":"post_tag","embeddable":true,"href":"https:\/\/www.europesays.com\/fr\/wp-json\/wp\/v2\/tags?post=223081"}],"curies":[{"name":"wp","href":"https:\/\/api.w.org\/{rel}","templated":true}]}}