{"id":22309,"date":"2025-04-13T13:49:10","date_gmt":"2025-04-13T13:49:10","guid":{"rendered":"https:\/\/www.europesays.com\/fr\/22309\/"},"modified":"2025-04-13T13:49:10","modified_gmt":"2025-04-13T13:49:10","slug":"facundo-isa-le-reveil-du-buffle-argentin-du-rct","status":"publish","type":"post","link":"https:\/\/www.europesays.com\/fr\/22309\/","title":{"rendered":"Facundo Isa, le r\u00e9veil du buffle argentin du RCT"},"content":{"rendered":"<p>Le puissant num\u00e9ro 8, apr\u00e8s s\u2019\u00eatre laiss\u00e9 vivre au point de ne pas voir son contrat prolong\u00e9, s\u2019est enfin r\u00e9veill\u00e9. Face au Stade Toulousain, ce dimanche en quart de finale, ses charges feront rugir Mayol de plaisir.<\/p>\n<p class=\"fig-paragraph\">Il s\u2019\u00e9tait laiss\u00e9 aller. Retrouvant sa nonchalance qui avait pu lui jouer des tours. \u00abJe suis quelqu\u2019un de tr\u00e8s tranquille qui ne craint pas la pression\u00bb, a-t-il l\u2019habitude de dire. Ses entra\u00eeneurs le r\u00e9sument autrement. \u00abC\u2019est un joueur atypique, qui a parfois du mal \u00e0 se cadrer. Mais quand il le d\u00e9cide, il est tout simplement incroyable\u2026\u00bb Mais, \u00e0 force de sembler peu concern\u00e9 aux entra\u00eenements, pas assez concentr\u00e9 en match, Facundo Isa avait fini, il y a quelques mois encore, par d\u00e9sesp\u00e9rer son club de c\u0153ur. Car, entre le puissant troisi\u00e8me-ligne argentin et le RCT, c\u2019est une longue histoire.<\/p>\n<p class=\"fig-paragraph\">Fort d\u2019une Coupe du monde junior r\u00e9ussie avec les Pumitas en 2013, il avait tap\u00e9 dans l\u2019\u0153il du recruteur varois, Laurent Emmanuelli. Pour poser ses valises sur la Rade \u00e0 seulement 19 ans. Mais trop jeune, trop loin de ses proches, d\u00e9racin\u00e9, le jeune homme avait vite \u00e9t\u00e9 rattrap\u00e9 par le mal du pays. Barr\u00e9 par les stars toulonnaises de la grande \u00e9poque, il n\u2019avait jou\u00e9 que dix minutes au point de demander, et d\u2019obtenir, que son contrat soit r\u00e9sili\u00e9 et de rentrer pr\u00e8s des siens moins d\u2019un an apr\u00e8s son d\u00e9part. Un \u00e9chec. Pour une farouche volont\u00e9 de revanche.<\/p>\n<p class=\"fig-body-link\">\n            \u00c0 lire aussi<br \/>\n        <a class=\"fig-body-link__link\" href=\"http:\/\/www.lefigaro.fr\/sports\/rugby\/coupe-d-europe\/toulon-toulouse-a-quelle-heure-et-sur-quelle-chaine-suivre-le-quart-de-finale-de-champions-cup-20250407\" data-fig-type=\"NewsFlash\" data-gtm-custom-categorie=\"navigation\" data-gtm-custom-action=\"crossclick\" data-gtm-custom-label=\"Contextuel\" data-gtm-event=\"customEventSPE\" data-fig-domain=\"LEFIGARO\" target=\"_blank\" rel=\"noopener\">Toulon-Toulouse, \u00e0 quelle heure et sur quelle cha\u00eene suivre le quart de finale de Champions Cup\u00a0?<br \/>\n    <\/a>\n<\/p>\n<p class=\"fig-paragraph\">Quatre ans plus tard, devenu un Puma respect\u00e9 et redout\u00e9, \u2018\u2019Kundo\u2019\u2019 (son surnom) est sollicit\u00e9 par de nombreux clubs europ\u00e9ens, dont le Stade Toulousain o\u00f9 Ugo Mola veut faire venir ce joueur puissant balle en mains et gratteur sans peur. Mais Toulon se manifeste \u00e0 nouveau. \u00abJ\u2019avais dit \u00e0 mon agent de donner ma priorit\u00e9 \u00e0 Toulon. J\u2019\u00e9tais encore vex\u00e9 de mon premier passage et je voulais ma revanche. Je voulais me faire d\u00e9couvrir par ce public si particulier, Des fanatiques\u00a0! Mon caract\u00e8re de champion a pris le dessus\u2026\u00bb<\/p>\n<p>Il rejoindra la Section paloise l\u2019\u00e9t\u00e9 prochain<\/p>\n<p class=\"fig-paragraph\">En 2017, apr\u00e8s une pige de trois mois au LOU pour patienter jusqu\u2019\u00e0 l\u2019\u00e9t\u00e9, Facundo Isa retrouve donc la Rade. Et prend sa revanche. Il s\u2019installe comme titulaire, devient l\u2019un des chouchous de Mayol. Jusqu\u2019\u00e0 la saison derni\u00e8re. Apr\u00e8s la Coupe du monde termin\u00e9e \u00e0 la 4e place avec l\u2019Argentine (il compte 49 s\u00e9lections \u00e0 31 ans), le guerrier se rel\u00e2che. Perd sa place, n\u2019appara\u00eet plus que sporadiquement. Un \u00e9tat de l\u00e9thargie qui se prolonge, d\u00e9borde sur le d\u00e9but de cette saison. Au point de ne pas convaincre le RCT de prolonger celui porte le maillot au Muguet depuis neuf saisons. L\u2019\u00e9t\u00e9 prochain, il rejoindra donc la Section paloise.<\/p>\n<p class=\"fig-paragraph\">Piqu\u00e9 par cet au revoir, l\u2019Argentin retrouve enfin son tranchant. Ses charges de buffle enrag\u00e9, capable d\u2019avancer avec plusieurs d\u00e9fenseurs sur le paletot, font de nouveau gronder Mayol. Il redevient un premier choix pour Pierre Mignoni. Une reviviscence, et ce n\u2019est pas un hasard, qui co\u00efncide avec le retour aux avant-postes du RCT.<\/p>\n<blockquote class=\"fig-quote&#10;    \">\n<p class=\"fig-quote__text\">\u00ab Je veux profiter le plus possible de ce public. J\u2019ai juste envie de leur dire merci. Je veux \u00e9crire l\u2019histoire du club. Il me reste trois mois et je veux laisser autre chose, un truc qui marque\u2026\u00a0\u00bb<\/p>\n<p>            Facundo Isa\n    <\/p><\/blockquote>\n<p class=\"fig-paragraph\">La semaine derni\u00e8re,\u00a0<a href=\"http:\/\/www.lefigaro.fr\/sports\/rugby\/coupe-d-europe\/champions-cup-toulon-saracens-deuxieme-match-le-plus-prolifique-de-l-histoire-de-la-competition-20250405\" data-fig-type=\"NewsFlash\" data-gtm-custom-categorie=\"navigation\" data-gtm-custom-action=\"crossclick\" data-gtm-custom-label=\"Contextuel\" data-gtm-event=\"customEventSPE\" data-fig-domain=\"LEFIGARO\" target=\"_blank\" rel=\"noopener\">lors du 8e de finale compl\u00e8tement fou contre les Saracens de Londres<\/a>, sa prestation r\u00e9sume sa carri\u00e8re. Une premi\u00e8re demi-heure en roue libre, pour offrir deux cadeaux, et deux essais, \u00e0 son compatriote Juan Martin Gonzalez. Et un r\u00e9veil tonitruant\u00a0: trois essais inscrits, 87 m\u00e8tres gagn\u00e9s ballon en main, 11 plaquages ass\u00e9n\u00e9s pour un seul rat\u00e9. Acclam\u00e9 par Mayol lors de son entr\u00e9e sur la pelouse pour ce qui \u00e9tait son 150e match sous le maillot du RCT, il sortira sous des ovations encore plus nourries.<\/p>\n<p class=\"fig-paragraph\">\u00abLes gens l\u2019aiment parce que c\u2019est un lion sur le terrain. Toulon doit beaucoup \u00e0 \u2018\u2019Facu\u2019\u2019. Nous devons jouer pour lui car on n\u2019a pas toujours la chance d\u2019avoir un mec comme \u00e7a\u00bb, soulignera son co\u00e9quipier, le deuxi\u00e8me-ligne Matthias Halagahu. D\u00e9sign\u00e9 homme du match, Isa justifiera sa prestation au nom de cette relation sp\u00e9ciale tiss\u00e9e saison apr\u00e8s saison. \u00abJe veux profiter le plus possible de ce public. J\u2019ai juste envie de leur dire merci. Je connais la responsabilit\u00e9 de porter ce maillot. J\u2019essaie de le laisser le plus haut possible avant de partir. Je veux \u00e9crire l\u2019histoire du club. Il me reste trois mois et je veux laisser autre chose, un truc qui marque\u2026\u00bb<\/p>\n","protected":false},"excerpt":{"rendered":"Le puissant num\u00e9ro 8, apr\u00e8s s\u2019\u00eatre laiss\u00e9 vivre au point de ne pas voir son contrat prolong\u00e9, s\u2019est&hellip;\n","protected":false},"author":2,"featured_media":22310,"comment_status":"","ping_status":"","sticky":false,"template":"","format":"standard","meta":{"footnotes":""},"categories":[1416],"tags":[3463,525,2211,3460,1089,814,8277,2396,1011,27,3462,955,2411,3464,2311,3461,1980,479,1468,2259,60,476,2310,2312],"class_list":{"0":"post-22309","1":"post","2":"type-post","3":"status-publish","4":"format-standard","5":"has-post-thumbnail","7":"category-rugby","8":"tag-biarritz","9":"tag-calendrier","10":"tag-championnat-deurope","11":"tag-champions-cup","12":"tag-coupe-deurope","13":"tag-direct","14":"tag-facundo-isa","15":"tag-finale","16":"tag-fr","17":"tag-france","18":"tag-leinster","19":"tag-match","20":"tag-munster","21":"tag-perpignan","22":"tag-racing","23":"tag-rct","24":"tag-resultats","25":"tag-rugby","26":"tag-rugby-football","27":"tag-score","28":"tag-sports","29":"tag-stade-toulousain","30":"tag-toulon","31":"tag-toulouse"},"share_on_mastodon":{"url":"https:\/\/pubeurope.com\/@fr\/114330977153889435","error":""},"_links":{"self":[{"href":"https:\/\/www.europesays.com\/fr\/wp-json\/wp\/v2\/posts\/22309","targetHints":{"allow":["GET"]}}],"collection":[{"href":"https:\/\/www.europesays.com\/fr\/wp-json\/wp\/v2\/posts"}],"about":[{"href":"https:\/\/www.europesays.com\/fr\/wp-json\/wp\/v2\/types\/post"}],"author":[{"embeddable":true,"href":"https:\/\/www.europesays.com\/fr\/wp-json\/wp\/v2\/users\/2"}],"replies":[{"embeddable":true,"href":"https:\/\/www.europesays.com\/fr\/wp-json\/wp\/v2\/comments?post=22309"}],"version-history":[{"count":0,"href":"https:\/\/www.europesays.com\/fr\/wp-json\/wp\/v2\/posts\/22309\/revisions"}],"wp:featuredmedia":[{"embeddable":true,"href":"https:\/\/www.europesays.com\/fr\/wp-json\/wp\/v2\/media\/22310"}],"wp:attachment":[{"href":"https:\/\/www.europesays.com\/fr\/wp-json\/wp\/v2\/media?parent=22309"}],"wp:term":[{"taxonomy":"category","embeddable":true,"href":"https:\/\/www.europesays.com\/fr\/wp-json\/wp\/v2\/categories?post=22309"},{"taxonomy":"post_tag","embeddable":true,"href":"https:\/\/www.europesays.com\/fr\/wp-json\/wp\/v2\/tags?post=22309"}],"curies":[{"name":"wp","href":"https:\/\/api.w.org\/{rel}","templated":true}]}}