{"id":223101,"date":"2025-07-03T12:23:14","date_gmt":"2025-07-03T12:23:14","guid":{"rendered":"https:\/\/www.europesays.com\/fr\/223101\/"},"modified":"2025-07-03T12:23:14","modified_gmt":"2025-07-03T12:23:14","slug":"reseau-stan-le-trolleybus-va-augmenter-sa-frequence-des-la-rentree-scolaire-on-fait-le-point","status":"publish","type":"post","link":"https:\/\/www.europesays.com\/fr\/223101\/","title":{"rendered":"R\u00e9seau Stan. Le trolleybus va augmenter sa fr\u00e9quence d\u00e8s la rentr\u00e9e scolaire : on fait le point"},"content":{"rendered":"<p>            Par<br \/>\n        <strong><br \/>\n            <a href=\"https:\/\/actu.fr\/auteur\/amandine-mehl\" title=\"Consulter tous les articles de Amandine Mehl\" rel=\"nofollow noopener\" target=\"_blank\">Amandine Mehl<\/a><br \/>\n        <\/strong><\/p>\n<p>        Publi\u00e9 le<\/p>\n<p>            3 juil. 2025 \u00e0 13h08        <\/p>\n<p>Lors d\u2019une conf\u00e9rence de presse autour du <a href=\"https:\/\/actu.fr\/societe\/reseau-stan-de-grands-changements-attendus-sur-plusieurs-lignes-dans-le-grand-nancy-ce-qu-il-faut-savoir_62816679.html\" rel=\"nofollow noopener\" target=\"_blank\">r\u00e9seau Stan<\/a>, <strong>Mathieu Klein<\/strong>, maire de Nancy et pr\u00e9sident du Grand Nancy, a fait part de sa <strong>satisfaction<\/strong> quant \u00e0 la <strong>mise en service r\u00e9ussie <\/strong>du <a href=\"https:\/\/actu.fr\/grand-est\/nancy_54395\/nancy-des-premiers-voyageurs-seduits-par-le-nouveau-trolleybus-il-y-a-de-gros-progres-par-rapport-au-tram_62472483.html\" rel=\"nofollow noopener\" target=\"_blank\">trolleybus<\/a>. \u00ab\u00a0Le meilleur moyen de savoir que c\u2019est une r\u00e9ussite, c\u2019est que l\u2019on entend assez peu parler du <a href=\"https:\/\/actu.fr\/grand-est\/nancy_54395\/reseau-stan-le-grand-nancy-veut-transformer-la-ligne-2-sur-le-meme-modele-que-celui-du-trolleybus_62821958.html\" rel=\"nofollow noopener\" target=\"_blank\">trolleybus<\/a>. Alors que si l\u2019on se souvient de son pr\u00e9d\u00e9cesseur, le tram, il faisait tr\u00e8s r\u00e9guli\u00e8rement la chronique d\u00e8s sa mise en service\u00a0\u00bb, a-t-il lanc\u00e9.\u00a0<\/p>\n<p class=\" wall-content\">S\u2019il avoue qu\u2019il reste toutefois \u00ab\u00a0des <strong>petites choses \u00e0 corriger<\/strong>\u00a0\u00bb et qu\u2019elles font l\u2019objet d\u2019\u00e9changes avec Keolis, le maire a annonc\u00e9 que la ligne 1 <strong>allait monter en puissance<\/strong> \u00e0 compter du 25 ao\u00fbt 2025. Explications.<\/p>\n<p>Plus de passages du trolleybus en semaine et le dimanche<\/p>\n<p class=\" wall-content\">Gr\u00e2ce \u00e0 l\u2019<strong>arriv\u00e9e de nouveaux v\u00e9hicules<\/strong>, les usagers du r\u00e9seau Stan attendront moins longtemps aux stations. En semaine scolaire, de 7h \u00e0 19h, on comptera <strong>un passage toutes les 5 minutes au lieu de 7<\/strong>.<\/p>\n<p class=\" wall-content\">Pour r\u00e9pondre \u00e0 certaines attentes, il a \u00e9galement \u00e9t\u00e9 d\u00e9cid\u00e9 de <strong>revoir les fr\u00e9quences le dimanche<\/strong>. Ainsi, de 8h \u00e0 13h, un trolleybus passera <strong>toutes les 15 minutes au lieu de 20<\/strong>. L\u2019apr\u00e8s-midi, le temps d\u2019attente sera de <strong>10 minutes<\/strong>.<\/p>\n<p class=\" wall-content\">Suivez toute l\u2019actualit\u00e9 de vos villes et m\u00e9dias favoris en vous inscrivant \u00e0 <a href=\"https:\/\/moncompte.actu.fr\" title=\"D\u00e9couvez Mon Actu\" rel=\"nofollow noopener\" data-trk=\"{&quot;cta&quot;:{&quot;action&quot;:&quot;https:\\\/\\\/moncompte.actu.fr&quot;,&quot;category&quot;:&quot;mon compte&quot;,&quot;from&quot;:&quot;article footer&quot;,&quot;name&quot;:&quot;Mon actu&quot;,&quot;type&quot;:&quot;cta&quot;}}\" target=\"_blank\">Mon Actu<\/a>.<\/p>\n","protected":false},"excerpt":{"rendered":"Par Amandine Mehl Publi\u00e9 le 3 juil. 2025 \u00e0 13h08 Lors d\u2019une conf\u00e9rence de presse autour du r\u00e9seau&hellip;\n","protected":false},"author":2,"featured_media":28031,"comment_status":"","ping_status":"","sticky":false,"template":"","format":"standard","meta":{"footnotes":""},"categories":[9635],"tags":[1111,11,1777,674,1011,27,775,10375,1702,12,25,9849,104,2803],"class_list":{"0":"post-223101","1":"post","2":"type-post","3":"status-publish","4":"format-standard","5":"has-post-thumbnail","7":"category-nancy","8":"tag-actu","9":"tag-actualites","10":"tag-eu","11":"tag-europe","12":"tag-fr","13":"tag-france","14":"tag-grand-est","15":"tag-grand-nancy","16":"tag-nancy","17":"tag-news","18":"tag-republique-francaise","19":"tag-reseau-stan","20":"tag-societe","21":"tag-transport"},"share_on_mastodon":{"url":"https:\/\/pubeurope.com\/@fr\/114789286069749253","error":""},"_links":{"self":[{"href":"https:\/\/www.europesays.com\/fr\/wp-json\/wp\/v2\/posts\/223101","targetHints":{"allow":["GET"]}}],"collection":[{"href":"https:\/\/www.europesays.com\/fr\/wp-json\/wp\/v2\/posts"}],"about":[{"href":"https:\/\/www.europesays.com\/fr\/wp-json\/wp\/v2\/types\/post"}],"author":[{"embeddable":true,"href":"https:\/\/www.europesays.com\/fr\/wp-json\/wp\/v2\/users\/2"}],"replies":[{"embeddable":true,"href":"https:\/\/www.europesays.com\/fr\/wp-json\/wp\/v2\/comments?post=223101"}],"version-history":[{"count":0,"href":"https:\/\/www.europesays.com\/fr\/wp-json\/wp\/v2\/posts\/223101\/revisions"}],"wp:featuredmedia":[{"embeddable":true,"href":"https:\/\/www.europesays.com\/fr\/wp-json\/wp\/v2\/media\/28031"}],"wp:attachment":[{"href":"https:\/\/www.europesays.com\/fr\/wp-json\/wp\/v2\/media?parent=223101"}],"wp:term":[{"taxonomy":"category","embeddable":true,"href":"https:\/\/www.europesays.com\/fr\/wp-json\/wp\/v2\/categories?post=223101"},{"taxonomy":"post_tag","embeddable":true,"href":"https:\/\/www.europesays.com\/fr\/wp-json\/wp\/v2\/tags?post=223101"}],"curies":[{"name":"wp","href":"https:\/\/api.w.org\/{rel}","templated":true}]}}