{"id":223102,"date":"2025-07-03T12:25:04","date_gmt":"2025-07-03T12:25:04","guid":{"rendered":"https:\/\/www.europesays.com\/fr\/223102\/"},"modified":"2025-07-03T12:25:04","modified_gmt":"2025-07-03T12:25:04","slug":"mercato-lasnl-en-ligue-2-sans-benjamin-gomel","status":"publish","type":"post","link":"https:\/\/www.europesays.com\/fr\/223102\/","title":{"rendered":"Mercato &#8211; L&rsquo;ASNL en Ligue 2 sans Benjamin Gomel"},"content":{"rendered":"<p style=\"text-align: justify;\">Pablo Correa affirmait qu\u2019il ne se pr\u00e9cipiterait pas pour faire son mercato apr\u00e8s la mont\u00e9e et le titre de champion de <strong>National<\/strong>, le coach uruguayen de l\u2019ASNL souhaitant prendre son temps pour construire un effectif aussi comp\u00e9titif que possible. M\u00eame la reprise, repouss\u00e9e au 1er juillet 2025, s\u2019est faite attendre par les supporters nanc\u00e9iens, impatients de (re)d\u00e9couvrir leur \u00e9quipe, format 25-26. Mais certaines t\u00eates manquent \u00e0 l\u2019appel, comme un certain offensif pourtant appr\u00e9ci\u00e9 du public. Apr\u00e8s deux saisons r\u00e9ussie en Lorraine, <strong>Benjamin Gomel<\/strong> ne rempilera pas et ne sera pas de l\u2019aventure en <strong>Ligue 2<\/strong> avec ses camarades.<\/p>\n<p style=\"text-align: justify;\">\u00c0 lire aussi &gt;&gt;\u00a0<a href=\"https:\/\/maligue2.fr\/2025\/07\/01\/nancy-faitout-maouassa-de-retour-en-lorraine\/\" rel=\"nofollow noopener\" target=\"_blank\">ASNL \u2013 Faitout Maouassa de retour en Lorraine ?<\/a><\/p>\n<p style=\"text-align: justify;\">En fin de contrat, le milieu de terrain offensif souvent cantonn\u00e9 \u00e0 jouer sur l\u2019aile gauche ne sera en effet pas prolong\u00e9 par <strong>Nancy<\/strong>, qui a d\u2019autres ambitions pour son poste. \u00ab Il y a eu des discussions \u00e0 un moment donn\u00e9, mais elles ont \u00e9t\u00e9 interrompues \u00bb, pr\u00e9cise le directeur sportif <strong>Micha\u00ebl Chr\u00e9tien<\/strong> dans L\u2019Est R\u00e9publicain ce mardi 2 juillet. \u00ab On souhaite le meilleur \u00e0 Benjamin pour la suite, on ne s\u2019inqui\u00e8te pas pour lui, il a beaucoup de qualit\u00e9s, il \u00e9voluera dans un bon club la saison prochaine. M\u00eame si ce n\u2019est pas Nancy \u00bb.<\/p>\n<p style=\"text-align: justify;\">Source : <a href=\"https:\/\/www.estrepublicain.fr\/sport\/2025\/07\/02\/as-nancy-lorraine-on-prend-presque-les-memes-on-recommence-et-on-fait-encore-mieux\" rel=\"nofollow noopener\" target=\"_blank\">estrepublicain.fr<\/a><\/p>\n<p style=\"text-align: justify;\">Photo Antonin Utz\/Icon Sport<\/p>\n","protected":false},"excerpt":{"rendered":"Pablo Correa affirmait qu\u2019il ne se pr\u00e9cipiterait pas pour faire son mercato apr\u00e8s la mont\u00e9e et le titre&hellip;\n","protected":false},"author":2,"featured_media":223103,"comment_status":"","ping_status":"","sticky":false,"template":"","format":"standard","meta":{"footnotes":""},"categories":[9635],"tags":[1111,11,36208,1777,674,1011,27,775,25017,1702,12,25],"class_list":{"0":"post-223102","1":"post","2":"type-post","3":"status-publish","4":"format-standard","5":"has-post-thumbnail","7":"category-nancy","8":"tag-actu","9":"tag-actualites","10":"tag-benjamin-gomel","11":"tag-eu","12":"tag-europe","13":"tag-fr","14":"tag-france","15":"tag-grand-est","16":"tag-michael-chretien","17":"tag-nancy","18":"tag-news","19":"tag-republique-francaise"},"share_on_mastodon":{"url":"https:\/\/pubeurope.com\/@fr\/114789293953095747","error":""},"_links":{"self":[{"href":"https:\/\/www.europesays.com\/fr\/wp-json\/wp\/v2\/posts\/223102","targetHints":{"allow":["GET"]}}],"collection":[{"href":"https:\/\/www.europesays.com\/fr\/wp-json\/wp\/v2\/posts"}],"about":[{"href":"https:\/\/www.europesays.com\/fr\/wp-json\/wp\/v2\/types\/post"}],"author":[{"embeddable":true,"href":"https:\/\/www.europesays.com\/fr\/wp-json\/wp\/v2\/users\/2"}],"replies":[{"embeddable":true,"href":"https:\/\/www.europesays.com\/fr\/wp-json\/wp\/v2\/comments?post=223102"}],"version-history":[{"count":0,"href":"https:\/\/www.europesays.com\/fr\/wp-json\/wp\/v2\/posts\/223102\/revisions"}],"wp:featuredmedia":[{"embeddable":true,"href":"https:\/\/www.europesays.com\/fr\/wp-json\/wp\/v2\/media\/223103"}],"wp:attachment":[{"href":"https:\/\/www.europesays.com\/fr\/wp-json\/wp\/v2\/media?parent=223102"}],"wp:term":[{"taxonomy":"category","embeddable":true,"href":"https:\/\/www.europesays.com\/fr\/wp-json\/wp\/v2\/categories?post=223102"},{"taxonomy":"post_tag","embeddable":true,"href":"https:\/\/www.europesays.com\/fr\/wp-json\/wp\/v2\/tags?post=223102"}],"curies":[{"name":"wp","href":"https:\/\/api.w.org\/{rel}","templated":true}]}}