{"id":22311,"date":"2025-04-13T13:50:09","date_gmt":"2025-04-13T13:50:09","guid":{"rendered":"https:\/\/www.europesays.com\/fr\/22311\/"},"modified":"2025-04-13T13:50:09","modified_gmt":"2025-04-13T13:50:09","slug":"atp-barcelone-premier-forfait-important-en-catalogne-alcaraz-directement-affecte","status":"publish","type":"post","link":"https:\/\/www.europesays.com\/fr\/22311\/","title":{"rendered":"ATP &#8211; Barcelone > Premier forfait important en Catalogne, Alcaraz directement affect\u00e9"},"content":{"rendered":"<p>Alors que l\u2019\u00e9di\u00adtion 2025 de l\u2019ATP 500 de Barcelone doit d\u00e9buter ce lundi 14 avril, un premier forfait impor\u00adtant a d\u00e9j\u00e0 \u00e9t\u00e9 annonc\u00e9.\u00a0<\/p>\n<p>Il s\u2019agit du 21e mondial, Tomas Machac, battu par Alex De Minaur au deuxi\u00e8me tour du Masters 1000 de Monte\u2010Carlo.\u00a0<\/p>\n<blockquote class=\"twitter-tweet\">\n<p lang=\"en\" dir=\"ltr\">Barcelona update\u00a0:<br \/>OUT\u00a0: Machac<br \/>IN\u00a0: Lucky\u00a0Loser<\/p>\n<p>\u2014 Entry List Updates (@EntryLists) <a href=\"https:\/\/twitter.com\/EntryLists\/status\/1911100609484251229?ref_src=twsrc%5Etfw\" data-wpel-link=\"external\" target=\"_blank\" rel=\"nofollow external noopener\">April 12,\u00a02025<\/a><\/p><\/blockquote>\n<p>Le joueur tch\u00e8que, qui aurait pu affronter Carlos Alcaraz en cas de victoire face \u00e0 Frances Tiafoe, va fina\u00adle\u00adment laisser sa place \u00e0 un joueur rep\u00each\u00e9, issu des qualifications.\u00a0<\/p>\n<p class=\"post-published-date\" style=\"color: silver; font-size: 75%; text-align: left;\">Publi\u00e9 le dimanche 13 avril 2025 \u00e0 11:11<\/p>\n<p><script async src=\"https:\/\/platform.twitter.com\/widgets.js\" charset=\"utf-8\"><\/script><\/p>\n","protected":false},"excerpt":{"rendered":"Alors que l\u2019\u00e9di\u00adtion 2025 de l\u2019ATP 500 de Barcelone doit d\u00e9buter ce lundi 14 avril, un premier forfait&hellip;\n","protected":false},"author":2,"featured_media":22312,"comment_status":"","ping_status":"","sticky":false,"template":"","format":"standard","meta":{"footnotes":""},"categories":[1415],"tags":[1744,8081,1011,27,60,1467],"class_list":{"0":"post-22311","1":"post","2":"type-post","3":"status-publish","4":"format-standard","5":"has-post-thumbnail","7":"category-tennis","8":"tag-alcaraz","9":"tag-de-minaur","10":"tag-fr","11":"tag-france","12":"tag-sports","13":"tag-tennis"},"share_on_mastodon":{"url":"https:\/\/pubeurope.com\/@fr\/114330981060514368","error":""},"_links":{"self":[{"href":"https:\/\/www.europesays.com\/fr\/wp-json\/wp\/v2\/posts\/22311","targetHints":{"allow":["GET"]}}],"collection":[{"href":"https:\/\/www.europesays.com\/fr\/wp-json\/wp\/v2\/posts"}],"about":[{"href":"https:\/\/www.europesays.com\/fr\/wp-json\/wp\/v2\/types\/post"}],"author":[{"embeddable":true,"href":"https:\/\/www.europesays.com\/fr\/wp-json\/wp\/v2\/users\/2"}],"replies":[{"embeddable":true,"href":"https:\/\/www.europesays.com\/fr\/wp-json\/wp\/v2\/comments?post=22311"}],"version-history":[{"count":0,"href":"https:\/\/www.europesays.com\/fr\/wp-json\/wp\/v2\/posts\/22311\/revisions"}],"wp:featuredmedia":[{"embeddable":true,"href":"https:\/\/www.europesays.com\/fr\/wp-json\/wp\/v2\/media\/22312"}],"wp:attachment":[{"href":"https:\/\/www.europesays.com\/fr\/wp-json\/wp\/v2\/media?parent=22311"}],"wp:term":[{"taxonomy":"category","embeddable":true,"href":"https:\/\/www.europesays.com\/fr\/wp-json\/wp\/v2\/categories?post=22311"},{"taxonomy":"post_tag","embeddable":true,"href":"https:\/\/www.europesays.com\/fr\/wp-json\/wp\/v2\/tags?post=22311"}],"curies":[{"name":"wp","href":"https:\/\/api.w.org\/{rel}","templated":true}]}}