{"id":223114,"date":"2025-07-03T12:34:12","date_gmt":"2025-07-03T12:34:12","guid":{"rendered":"https:\/\/www.europesays.com\/fr\/223114\/"},"modified":"2025-07-03T12:34:12","modified_gmt":"2025-07-03T12:34:12","slug":"sanction-xxl-staff-relance-le-fcg-peut-il-encore-rever-du-top-14","status":"publish","type":"post","link":"https:\/\/www.europesays.com\/fr\/223114\/","title":{"rendered":"sanction XXL, staff relanc\u00e9\u2026 le FCG peut-il encore r\u00eaver du Top 14 ?"},"content":{"rendered":"<p>Le <strong>FC <a href=\"https:\/\/www.xvovalie.com\/tag\/fcg\/\" rel=\"nofollow noopener\" target=\"_blank\">Grenoble<\/a> Rugby<\/strong> vit un \u00e9t\u00e9 bouillant. Entre une sanction historique et un staff enti\u00e8rement repens\u00e9, le club is\u00e9rois tente de sortir la t\u00eate de l\u2019eau avant une saison qui s\u2019annonce explosive. Le r\u00eave du Top 14 est-il encore cr\u00e9dible dans ces conditions ?<\/p>\n<p>Un barrage sous haute tension, des cons\u00e9quences qui plombent la rentr\u00e9e<\/p>\n<p>Les images ont marqu\u00e9\u00a0: envahissement de terrain, jets de bi\u00e8re, invectives, et intervention express des CRS \u00e0 la fin du barrage perdu 11-13 contre l\u2019USAP. La <strong>LNR<\/strong> a tap\u00e9 fort\u00a0: <strong>25\u00a0000 euros d\u2019amende<\/strong> et premier match \u201c\u00e0 domicile\u201d loin de Grenoble, \u00e0 plus de <strong>75 km<\/strong> du Stade des Alpes. Ambiance\u2026 Pour lancer la <a href=\"https:\/\/www.xvovalie.com\/pro-d2\/\" rel=\"nofollow noopener\" target=\"_blank\">Pro D2<\/a>, il y a mieux. Le club, abasourdi, a annonc\u00e9 faire appel mais sait que le mal est fait, et que le lien avec ses supporters va en prendre un coup.<\/p>\n<p>Frustration au sommet et ambiance explosive<\/p>\n<p>D\u00e8s la conf\u00e9rence de presse de rentr\u00e9e, <strong>Patrick Goffi<\/strong>, pr\u00e9sident du FCG, n\u2019a pas cach\u00e9 sa col\u00e8re. Il assure que toutes les mesures de s\u00e9curit\u00e9 \u00e9taient prises, mais n\u2019exclut plus, \u00e0 l\u2019avenir, de r\u00e9clamer l\u2019interdiction de d\u00e9placement pour certains supporters, fa\u00e7on match sous haute surveillance. Pas vraiment le climat id\u00e9al pour entamer un nouvel exercice\u2026<\/p>\n<p>Un nouvel \u00e9chec sportif, la page se tourne en interne<\/p>\n<p>Sportivement, ce barrage a laiss\u00e9 des traces. Troisi\u00e8me tentative manqu\u00e9e pour la mont\u00e9e, troisi\u00e8me grosse d\u00e9sillusion, et une \u00e9quipe qui a craqu\u00e9 sous la pression. R\u00e9sultat\u00a0: un staff totalement remani\u00e9 pour redonner un nouvel \u00e9lan. Goffi assume l\u2019\u00e9chec mais veut repartir d\u2019une page blanche sur la gestion humaine et sportive.<\/p>\n<p>Aubin Hueber reprend les commandes du vestiaire<\/p>\n<p>Le club n\u2019a pas attendu pour r\u00e9agir. <strong>Aubin Hueber<\/strong> revient aux affaires comme manager g\u00e9n\u00e9ral, v\u00e9ritable patron du sportif. C\u2019est lui qui tranchera pour les compositions, entour\u00e9 d\u2019un staff \u00e9largi (deux coachs, entra\u00eeneur d\u00e9fense, pr\u00e9parateur physique). L\u2019id\u00e9e\u00a0: redonner de la coh\u00e9sion, du sang-froid et \u00e9viter de perdre pied dans les moments chauds.<\/p>\n<p>Le mental au c\u0153ur du projet\u00a0: nouveau pr\u00e9parateur pour \u00e9viter les d\u00e9bordements<\/p>\n<p>Autre nouveaut\u00e9, et pas des moindres\u00a0: le club s\u2019attache les services d\u2019un <strong>pr\u00e9parateur mental<\/strong> pour accompagner les joueurs toute l\u2019ann\u00e9e. Apr\u00e8s les d\u00e9rapages du dernier match, personne ne veut revivre une telle fin de saison. Tout est mis en place pour que le FCG aborde les grands rendez-vous avec plus de s\u00e9r\u00e9nit\u00e9.<\/p>\n<p>Loin de ses bases, Grenoble devra vite trouver des r\u00e9ponses<\/p>\n<p>Entre cette rentr\u00e9e \u00e0 l\u2019ext\u00e9rieur, un staff chamboul\u00e9, et la pression qui ne retombe pas dans le club comme en ville, Grenoble aborde la saison avec plus de doutes que de certitudes. Mais parfois, les crises forgent les groupes. Reste \u00e0 voir si cette version 2025-2026 du FCG saura, enfin, surmonter le plafond de verre.<\/p>\n<p>Source : Rugbyrama<\/p>\n<p><img loading=\"lazy\" src=\"data:image\/svg+xml,%3Csvg%20xmlns=\" http:=\"\" height=\"100\" width=\"100\" class=\" sp-no-webp\" alt=\"whatsapp image 2024 07 31 at 09.08.32\" decoding=\"async\" data-lazy-src=\"https:\/\/www.europesays.com\/fr\/wp-content\/uploads\/2025\/04\/whatsapp-image-2024-07-31-at-09.08.32-e1727245864215.jpeg\"\/> <\/p>\n<p>J\u2019ai grandi dans une famille o\u00f9 le rugby \u00e9tait de tous les moments. J\u2019\u00e9tais au bord du terrain quand Castres a battu Pau et a rejoint l\u2019\u00e9lite, j\u2019\u00e9tais dans le Stade Pierre Antoine face \u00e0 Gary Whetton quand il a fait son Haka pour c\u00e9l\u00e9brer le Brennus de 1993 et j\u2019ai toujours \u00e9t\u00e9 berc\u00e9 des l\u00e9gendes de ce sport. Maintenant, c\u2019est avec XV Ovalie que j\u2019entends prolonger l\u2019aventure. #TeamCO<\/p>\n","protected":false},"excerpt":{"rendered":"Le FC Grenoble Rugby vit un \u00e9t\u00e9 bouillant. Entre une sanction historique et un staff enti\u00e8rement repens\u00e9, le&hellip;\n","protected":false},"author":2,"featured_media":223115,"comment_status":"","ping_status":"","sticky":false,"template":"","format":"standard","meta":{"footnotes":""},"categories":[9566],"tags":[1111,11,2430,1777,674,32263,1011,27,2731,2947,12,2308,25],"class_list":{"0":"post-223114","1":"post","2":"type-post","3":"status-publish","4":"format-standard","5":"has-post-thumbnail","7":"category-grenoble","8":"tag-actu","9":"tag-actualites","10":"tag-auvergne-rhone-alpes","11":"tag-eu","12":"tag-europe","13":"tag-fcg","14":"tag-fr","15":"tag-france","16":"tag-grenoble","17":"tag-lnr","18":"tag-news","19":"tag-pro-d2","20":"tag-republique-francaise"},"share_on_mastodon":{"url":"https:\/\/pubeurope.com\/@fr\/114789329738031733","error":""},"_links":{"self":[{"href":"https:\/\/www.europesays.com\/fr\/wp-json\/wp\/v2\/posts\/223114","targetHints":{"allow":["GET"]}}],"collection":[{"href":"https:\/\/www.europesays.com\/fr\/wp-json\/wp\/v2\/posts"}],"about":[{"href":"https:\/\/www.europesays.com\/fr\/wp-json\/wp\/v2\/types\/post"}],"author":[{"embeddable":true,"href":"https:\/\/www.europesays.com\/fr\/wp-json\/wp\/v2\/users\/2"}],"replies":[{"embeddable":true,"href":"https:\/\/www.europesays.com\/fr\/wp-json\/wp\/v2\/comments?post=223114"}],"version-history":[{"count":0,"href":"https:\/\/www.europesays.com\/fr\/wp-json\/wp\/v2\/posts\/223114\/revisions"}],"wp:featuredmedia":[{"embeddable":true,"href":"https:\/\/www.europesays.com\/fr\/wp-json\/wp\/v2\/media\/223115"}],"wp:attachment":[{"href":"https:\/\/www.europesays.com\/fr\/wp-json\/wp\/v2\/media?parent=223114"}],"wp:term":[{"taxonomy":"category","embeddable":true,"href":"https:\/\/www.europesays.com\/fr\/wp-json\/wp\/v2\/categories?post=223114"},{"taxonomy":"post_tag","embeddable":true,"href":"https:\/\/www.europesays.com\/fr\/wp-json\/wp\/v2\/tags?post=223114"}],"curies":[{"name":"wp","href":"https:\/\/api.w.org\/{rel}","templated":true}]}}