{"id":223120,"date":"2025-07-03T12:37:11","date_gmt":"2025-07-03T12:37:11","guid":{"rendered":"https:\/\/www.europesays.com\/fr\/223120\/"},"modified":"2025-07-03T12:37:11","modified_gmt":"2025-07-03T12:37:11","slug":"strasbourg-lartiste-cecile-petry-expose-au-petit-cabinet-du-pont-de-pierre","status":"publish","type":"post","link":"https:\/\/www.europesays.com\/fr\/223120\/","title":{"rendered":"Strasbourg. L\u2019artiste C\u00e9cile P\u00e9try expose au Petit cabinet du Pont de Pierre"},"content":{"rendered":"<p>Sur le drap d\u2019h\u00f4pital hiss\u00e9 comme une grand-voile dans l\u2019espace d\u2019exposition, un bonhomme rond aux yeux \u00e9carquill\u00e9s, inquiet un peu, propulse n\u00e9anmoins sa balan\u00e7oire avec une certaine vigueur. Toutes les dix minutes, les ventilateurs de l\u2019installation apportent un mouvement au coton suspendu. Au gr\u00e9 de la vague brod\u00e9e appara\u00eet alors en second plan un masque rappelant notre finitude.<\/p>\n<p>On dit \u00ab\u00a0notre\u00a0\u00bb parce que d\u2019embl\u00e9e le spectateur post\u00e9 l\u00e0, happ\u00e9 peut-\u00eatre dans sa promenade ou son trajet quotidien, sait que la port\u00e9e de ce petit vent frais est universelle. Et per\u00e7oit aussi une forme de consolation dans la tendresse g\u00e9n\u00e9rale du tableau.<\/p>\n<p>La m\u00e9taphore est confirm\u00e9e par l\u2019artiste, lors d\u2019un timide discours de pr\u00e9sentation devant l\u2019\u00e9dicule historique, devenu ces derni\u00e8res ann\u00e9es un \u00e9crin et une vitrine pour les plasticiens. \u00ab\u00a0C\u2019est une invitation \u00e0 se balancer au bord du vide, tant qu\u2019on peut.\u00a0\u00bb<\/p>\n<p>Ce contenu est bloqu\u00e9 car vous n&rsquo;avez pas accept\u00e9 les cookies et autres traceurs.<\/p>\n<p>En cliquant sur \u00ab J\u2019accepte \u00bb, les cookies et autres traceurs seront d\u00e9pos\u00e9s et vous pourrez visualiser les contenus  (<a href=\"\" class=\"consentModule_policy\" target=\"_blank\" title=\"Consulter la politique de protection des donn\u00e9es du fournisseur\">plus d&rsquo;informations<\/a>).<\/p>\n<p>En cliquant sur \u00ab J\u2019accepte tous les cookies \u00bb, vous autorisez des d\u00e9p\u00f4ts de cookies et autres traceurs pour le stockage de vos donn\u00e9es sur nos sites et applications \u00e0 des fins de personnalisation et de ciblage publicitaire.<\/p>\n<p class=\"consentModule_secondaryText\">Vous gardez la possibilit\u00e9 de retirer votre consentement \u00e0 tout moment en consultant notre <a href=\"https:\/\/www.dna.fr\/protection-des-donnees\" target=\"_blank\" title=\"Consulter notre politique de protection des donn\u00e9es\" rel=\"nofollow noopener\">politique de protection des donn\u00e9es<\/a>. <br \/>&#13;<br \/>\n            <a href=\"https:\/\/www.dna.fr\/culture-loisirs\/2025\/07\/03\/javascript:Didomi.notice.show()\" class=\"consentModule_cmp\" rel=\"nofollow noopener\" target=\"_blank\">G\u00e9rer mes choix<\/a>&#13;\n        <\/p>\n<p>&#13;<br \/>\n                        J&rsquo;accepte&#13;<br \/>\n            J&rsquo;accepte tous les cookies&#13;\n        <\/p>\n<p>Apr\u00e8s des \u00e9tudes d\u2019Histoire de l\u2019art, C\u00e9cile P\u00e9try s\u2019est form\u00e9e \u00e0 l\u2019\u00c9cole sup\u00e9rieure d\u2019art et de design de Nancy, a effectu\u00e9 une r\u00e9sidence \u00e0 l\u2019Acad\u00e9mie des Beaux-Arts de Rome, et deux ans Offshore , dans un dispositif post-master \u00e0 Shanghai.<\/p>\n<p>Plus qu\u2019\u00e0 travers ces (tr\u00e8s belles) r\u00e9f\u00e9rences, on peut rencontrer sa pratique du dessin, de l\u2019animation, sa mani\u00e8re de cr\u00e9er la surprise et le rire dans ses travaux pr\u00e9c\u00e9dents. Par exemple une cabane \u00ab\u00a0de protection\u00a0\u00bb en structure bois et couvertures de laine brod\u00e9es de sc\u00e8nes bibliques o\u00f9 les enfants ont le droit d\u2019entrer.<\/p>\n<p>C\u00e9cile P\u00e9try fait le lien avec sa culture religieuse familiale, qui est pour elle plut\u00f4t un bain de belles histoires qu\u2019une foi chevill\u00e9e au corps. Ce qui permet la distance dans le respect et cette fac\u00e9tieuse s\u00e9rie, aussi, de petites animations o\u00f9 un Christ tr\u00e8s d\u00e9contract\u00e9 raconte ses aventures avec sa bande de potes.<\/p>\n<p>  Une expo \u00e0 d\u00e9couvrir jusqu\u2019\u00e0 fin septembre<\/p>\n<p>Au cabinet du pont de Pierre, l\u2019installation a pour titre \u201cDe temps en temps, je vacille\u201d. Une affirmation qui porte en elle aussi son pendant\u00a0: un ancrage solide que l\u2019artiste nous donne en partage.<\/p>\n<p>Avec ce vernissage, l\u2019association Envie de quartier, qui enregistre une quarantaine d\u2019expositions, a trouv\u00e9 une tr\u00e8s belle mani\u00e8re de cr\u00e9er du lien entre voisins. Tout comme le jardinage en pieds d\u2019immeubles ou le cercle de lecture\u00a0: autant d\u2019activit\u00e9s qui font leur petit chemin dans le secteur depuis le d\u00e9but des ann\u00e9es 2010.<\/p>\n<p class=\"note\">L\u2019exposition \u201c De temps en temps, je vacille\u201d , sera visible dans l\u2019\u00e9dicule du pont tout au d\u00e9but du Faubourg-de-Pierre jusqu\u2019\u00e0 fin septembre.<\/p>\n","protected":false},"excerpt":{"rendered":"Sur le drap d\u2019h\u00f4pital hiss\u00e9 comme une grand-voile dans l\u2019espace d\u2019exposition, un bonhomme rond aux yeux \u00e9carquill\u00e9s, inquiet&hellip;\n","protected":false},"author":2,"featured_media":223121,"comment_status":"","ping_status":"","sticky":false,"template":"","format":"standard","meta":{"footnotes":""},"categories":[2820],"tags":[1111,11,1687,2880,1777,674,2271,107,1011,27,775,12,25,640,2879],"class_list":{"0":"post-223120","1":"post","2":"type-post","3":"status-publish","4":"format-standard","5":"has-post-thumbnail","7":"category-strasbourg","8":"tag-actu","9":"tag-actualites","10":"tag-culture-loisirs","11":"tag-edition-strasbourg","12":"tag-eu","13":"tag-europe","14":"tag-exposition-arts-plastiques","15":"tag-fil-info","16":"tag-fr","17":"tag-france","18":"tag-grand-est","19":"tag-news","20":"tag-republique-francaise","21":"tag-strasbourg","22":"tag-strasbourg-ville"},"share_on_mastodon":{"url":"https:\/\/pubeurope.com\/@fr\/114789341166031010","error":""},"_links":{"self":[{"href":"https:\/\/www.europesays.com\/fr\/wp-json\/wp\/v2\/posts\/223120","targetHints":{"allow":["GET"]}}],"collection":[{"href":"https:\/\/www.europesays.com\/fr\/wp-json\/wp\/v2\/posts"}],"about":[{"href":"https:\/\/www.europesays.com\/fr\/wp-json\/wp\/v2\/types\/post"}],"author":[{"embeddable":true,"href":"https:\/\/www.europesays.com\/fr\/wp-json\/wp\/v2\/users\/2"}],"replies":[{"embeddable":true,"href":"https:\/\/www.europesays.com\/fr\/wp-json\/wp\/v2\/comments?post=223120"}],"version-history":[{"count":0,"href":"https:\/\/www.europesays.com\/fr\/wp-json\/wp\/v2\/posts\/223120\/revisions"}],"wp:featuredmedia":[{"embeddable":true,"href":"https:\/\/www.europesays.com\/fr\/wp-json\/wp\/v2\/media\/223121"}],"wp:attachment":[{"href":"https:\/\/www.europesays.com\/fr\/wp-json\/wp\/v2\/media?parent=223120"}],"wp:term":[{"taxonomy":"category","embeddable":true,"href":"https:\/\/www.europesays.com\/fr\/wp-json\/wp\/v2\/categories?post=223120"},{"taxonomy":"post_tag","embeddable":true,"href":"https:\/\/www.europesays.com\/fr\/wp-json\/wp\/v2\/tags?post=223120"}],"curies":[{"name":"wp","href":"https:\/\/api.w.org\/{rel}","templated":true}]}}