{"id":223128,"date":"2025-07-03T12:47:10","date_gmt":"2025-07-03T12:47:10","guid":{"rendered":"https:\/\/www.europesays.com\/fr\/223128\/"},"modified":"2025-07-03T12:47:10","modified_gmt":"2025-07-03T12:47:10","slug":"un-appel-a-temoins-lance-apres-la-disparition-inquietante-de-deux-adolescentes-de-15-et-16-ans","status":"publish","type":"post","link":"https:\/\/www.europesays.com\/fr\/223128\/","title":{"rendered":"un appel \u00e0 t\u00e9moins lanc\u00e9 apr\u00e8s la disparition inqui\u00e9tante de deux adolescentes de 15 et 16 ans"},"content":{"rendered":"<p class=\"article-p mdl\">Leurs familles n&rsquo;ont plus de nouvelles depuis plus d&rsquo;une semaine. Un appel \u00e0 t\u00e9moins a \u00e9t\u00e9 lanc\u00e9 le mercredi 2 juillet pour tenter de retrouver Sofia et Djouliana, deux coll\u00e9giennes \u00e2g\u00e9es respectivement de 15 et 16 ans. Les deux adolescentes, originaires de la r\u00e9gion de Nantes (Loire-Atlantique) et qui se connaissent de l\u2019internat \u00e0 Ch\u00e2teaubriant, ont quitt\u00e9 leur domicile familial dans la nuit du mercredi au jeudi 26 juin, sans laisser de nouvelles \u00e0 leurs proches.\u00a0<\/p>\n<p class=\"article-p mdl\">La jeune Djouliana vivait habituellement chez son p\u00e8re. Elle \u00e9tait en vacances au Croisic avec lui la semaine de sa disparition, selon le parquet de Nantes. \u00c0 la suite d&rsquo;<strong>une altercation entre les deux<\/strong>, ayant n\u00e9cessit\u00e9 l&rsquo;intervention de la gendarmerie, la jeune fille, dans la nuit du 25 au 26 juin, a quitt\u00e9 le domicile paternel, a-t-on appris de m\u00eame source.\u00a0<\/p>\n<p class=\"article-p mdl\">Son t\u00e9l\u00e9phone lui \u00e9tant confisqu\u00e9, et <strong>accompagn\u00e9e dans sa fugue par une amie, la jeune Sofia<\/strong>, les d\u00e9clarations de fugue ont \u00e9t\u00e9 regroup\u00e9es et trait\u00e9es par le commissariat de police de Nantes. Les deux jeunes filles \u00e9taient imm\u00e9diatement inscrites au fichier des personnes recherch\u00e9es.<\/p>\n<p>    La r\u00e9daction vous recommande<\/p>\n<p class=\"s-newsletter__title\">\n                L\u2019actualit\u00e9 par la r\u00e9daction de RTL dans votre bo\u00eete mail.\n            <\/p>\n<p class=\"s-newsletter__subtitle\">\n                Gr\u00e2ce \u00e0 votre compte RTL abonnez-vous \u00e0 la newsletter RTL info pour suivre toute l&rsquo;actualit\u00e9 au quotidien\n            <\/p>\n<p>\n                                    Lire la suite\n                                <\/p>\n","protected":false},"excerpt":{"rendered":"Leurs familles n&rsquo;ont plus de nouvelles depuis plus d&rsquo;une semaine. Un appel \u00e0 t\u00e9moins a \u00e9t\u00e9 lanc\u00e9 le&hellip;\n","protected":false},"author":2,"featured_media":223129,"comment_status":"","ping_status":"","sticky":false,"template":"","format":"standard","meta":{"footnotes":""},"categories":[2818],"tags":[1111,11,2715,1777,674,107,1011,27,3047,766,12,2636,25],"class_list":{"0":"post-223128","1":"post","2":"type-post","3":"status-publish","4":"format-standard","5":"has-post-thumbnail","7":"category-nantes","8":"tag-actu","9":"tag-actualites","10":"tag-disparition","11":"tag-eu","12":"tag-europe","13":"tag-fil-info","14":"tag-fr","15":"tag-france","16":"tag-loire-atlantique","17":"tag-nantes","18":"tag-news","19":"tag-pays-de-la-loire","20":"tag-republique-francaise"},"share_on_mastodon":{"url":"https:\/\/pubeurope.com\/@fr\/114789380531398427","error":""},"_links":{"self":[{"href":"https:\/\/www.europesays.com\/fr\/wp-json\/wp\/v2\/posts\/223128","targetHints":{"allow":["GET"]}}],"collection":[{"href":"https:\/\/www.europesays.com\/fr\/wp-json\/wp\/v2\/posts"}],"about":[{"href":"https:\/\/www.europesays.com\/fr\/wp-json\/wp\/v2\/types\/post"}],"author":[{"embeddable":true,"href":"https:\/\/www.europesays.com\/fr\/wp-json\/wp\/v2\/users\/2"}],"replies":[{"embeddable":true,"href":"https:\/\/www.europesays.com\/fr\/wp-json\/wp\/v2\/comments?post=223128"}],"version-history":[{"count":0,"href":"https:\/\/www.europesays.com\/fr\/wp-json\/wp\/v2\/posts\/223128\/revisions"}],"wp:featuredmedia":[{"embeddable":true,"href":"https:\/\/www.europesays.com\/fr\/wp-json\/wp\/v2\/media\/223129"}],"wp:attachment":[{"href":"https:\/\/www.europesays.com\/fr\/wp-json\/wp\/v2\/media?parent=223128"}],"wp:term":[{"taxonomy":"category","embeddable":true,"href":"https:\/\/www.europesays.com\/fr\/wp-json\/wp\/v2\/categories?post=223128"},{"taxonomy":"post_tag","embeddable":true,"href":"https:\/\/www.europesays.com\/fr\/wp-json\/wp\/v2\/tags?post=223128"}],"curies":[{"name":"wp","href":"https:\/\/api.w.org\/{rel}","templated":true}]}}