{"id":223143,"date":"2025-07-03T12:55:10","date_gmt":"2025-07-03T12:55:10","guid":{"rendered":"https:\/\/www.europesays.com\/fr\/223143\/"},"modified":"2025-07-03T12:55:10","modified_gmt":"2025-07-03T12:55:10","slug":"un-dealer-jette-des-centaines-de-paquets-de-cigarettes-et-de-medicaments-pour-echapper-a-la-police-municipale-de-marseille","status":"publish","type":"post","link":"https:\/\/www.europesays.com\/fr\/223143\/","title":{"rendered":"Un dealer jette des centaines de paquets de cigarettes et de m\u00e9dicaments pour \u00e9chapper \u00e0 la police municipale de Marseille"},"content":{"rendered":"<p>On trouve de tout aux abords du <a href=\"https:\/\/www.laprovence.com\/article\/faits-divers-justice\/2623696799015114\/marseille-le-marche-aux-puces-theatre-dune-agression-a-larme-blanche-et-dun-incendie\" target=\"_blank\" rel=\"nofollow noopener\">march\u00e9 aux puces<\/a>&#8230; R\u00e9put\u00e9 depuis toujours pour ses \u00e9changes interlopes, le secteur long\u00e9 par la rue de Lyon, dans le 15e arrondissement de <a href=\"https:\/\/www.laprovence.com\/bouches-du-rhone\/marseille-13055\" target=\"_blank\" rel=\"nofollow noopener\">Marseille<\/a>, occupe d\u00e9sormais tous les jours la police municipale, lanc\u00e9e dans \u00ab\u00a0l&rsquo;op\u00e9ration G\u00e8ze\u00a0\u00bb, pour y lutter contre <a href=\"https:\/\/www.laprovence.com\/article\/region\/3040682894744615\/la-ville-de-marseille-declare-la-guerre-aux-vendeurs-a-la-sauvette-a-noailles\" target=\"_blank\" rel=\"nofollow noopener\">la vente \u00e0 la sauvette<\/a>.\u00a0<\/p>\n<p>Ce jeudi 3 juillet 2025, vers 11h, un \u00e9quipage de la brigade nord de la \u00ab\u00a0PM\u00a0\u00bb a rep\u00e9r\u00e9 un homme \u00e9trangement charg\u00e9 \u00e0 proximit\u00e9 du magasin Lidl de la rue de Lyon. Il semblait venir ravitailler les <a href=\"https:\/\/www.laprovence.com\/article\/region\/1383083460884514\/marseille-confidentiels-la-guerre-contre-la-vente-a-la-sauvette-se-deploie-a-geze\" target=\"_blank\" rel=\"nofollow noopener\">vendeurs de cigarettes \u00e0 la sauvette<\/a> qui pullulent sur les trottoirs. Et lorsqu&rsquo;ils se sont approch\u00e9s, sans trop de surprise, leur suspect a pris ses jambes \u00e0 son cou.<\/p>\n<p>La marchandise saisie<\/p>\n<p>L&rsquo;homme lest\u00e9 par son sac cabas s&rsquo;est enfui en direction du march\u00e9 aux puces, avant de renoncer \u00e0 sauver sa marchandise pour \u00e9chapper \u00e0 ses poursuivants. Lib\u00e9r\u00e9, il a saut\u00e9 par-dessus les palissades de chantier avant de dispara\u00eetre dans le d\u00e9dale du march\u00e9.<\/p>\n<p>Libre, mais fauch\u00e9 : car les agents ont r\u00e9cup\u00e9r\u00e9 le sac dans son sillage, d\u00e9couvrant \u00e0 l&rsquo;int\u00e9rieur pr\u00e8s de 200 cachets de Rivotril et de Lyrica (pr\u00e9gabaline), de puissants m\u00e9dicaments psychoactifs, du tabac \u00e0 chiquer et plus de 230 paquets de cigarettes. La marchandise a \u00e9t\u00e9 saisie en vue de sa destruction.<\/p>\n","protected":false},"excerpt":{"rendered":"On trouve de tout aux abords du march\u00e9 aux puces&#8230; R\u00e9put\u00e9 depuis toujours pour ses \u00e9changes interlopes, le&hellip;\n","protected":false},"author":2,"featured_media":223144,"comment_status":"","ping_status":"","sticky":false,"template":"","format":"standard","meta":{"footnotes":""},"categories":[2814],"tags":[17,1111,11,15326,8056,17489,154,1777,674,274,1011,27,24255,884,16292,12,36209,882,25],"class_list":{"0":"post-223143","1":"post","2":"type-post","3":"status-publish","4":"format-standard","5":"has-post-thumbnail","7":"category-marseille","8":"tag-17","9":"tag-actu","10":"tag-actualites","11":"tag-centaines","12":"tag-cigarettes","13":"tag-dealer","14":"tag-des","15":"tag-eu","16":"tag-europe","17":"tag-faits-divers-justice","18":"tag-fr","19":"tag-france","20":"tag-jette","21":"tag-marseille","22":"tag-medicaments","23":"tag-news","24":"tag-paquets","25":"tag-provence-alpes-cote-dazur","26":"tag-republique-francaise"},"share_on_mastodon":{"url":"https:\/\/pubeurope.com\/@fr\/114789412079177830","error":""},"_links":{"self":[{"href":"https:\/\/www.europesays.com\/fr\/wp-json\/wp\/v2\/posts\/223143","targetHints":{"allow":["GET"]}}],"collection":[{"href":"https:\/\/www.europesays.com\/fr\/wp-json\/wp\/v2\/posts"}],"about":[{"href":"https:\/\/www.europesays.com\/fr\/wp-json\/wp\/v2\/types\/post"}],"author":[{"embeddable":true,"href":"https:\/\/www.europesays.com\/fr\/wp-json\/wp\/v2\/users\/2"}],"replies":[{"embeddable":true,"href":"https:\/\/www.europesays.com\/fr\/wp-json\/wp\/v2\/comments?post=223143"}],"version-history":[{"count":0,"href":"https:\/\/www.europesays.com\/fr\/wp-json\/wp\/v2\/posts\/223143\/revisions"}],"wp:featuredmedia":[{"embeddable":true,"href":"https:\/\/www.europesays.com\/fr\/wp-json\/wp\/v2\/media\/223144"}],"wp:attachment":[{"href":"https:\/\/www.europesays.com\/fr\/wp-json\/wp\/v2\/media?parent=223143"}],"wp:term":[{"taxonomy":"category","embeddable":true,"href":"https:\/\/www.europesays.com\/fr\/wp-json\/wp\/v2\/categories?post=223143"},{"taxonomy":"post_tag","embeddable":true,"href":"https:\/\/www.europesays.com\/fr\/wp-json\/wp\/v2\/tags?post=223143"}],"curies":[{"name":"wp","href":"https:\/\/api.w.org\/{rel}","templated":true}]}}