{"id":22315,"date":"2025-04-13T13:53:12","date_gmt":"2025-04-13T13:53:12","guid":{"rendered":"https:\/\/www.europesays.com\/fr\/22315\/"},"modified":"2025-04-13T13:53:12","modified_gmt":"2025-04-13T13:53:12","slug":"pourquoi-le-tour-de-verstappen-na-pas-ete-annule-en-q1","status":"publish","type":"post","link":"https:\/\/www.europesays.com\/fr\/22315\/","title":{"rendered":"Pourquoi le tour de Verstappen n&rsquo;a pas \u00e9t\u00e9 annul\u00e9 en Q1"},"content":{"rendered":"<p>Lors des derniers instants de la Q1 des qualifications du Grand Prix de Bahre\u00efn 2025 de F1, un message intriguant est apparu sur l&rsquo;\u00e9cran des informations envoy\u00e9es par la direction de course, au moment m\u00eame o\u00f9 <a href=\"https:\/\/fr.motorsport.com\/driver\/max-verstappen\/93029\/\" target=\"_blank\" rel=\"noopener\">Max Verstappen<\/a> entamait son dernier tour.<\/p>\n<p>Lire aussi :<\/p>\n<p>Le N\u00e9erlandais, qui \u00e9tait sorti au large au virage 15 lors de sa premi\u00e8re tentative, \u00e9tait directement rentr\u00e9 au stand pour pr\u00e9parer un second et dernier tour lanc\u00e9. Ce faisant, et vu que son \u00ab\u00a0temps\u00a0\u00bb avait \u00e9t\u00e9 annul\u00e9, il n&rsquo;avait aucun chrono inscrit \u00e0 c\u00f4t\u00e9 de son nom, tout comme son \u00e9quipier chez <a href=\"https:\/\/fr.motorsport.com\/team\/red-bull\/553\/\" target=\"_blank\" rel=\"noopener\">Red Bull<\/a>,\u00a0<a href=\"https:\/\/fr.motorsport.com\/driver\/yuki-tsunoda\/828578\/\" target=\"_blank\" rel=\"noopener\">Yuki Tsunoda<\/a>, et sa derni\u00e8re tentative allait \u00eatre d\u00e9cisive pour \u00e9viter de figurer en derni\u00e8re ligne.<\/p>\n<p>Toutefois, une dizaine de minutes plus tard, au moment o\u00f9 il entamait justement cette ultime boucle de la Q1, les \u00e9crans d&rsquo;informations de la FIA ont indiqu\u00e9 que suite \u00e0 un d\u00e9passement des limites de piste au virage 15, son temps du \u00ab\u00a0prochain tour\u00a0\u00bb \u00e9tait annul\u00e9. Cela, combin\u00e9 au fait qu&rsquo;aucune image n&rsquo;a \u00e9t\u00e9 propos\u00e9e par la r\u00e9alisation TV sur cette \u00e9ventuelle sortie de piste, a cr\u00e9\u00e9 un moment de flottement en fin de Q1 puisque le quadruple champion du monde avait r\u00e9ussi, dans sa deuxi\u00e8me tentative, \u00e0 signer le troisi\u00e8me temps.<\/p>\n<p>D&rsquo;aucuns croyaient alors que ce chrono \u00e9tait en danger et que Verstappen risquait une \u00e9limination pr\u00e9coce.\u00a0Toutefois, \u00e7a n&rsquo;a pas \u00e9t\u00e9 le cas et il a pu poursuivre la s\u00e9ance sans probl\u00e8me.\u00a0<\/p>\n<p>Une question de syst\u00e8me automatis\u00e9<br \/>\n   <img decoding=\"async\" draggable=\"false\" src=\"https:\/\/www.europesays.com\/fr\/wp-content\/uploads\/2025\/04\/1744552392_971_max-verstappen-red-bull-racing.jpg\" alt=\"Max Verstappen, Red Bull Racing\" width=\"1200\" height=\"800\" loading=\"lazy\"\/> <\/p>\n<p class=\"title\">Max Verstappen, Red Bull Racing<\/p>\n<p class=\"photographer\">Photo de: Mark Thompson &#8211; Getty Images<\/p>\n<p>L&rsquo;explication est assez simple. Lors de son tout premier tour lanc\u00e9 en Q1, quand le pilote Red Bull est sorti au virage 15 et savait que ce tour, de toute fa\u00e7on mauvais, ne serait pas comptabilis\u00e9, il a choisi de ne pas franchir la ligne de d\u00e9part\/arriv\u00e9e pour un \u00e9ventuel tour de d\u00e9c\u00e9l\u00e9ration et a directement plong\u00e9 dans les stands. En passant la ligne de chronom\u00e9trage situ\u00e9e dans les stands, il a ainsi vu ce premier tour lanc\u00e9 \u00eatre annul\u00e9, m\u00eame s&rsquo;il l&rsquo;avait de toute fa\u00e7on avort\u00e9 en rentrant.<\/p>\n<p>Or, la sortie au virage 15 ne se contente pas d&rsquo;annuler le tour dans lequel elle a \u00e9t\u00e9 commise mais d\u00e9clenche automatiquement la suppression du tour suivant. Puisqu&rsquo;il s&rsquo;agit du dernier virage, la direction de course consid\u00e8re que les pilotes peuvent potentiellement tirer un avantage d&rsquo;une sortie trop au large \u00e0 cet endroit en leur permettant par exemple de r\u00e9acc\u00e9l\u00e9rer plus t\u00f4t et plus fort.<\/p>\n<p>C&rsquo;est alors l\u00e0 que r\u00e9side la confusion : quand Verstappen est ressorti des stands en fin de Q1 pour aller chercher sa qualification en Q2, il a d&rsquo;abord effectu\u00e9 un tour de sortie avant de se lancer dans son tour d&rsquo;attaque. Et si le message indiquant une nouvelle suppression de son tour s&rsquo;est affich\u00e9 automatiquement au moment o\u00f9 il a franchi la ligne, avec l&rsquo;indication \u00ab\u00a0next lap\u00a0\u00bb entre parenth\u00e8ses, c&rsquo;est parce que le syst\u00e8me a bien annul\u00e9 le tour suivant celui de l&rsquo;infraction commise lors du tour avort\u00e9&#8230; c&rsquo;est-\u00e0-dire son tour de pr\u00e9paration (qui, pour l&rsquo;anecdote, faisait plus de dix minutes puisqu&rsquo;\u00e9tait inclus le temps d&rsquo;immobilisation dans le garage Red Bull).<\/p>\n<p>Il n&rsquo;y avait donc en r\u00e9alit\u00e9 pas de probl\u00e8me avec la derni\u00e8re tentative de Verstappen, mais seulement une situation relativement inhabituelle o\u00f9 le \u00ab\u00a0tour suivant\u00a0\u00bb la sortie de piste au dernier virage \u00e9tait en r\u00e9alit\u00e9 effectu\u00e9 une dizaine de minutes plus tard, puisque le pilote avait choisi d&rsquo;avorter sa premi\u00e8re tentative plut\u00f4t que de passer la ligne de chronom\u00e9trage sur la piste.<\/p>\n<p>Lire aussi :<\/p>\n<p>Dans cet article<\/p>\n<p>    Fabien Gaillard\n<\/p>\n<p>    Formule 1\n<\/p>\n<p>    Max Verstappen\n<\/p>\n<p>    Red Bull\n<\/p>\n<p>Soyez le premier inform\u00e9 et souscrivez aux alertes mails pour recevoir les infos en temps r\u00e9el<\/p>\n<p>    S&rsquo;abonner aux alertes de news<\/p>\n","protected":false},"excerpt":{"rendered":"Lors des derniers instants de la Q1 des qualifications du Grand Prix de Bahre\u00efn 2025 de F1, un&hellip;\n","protected":false},"author":2,"featured_media":22316,"comment_status":"","ping_status":"","sticky":false,"template":"","format":"standard","meta":{"footnotes":""},"categories":[1412],"tags":[5040,1451,1452,1453,1454,1455,1011,27,5039,2236,2255,60],"class_list":{"0":"post-22315","1":"post","2":"type-post","3":"status-publish","4":"format-standard","5":"has-post-thumbnail","7":"category-f1","8":"tag-bahrain-international-circuit","9":"tag-f1","10":"tag-formula-1","11":"tag-formula1","12":"tag-formule-1","13":"tag-formule1","14":"tag-fr","15":"tag-france","16":"tag-gp-de-bahreu00efn","17":"tag-max-verstappen","18":"tag-red-bull","19":"tag-sports"},"share_on_mastodon":{"url":"https:\/\/pubeurope.com\/@fr\/114330992970574762","error":""},"_links":{"self":[{"href":"https:\/\/www.europesays.com\/fr\/wp-json\/wp\/v2\/posts\/22315","targetHints":{"allow":["GET"]}}],"collection":[{"href":"https:\/\/www.europesays.com\/fr\/wp-json\/wp\/v2\/posts"}],"about":[{"href":"https:\/\/www.europesays.com\/fr\/wp-json\/wp\/v2\/types\/post"}],"author":[{"embeddable":true,"href":"https:\/\/www.europesays.com\/fr\/wp-json\/wp\/v2\/users\/2"}],"replies":[{"embeddable":true,"href":"https:\/\/www.europesays.com\/fr\/wp-json\/wp\/v2\/comments?post=22315"}],"version-history":[{"count":0,"href":"https:\/\/www.europesays.com\/fr\/wp-json\/wp\/v2\/posts\/22315\/revisions"}],"wp:featuredmedia":[{"embeddable":true,"href":"https:\/\/www.europesays.com\/fr\/wp-json\/wp\/v2\/media\/22316"}],"wp:attachment":[{"href":"https:\/\/www.europesays.com\/fr\/wp-json\/wp\/v2\/media?parent=22315"}],"wp:term":[{"taxonomy":"category","embeddable":true,"href":"https:\/\/www.europesays.com\/fr\/wp-json\/wp\/v2\/categories?post=22315"},{"taxonomy":"post_tag","embeddable":true,"href":"https:\/\/www.europesays.com\/fr\/wp-json\/wp\/v2\/tags?post=22315"}],"curies":[{"name":"wp","href":"https:\/\/api.w.org\/{rel}","templated":true}]}}