{"id":223154,"date":"2025-07-03T13:01:16","date_gmt":"2025-07-03T13:01:16","guid":{"rendered":"https:\/\/www.europesays.com\/fr\/223154\/"},"modified":"2025-07-03T13:01:16","modified_gmt":"2025-07-03T13:01:16","slug":"michele-laroque-decroche-un-role-dans-la-saison-5-de-la-serie-netflix","status":"publish","type":"post","link":"https:\/\/www.europesays.com\/fr\/223154\/","title":{"rendered":"Mich\u00e8le Laroque d\u00e9croche un r\u00f4le dans la saison 5 de la s\u00e9rie Netflix"},"content":{"rendered":"<p>Mich\u00e8le Laroque rejoint le casting de la cinqui\u00e8me saison de la s\u00e9rie Emily in Paris diffus\u00e9e sur Netflix.<\/p>\n<p>\u00c0 lire plus tardSauvegard\u00e9Suivre #Mich\u00e8le Laroque#Mich\u00e8le Laroque Suivi<\/p>\n<p><a class=\"cta\" href=\"https:\/\/www.ohmymag.com\/news\/series\/you-saison-4-avec-qui-les-acteurs-de-la-serie-de-netflix-sont-ils-en-couple_diapo156527.html\" target=\"_blank\" rel=\"noopener\">YOU : AVEC QUI LES ACTEURS SONT EN COUPLE ?<\/a><\/p>\n<p class=\"first-paragraph\">C\u2019est une nouvelle qui devrait ravir les fans d\u2019Emily in Paris et les admirateurs de Mich\u00e8le Laroque. L&rsquo;actrice fran\u00e7aise rejoint le casting de la cinqui\u00e8me saison de la s\u00e9rie \u00e0 succ\u00e8s de Netflix, actuellement en tournage \u00e0 Paris. Comme le r\u00e9v\u00e8le le m\u00e9dia am\u00e9ricain Variety,<strong> l\u2019actrice pr\u00eatera ses traits \u00e0 Yvette, <\/strong>une amie de longue date de Sylvie Grateau, le personnage camp\u00e9 par Philippine Leroy-Beaulieu, et dont<a href=\"https:\/\/www.ohmymag.com\/news\/series\/emily-in-paris-bientot-un-spin-off-sur-sylvie-grateau-les-confidences-de-philippine-leroy-beaulieu_art166569.html\" target=\"_blank\" rel=\"noopener\"> le spin-off pourrait voir le jour.<\/a><\/p>\n<p class=\"post-podcast-title\">D\u00e9couvrir notre dernier podcast<\/p>\n<p>Cette annonce vient confirmer la volont\u00e9 des producteurs d\u2019Emily in Paris de renforcer la dimension fran\u00e7aise de la s\u00e9rie, tout en continuant \u00e0 s\u00e9duire un large public international. Apr\u00e8s quatre saisons<a href=\"https:\/\/www.ohmymag.com\/news\/series\/emily-in-paris-la-saison-5-sans-gabriel-lucas-bravo-agace-l-histoire-ne-me-stimule-pas_art166915.html\" target=\"_blank\" rel=\"noopener\"><a href=\"https:\/\/www.ohmymag.com\/people\/actu-people\/brigitte-macron-se-confie-sur-sa-rencontre-avec-lily-collins-lors-du-tournage-de-la-serie-emily-in-paris_art167902.html\" target=\"_blank\" rel=\"noopener\">riches en rebondissements,<\/a> l\u2019intrigue promet encore <strong>de nombreuses surprises et de nouveaux visages.<\/strong><\/p>\n<p>Mich\u00e8le Laroque rejoint le casting de la saison 5 d&rsquo;Emily in Paris<\/p>\n<p>La saison 5 d\u2019Emily in Paris s\u2019annonce particuli\u00e8rement riche en nouveaut\u00e9s. Outre l\u2019arriv\u00e9e de Mich\u00e8le Laroque, les fans d\u00e9couvriront \u00e9galement <strong>Bryan Greenberg<\/strong>, bien connu des t\u00e9l\u00e9spectateurs pour son r\u00f4le de Jake Jaglieski dans <a href=\"https:\/\/www.ohmymag.com\/news\/series\/mort-de-paul-teal-les-freres-scott-a-35-ans-les-acteurs-de-la-serie-lui-rendent-hommage_art167258.html\" target=\"_blank\" rel=\"noopener\">la s\u00e9rie culte Les Fr\u00e8res Scott.<\/a> L\u2019acteur am\u00e9ricain viendra \u00e9toffer le casting, au m\u00eame titre que <strong>Minnie Driver, <\/strong>r\u00e9v\u00e9l\u00e9e entre autres dans Will Hunting et <a href=\"https:\/\/www.ohmymag.com\/news\/cinema\/cendrillon-ce-detail-physique-etrange-et-alarmant-que-tout-le-monde-vient-de-remarquer_art118603.html\" target=\"_blank\" rel=\"noopener\">Cendrillon<\/a>, dont l\u2019int\u00e9gration avait \u00e9t\u00e9 annonc\u00e9e il y a quelques semaines.<\/p>\n<p>Mais cette nouvelle saison se fera aussi <strong>sans l\u2019une des actrices pr\u00e9sentes <\/strong>depuis les d\u00e9buts : <a href=\"https:\/\/www.ohmymag.com\/news\/series\/jai-decide-de-me-retirer-camille-razat-quitte-la-serie-emily-in-paris-sur-netflix_art169403.html\" target=\"_blank\" rel=\"noopener\">Camille Raz a d\u00e9cid\u00e9 de quitter la s\u00e9rie.<\/a> La com\u00e9dienne avait expliqu\u00e9 dans une r\u00e9cente interview que son engagement dans Emily in Paris pouvait freiner certaines opportunit\u00e9s dans sa carri\u00e8re. Une d\u00e9cision qui ne manquera pas de laisser un vide pour les fid\u00e8les de la s\u00e9rie.<\/p>\n<p>Quel r\u00f4le va-t-elle jouer dans la s\u00e9rie Netflix ? <\/p>\n<p>En revanche, <a href=\"https:\/\/www.ohmymag.com\/news\/series\/emily-in-paris-la-saison-5-sans-gabriel-lucas-bravo-agace-l-histoire-ne-me-stimule-pas_art166915.html\" target=\"_blank\" rel=\"noopener\">malgr\u00e9 ses critiques ouvertes<\/a> \u00e0 l\u2019encontre des sc\u00e9naristes et de l\u2019\u00e9volution de son personnage, <strong>Lucas Bravo reprendra bien son r\u00f4le <\/strong>de Gabriel dans cette cinqui\u00e8me saison. De quoi rassurer les inconditionnels de la s\u00e9rie, attach\u00e9s au triangle amoureux form\u00e9 par Emily, Camille et Gabriel. Si l\u2019on ignore encore tous les d\u00e9tails autour du personnage d\u2019Yvette, nul doute que Mich\u00e8le Laroque saura s\u00e9duire les spectateurs dans ce r\u00f4le d\u2019amie fid\u00e8le et de confidente de Sylvie Grateau. Avec son talent pour la com\u00e9die et son \u00e9l\u00e9gance naturelle, l\u2019actrice devrait parfaitement s\u2019int\u00e9grer dans l\u2019univers glamour et p\u00e9tillant d\u2019Emily in Paris.<\/p>\n<p>Le tournage de la saison 5, qui se d\u00e9roule actuellement \u00e0 Paris, attise d\u00e9j\u00e0 la curiosit\u00e9 des fans. Entre les nouvelles intrigues, les paysages parisiens sublim\u00e9s et un casting enrichi de figures embl\u00e9matiques du cin\u00e9ma et des s\u00e9ries, cette nouvelle salve d\u2019\u00e9pisodes s\u2019annonce comme un rendez-vous incontournable. Reste \u00e0 savoir si l\u2019alchimie op\u00e9rera \u00e0 nouveau et si <a href=\"https:\/\/www.ohmymag.com\/people\/actu-people\/pierre-palmade-michele-laroque-apporte-son-soutien-je-lai-vu-sautodetruire_art168822.html\" target=\"_blank\" rel=\"noopener\">Mich\u00e8le Laroque<\/a> saura conqu\u00e9rir le c\u0153ur des fans d\u2019Emily in Paris.<strong> La date de diffusion de cette cinqui\u00e8me saison <\/strong>n\u2019a pas encore \u00e9t\u00e9 communiqu\u00e9e par Netflix, mais elle est d\u00e9j\u00e0 tr\u00e8s attendue.<\/p>\n<p>Source utilis\u00e9e :<\/p>\n<p>Variety<\/p>\n<p><strong>\u00c0 lire aussi : <\/strong><\/p>\n<p><a href=\"https:\/\/www.ohmymag.com\/news\/television\/the-voice-la-voix-officielle-d-emily-in-paris-a-conquis-les-coachs-aux-auditions-a-l-aveugle_art168169.html\" rel=\"nofollow noopener\" target=\"_blank\">The Voice : la voix officielle d&rsquo;Emily in Paris a conquis les coachs aux auditions \u00e0 l&rsquo;aveugle !<\/a><\/p>\n<p><a href=\"https:\/\/www.ohmymag.com\/people\/actu-people\/shailene-woodley-lactrice-est-en-couple-avec-lucas-bravo-l-acteur-demily-in-paris_art168820.html\" rel=\"nofollow noopener\" target=\"_blank\">Shailene Woodley : l\u2019actrice est en couple avec Lucas Bravo, l&rsquo;acteur d\u2019Emily in Paris !<\/a><\/p>\n<p><a href=\"https:\/\/www.ohmymag.com\/news\/series\/jai-decide-de-me-retirer-camille-razat-quitte-la-serie-emily-in-paris-sur-netflix_art169403.html\" rel=\"nofollow noopener\" target=\"_blank\">\u00ab\u00a0J\u2019ai d\u00e9cid\u00e9 de me retirer\u00a0\u00bb : Camille Razat quitte la s\u00e9rie Emily in Paris sur Netflix<\/a><\/p>\n","protected":false},"excerpt":{"rendered":"Mich\u00e8le Laroque rejoint le casting de la cinqui\u00e8me saison de la s\u00e9rie Emily in Paris diffus\u00e9e sur Netflix.&hellip;\n","protected":false},"author":2,"featured_media":223155,"comment_status":"","ping_status":"","sticky":false,"template":"","format":"standard","meta":{"footnotes":""},"categories":[1888],"tags":[1111,1928,11,1927,11739,1777,674,1011,27,36210,127,12,1926,626,1925,25,521],"class_list":{"0":"post-223154","1":"post","2":"type-post","3":"status-publish","4":"format-standard","5":"has-post-thumbnail","7":"category-paris","8":"tag-actu","9":"tag-actu-paris","10":"tag-actualites","11":"tag-actualites-paris","12":"tag-emily-in-paris","13":"tag-eu","14":"tag-europe","15":"tag-fr","16":"tag-france","17":"tag-michele-laroque","18":"tag-netflix","19":"tag-news","20":"tag-news-paris","21":"tag-paris","22":"tag-paris-news","23":"tag-republique-francaise","24":"tag-serie"},"share_on_mastodon":{"url":"https:\/\/pubeurope.com\/@fr\/114789435916062909","error":""},"_links":{"self":[{"href":"https:\/\/www.europesays.com\/fr\/wp-json\/wp\/v2\/posts\/223154","targetHints":{"allow":["GET"]}}],"collection":[{"href":"https:\/\/www.europesays.com\/fr\/wp-json\/wp\/v2\/posts"}],"about":[{"href":"https:\/\/www.europesays.com\/fr\/wp-json\/wp\/v2\/types\/post"}],"author":[{"embeddable":true,"href":"https:\/\/www.europesays.com\/fr\/wp-json\/wp\/v2\/users\/2"}],"replies":[{"embeddable":true,"href":"https:\/\/www.europesays.com\/fr\/wp-json\/wp\/v2\/comments?post=223154"}],"version-history":[{"count":0,"href":"https:\/\/www.europesays.com\/fr\/wp-json\/wp\/v2\/posts\/223154\/revisions"}],"wp:featuredmedia":[{"embeddable":true,"href":"https:\/\/www.europesays.com\/fr\/wp-json\/wp\/v2\/media\/223155"}],"wp:attachment":[{"href":"https:\/\/www.europesays.com\/fr\/wp-json\/wp\/v2\/media?parent=223154"}],"wp:term":[{"taxonomy":"category","embeddable":true,"href":"https:\/\/www.europesays.com\/fr\/wp-json\/wp\/v2\/categories?post=223154"},{"taxonomy":"post_tag","embeddable":true,"href":"https:\/\/www.europesays.com\/fr\/wp-json\/wp\/v2\/tags?post=223154"}],"curies":[{"name":"wp","href":"https:\/\/api.w.org\/{rel}","templated":true}]}}