{"id":223156,"date":"2025-07-03T13:02:11","date_gmt":"2025-07-03T13:02:11","guid":{"rendered":"https:\/\/www.europesays.com\/fr\/223156\/"},"modified":"2025-07-03T13:02:11","modified_gmt":"2025-07-03T13:02:11","slug":"idees-de-sorties-pour-les-vacances-dete-5-activites-en-plein-air-a-paris","status":"publish","type":"post","link":"https:\/\/www.europesays.com\/fr\/223156\/","title":{"rendered":"Id\u00e9es de sorties pour les vacances d\u2019\u00e9t\u00e9\u00a0: 5 activit\u00e9s en plein air \u00e0 Paris"},"content":{"rendered":"<p class=\"paragraph text_align_left lp-f-body-02\">Et si vous emmeniez vos enfants faire un atelier cr\u00e9atif dans le bois de Boulogne ? Et si vous alliez danser au Parc Floral ou vous faire une toile dans le jardin du <a href=\"https:\/\/www.leparisien.fr\/culture-loisirs\/expositions\/les-collections-ont-leur-bande-son-le-fascinant-parcours-sonore-du-musee-du-quai-branly-19-09-2024-JAJ3KWYDARBN5MOYXODJZ4GN3Q.php\" target=\"_blank\" rel=\"noreferrer noopener\">mus\u00e9e du Quai Branly<\/a> ? Pour profiter des beaux jours, pas besoin (forc\u00e9ment) d\u2019aller en bord de mer ou \u00e0 la campagne ! \u00c0 Paris aussi, des activit\u00e9s permettent de prendre le soleil, le temps d\u2019un apr\u00e8s-midi ou d\u2019une soir\u00e9e.<\/p>\n<p>Cin\u00e9 dans le jardin du Quai Branly<\/p>\n<p class=\"paragraph text_align_left lp-f-body-02\">L\u2019Inde, le Japon, la Louisiane \u00e0 quelques stations de m\u00e9tro seulement. Dans le jardin du mus\u00e9e du Quai Branly, il suffit d\u2019apporter son coussin pour voyager gr\u00e2ce \u00e0 des s\u00e9ances gratuites de cin\u00e9ma en plein air. Au menu de Jardin d\u2019\u00e9t\u00e9, entre autres, <a href=\"https:\/\/www.leparisien.fr\/culture-loisirs\/tv\/netflix-mon-voisin-totoro-le-voyage-de-chihiro-voici-le-meilleur-du-studio-ghibli-10-04-2020-8297337.php\" target=\"_blank\" rel=\"noreferrer noopener\">\u00ab le Voyage de Chihiro \u00bb, d\u2019Hayao Miyazaki<\/a> (samedi 19 juillet \u00e0 16h30) ; \u00ab Charlie et la chocolaterie \u00bb,<b> <\/b>de Mel Stuart (dimanche 27 juillet \u00e0 16h30) ; ou encore \u00ab Linda veut du poulet ! \u00bb, de Chiara Malta et S\u00e9bastien Laudenbach (dimanche 3 ao\u00fbt \u00e0 16h30). Un r\u00e9gal !<\/p>\n<p class=\"paragraph text_align_left lp-f-body-02\">Du 10 juillet au 3 ao\u00fbt au mus\u00e9e du Quai Branly, 37, quai Branly, \u00e0 Paris (VIIe). Gratuit. <a href=\"https:\/\/www.quaibranly.fr\/fr\/expositions-evenements\/au-musee\/cinema\/details-de-levenement\/e\/cinema-en-plein-air-1-1\" target=\"_blank\" rel=\"noreferrer noopener\">Renseignements et r\u00e9servation indispensable.<\/a><\/p>\n<p>\u00c7a swingue au Parc floral<\/p>\n<p class=\"paragraph text_align_left lp-f-body-02\">Se r\u00e9galer d\u2019un concert de jazz en plein air <a href=\"https:\/\/www.leparisien.fr\/culture-loisirs\/sortir-region-parisienne\/le-parc-floral-un-ecrin-vert-au-coeur-du-bois-de-vincennes-a-decouvrir-a-son-rythme-04-09-2021-TXOBE4SHVZD53MYTFVAZY2E3TI.php\" target=\"_blank\" rel=\"noopener\">dans l\u2019\u00e9crin de verdure du Parc floral<\/a>. Au Paris Jazz Festival, vous pourrez voir le tromboniste et compositeur Robinson Khoury, avec en invit\u00e9e sp\u00e9ciale Natacha Atlas, la Britannique Emma-Jean Thackray, le groupe Monsieur M\u00e2l\u00e2, la chanteuse franco-grecque Dafn\u00e9 Kritharas<b> <\/b>ou encore le collectif Nubiyan Twist.<\/p>\n<p class=\"paragraph text_align_left lp-f-body-02\">Du 29 juin au 7 septembre, huit concerts gratuits avec l\u2019entr\u00e9e au parc, 2,70 euros, 1,55 euro r\u00e9duit.<\/p>\n<p>Le Br\u00e9sil \u00e0 Paris-Plages<img decoding=\"async\" class=\"image \" loading=\"lazy\" src=\"https:\/\/www.europesays.com\/fr\/wp-content\/uploads\/2025\/07\/Q6232AQRXBBLPOO2BNLC2JUDKA.jpg\" alt=\"Paris-Plages se d\u00e9roulera du 5 juillet au dimanche 31 ao\u00fbt. LP\/Philippe Lavieille\" align=\"\" data-rubrique-principale=\"\" data-article-type=\"\" fetchpriority=\"auto\"\/>Paris-Plages se d\u00e9roulera du 5 juillet au dimanche 31 ao\u00fbt. LP\/Philippe Lavieille<\/p>\n<p class=\"paragraph text_align_left lp-f-body-02\">En plus de <a href=\"https:\/\/www.leparisien.fr\/paris-75\/piscines-municipales-bassins-temporaires-ou-baignade-dans-la-seine-47-lieux-pour-nager-a-paris-cet-ete-22-06-2025-CF7DD4CF75FINFM6VHYNC56VEM.php\" target=\"_blank\" rel=\"noreferrer noopener\">la baignade ouverte dans la Seine<\/a>, Paris-Plages offre une pl\u00e9iade d\u2019animations gratuites tout l\u2019\u00e9t\u00e9. Des activit\u00e9s sportives et bien-\u00eatre, des jeux g\u00e9ants dans le parc Rives-de-Seine. Le Br\u00e9sil, \u00e0 l\u2019honneur cet \u00e9t\u00e9, se go\u00fbtera \u00e0 travers sa gastronomie, ses batucadas, deux expositions et des soir\u00e9es de cin\u00e9ma. Au bassin de la Villette, ouvert encore \u00e0 la baignade cette ann\u00e9e, les enfants pourront bondir sur des trampolines, les plus grands s\u2019essayer au kayak, au paddle. Le canal Saint-Martin aura aussi sa zone de baignade et des transats de d\u00e9tente. Et bien s\u00fbr, ces activit\u00e9s sont gratuites.<\/p>\n<p class=\"paragraph text_align_left lp-f-body-02\">Du 5 juillet au 31 ao\u00fbt, dans 15 lieux diff\u00e9rents. <a href=\"https:\/\/www.paris.fr\/evenements\/paris-plages-2025-aux-couleurs-du-bresil-85945\" target=\"_blank\" rel=\"noreferrer noopener\">En savoir plus en cliquant ici.<\/a><\/p>\n<p>Plan\u00e8te Kids \u00e0 GoodPlanet<\/p>\n<p class=\"paragraph text_align_left lp-f-body-02\">Dans un cadre naturel \u00e9tonnant, <a href=\"https:\/\/www.leparisien.fr\/culture-loisirs\/sortir-region-parisienne\/c-est-gratuit-a-paris-la-fondation-good-planet-ou-l-ecologie-en-s-amusant-20-08-2018-7858515.php\" target=\"_blank\" rel=\"noreferrer noopener\">la Fondation GoodPlanet<\/a> sensibilise les enfants \u00e0 l\u2019\u00e9cologie \u00e0 travers des ateliers cr\u00e9atifs, gourmands et p\u00e9dagogiques en semaine. Le jeudi 10 juillet (15 heures), explorez le potager pour cr\u00e9er un semis et repartir avec vos plantations. Le lendemain \u00e0 15 heures, c\u2019est l\u2019heure du go\u00fbter maison avec un atelier cuisine. Les minots pourront aussi fabriquer une carte pop-up Baobab, cr\u00e9er des herbiers et se balader dans le potager.<\/p>\n<p class=\"paragraph text_align_left lp-f-body-02\">Dix ateliers en juillet et fin ao\u00fbt, \u00e0 GoodPlanet, domaine de Longchamps (XVIe). De 12 \u00e0 20 euros le duo parent-enfant. <a href=\"https:\/\/www.goodplanet.org\/fr\/domaine\/planete-kids-des-ateliers-pour-toute-la-famille\/\" target=\"_blank\" rel=\"noreferrer noopener\">Goodplanet.org<\/a>.<\/p>\n<p>Cin\u00e9ma en plein air \u00e0 la Villette<img decoding=\"async\" class=\"image \" loading=\"lazy\" src=\"https:\/\/www.europesays.com\/fr\/wp-content\/uploads\/2025\/07\/UQOEEPUFRRATVB7S6HJRN7WVG4.jpg\" alt=\"Le cin\u00e9ma en plein air revient \u00e0 La Villette apr\u00e8s une ann\u00e9e de pause pour cause de Jeux olympiques. LP\/Fred Dugit\" align=\"\" data-rubrique-principale=\"\" data-article-type=\"\" fetchpriority=\"auto\"\/>Le cin\u00e9ma en plein air revient \u00e0 La Villette apr\u00e8s une ann\u00e9e de pause pour cause de Jeux olympiques. LP\/Fred Dugit<\/p>\n<p class=\"paragraph text_align_left lp-f-body-02\">Amateurs de cin\u00e9ma, vous allez passer <a href=\"https:\/\/www.leparisien.fr\/culture-loisirs\/cest-moliere-qui-a-invite-a-une-grosse-fete-a-la-villette-le-theatre-se-joue-en-plein-air-et-cest-gratuit-26-06-2025-MEQZR4XJCNC4ZBYC73IROI26KI.php\" target=\"_blank\" rel=\"noreferrer noopener\">l\u2019\u00e9t\u00e9 dans le parc de la Villette<\/a>, \u00e0 regarder avec des yeux \u00e9merveill\u00e9s les classiques du cin\u00e9ma sur \u00e9cran g\u00e9ant. De \u00ab La La Land \u00bb, de Damien Chazelle, \u00e0 \u00ab New York, New York \u00bb, de Martin Scorsese, en passant par \u00ab Barbie \u00bb, de Greta Gerwig, la programmation est renversante. Nouveaut\u00e9 cette ann\u00e9e, des s\u00e9ances \u00e0 18 heures sont destin\u00e9es \u00e0 un public familial. \u00c0 l\u2019affiche ? Rien de moins que \u00ab Mars Attacks ! \u00bb, de Tim Burton, ou \u00ab Ballerina \u00bb, d\u2019\u00c9ric Summer et \u00c9ric Warin.<\/p>\n<p class=\"paragraph text_align_left lp-f-body-02\"><a href=\"https:\/\/www.lavillette.com\/manifestations\/cinema-en-plein-air-en\/\" target=\"_blank\" rel=\"noreferrer noopener\">Cin\u00e9ma en plein air dans le parc de la Villette,<\/a> du 23 juillet au 17 ao\u00fbt. Gratuit.<\/p>\n","protected":false},"excerpt":{"rendered":"Et si vous emmeniez vos enfants faire un atelier cr\u00e9atif dans le bois de Boulogne ? Et si&hellip;\n","protected":false},"author":2,"featured_media":223157,"comment_status":"","ping_status":"","sticky":false,"template":"","format":"standard","meta":{"footnotes":""},"categories":[1888],"tags":[11,872,1777,674,1011,27,12,626,25,6047],"class_list":{"0":"post-223156","1":"post","2":"type-post","3":"status-publish","4":"format-standard","5":"has-post-thumbnail","7":"category-paris","8":"tag-actualites","9":"tag-culture-et-loisirs","10":"tag-eu","11":"tag-europe","12":"tag-fr","13":"tag-france","14":"tag-news","15":"tag-paris","16":"tag-republique-francaise","17":"tag-sortir-en-region-parisienne"},"share_on_mastodon":{"url":"https:\/\/pubeurope.com\/@fr\/114789439598377992","error":""},"_links":{"self":[{"href":"https:\/\/www.europesays.com\/fr\/wp-json\/wp\/v2\/posts\/223156","targetHints":{"allow":["GET"]}}],"collection":[{"href":"https:\/\/www.europesays.com\/fr\/wp-json\/wp\/v2\/posts"}],"about":[{"href":"https:\/\/www.europesays.com\/fr\/wp-json\/wp\/v2\/types\/post"}],"author":[{"embeddable":true,"href":"https:\/\/www.europesays.com\/fr\/wp-json\/wp\/v2\/users\/2"}],"replies":[{"embeddable":true,"href":"https:\/\/www.europesays.com\/fr\/wp-json\/wp\/v2\/comments?post=223156"}],"version-history":[{"count":0,"href":"https:\/\/www.europesays.com\/fr\/wp-json\/wp\/v2\/posts\/223156\/revisions"}],"wp:featuredmedia":[{"embeddable":true,"href":"https:\/\/www.europesays.com\/fr\/wp-json\/wp\/v2\/media\/223157"}],"wp:attachment":[{"href":"https:\/\/www.europesays.com\/fr\/wp-json\/wp\/v2\/media?parent=223156"}],"wp:term":[{"taxonomy":"category","embeddable":true,"href":"https:\/\/www.europesays.com\/fr\/wp-json\/wp\/v2\/categories?post=223156"},{"taxonomy":"post_tag","embeddable":true,"href":"https:\/\/www.europesays.com\/fr\/wp-json\/wp\/v2\/tags?post=223156"}],"curies":[{"name":"wp","href":"https:\/\/api.w.org\/{rel}","templated":true}]}}