{"id":223158,"date":"2025-07-03T13:03:11","date_gmt":"2025-07-03T13:03:11","guid":{"rendered":"https:\/\/www.europesays.com\/fr\/223158\/"},"modified":"2025-07-03T13:03:11","modified_gmt":"2025-07-03T13:03:11","slug":"un-retour-vibrant-et-inoubliable","status":"publish","type":"post","link":"https:\/\/www.europesays.com\/fr\/223158\/","title":{"rendered":"un retour vibrant et inoubliable"},"content":{"rendered":"<p>Le Fnac Live Paris revient en force du 2 au 4 juillet sur le parvis de l\u2019H\u00f4tel de Ville. Entre talents \u00e9mergents et artistes iconiques comme Air et St. Vincent, cette \u00e9dition 2025 promet des moments forts, \u00e0 l\u2019image de sa premi\u00e8re soir\u00e9e, qui a conquis les habitu\u00e9s comme les nouveaux venus. On vous raconte.<\/p>\n<p>Chlo\u00e9, 22 ans, l\u2019attendait avec impatience. \u00ab\u00a0J\u2019avoue, \u00e7a m\u2019avait manqu\u00e9 l\u2019an dernier. J\u2019adore l\u2019ambiance, le lieu, la prog. Et puis, c\u2019est gratuit\u00a0\u00bb. Apr\u00e8s une ann\u00e9e de c\u00e9sure due \u00e0 la tenus des Jeux Olympiques, <a href=\"https:\/\/leclaireur.fnac.com\/festival\/fnac-live-paris\/\" target=\"_blank\" rel=\"noopener\">le Fnac Live Paris<\/a> r\u00e9investit le parvis de l\u2019H\u00f4tel de Ville du 2 au 4 juillet. <a href=\"https:\/\/leclaireur.fnac.com\/article\/cp23751-fnac-live-paris-2025-la-programmation-du-festival-vue-par-les-disquaires-fnac\/\" target=\"_blank\" rel=\"noopener\">Au programme de cette \u00e9dition 2025<\/a>, des noms prestigieux tels que Air, St.Vincent,\u00a0Eddy de Pretto,\u00a0Olivia Ruiz ou encore Vladimir Cauchemar, mais aussi des jeunes pousses.<\/p>\n<p>C\u2019est d\u2019ailleurs <a href=\"https:\/\/www.fnac.com\/ia258932\/Dali\" target=\"_blank\" rel=\"noopener\">Dal\u00ed<\/a> qui a eu la lourde t\u00e2che d\u2019ouvrir le bal ce mercredi. Alors que la canicule a (enfin) c\u00e9d\u00e9 la place \u00e0 une brise rafra\u00eechissante, le jeune chanteur de 23 ans s\u2019appr\u00eate \u00e0 faire grimper de nouveau la temp\u00e9rature face \u00e0 un public d\u00e9j\u00e0 conquis. Dal\u00ed ne laisse pas l\u2019ombre d\u2019un round d\u2019observation et plonge instantan\u00e9ment le parvis dans son univers singulier. Port\u00e9 par une foule en transe, il d\u00e9fend \u00e0 merveille son rap hybride et d\u00e9brid\u00e9, d\u00e9clin\u00e9 sous diff\u00e9rentes saveurs : pop, rock, psych\u00e9, R\u2019n\u2019B\u2026 Tout y passe pour nous offrir un \u00e9tonnant cocktail dont les festivaliers se d\u00e9lectent avec joie. \u00ab\u00a0Je l\u2019ai d\u00e9couvert il y a quelques mois, je kiffe\u00a0\u00bb, confie Bastien, venu avec deux amis profiter de ce concert gratuit. \u00ab\u00a0J\u2019ai \u00e9cout\u00e9 son album <a href=\"https:\/\/www.fnac.com\/o11473889\/Marilyn\/w-4\" target=\"_blank\" rel=\"noopener\">Marylin<\/a> en boucle et je trouve qu\u2019il\u00a0est excellent en live\u00a0\u00bb.<\/p>\n<p>\u00ab\u00a0On a de la chance de les voir\u00a0\u00bb<\/p>\n<p>Le jour tombe, le ciel se pare de rose. Et c\u2019est dans cette lumi\u00e8re cr\u00e9pusculaire que la queen <a href=\"https:\/\/www.fnac.com\/ia646569\/St-Vincent\" target=\"_blank\" rel=\"noopener\">St. Vincent<\/a> fait son apparition sur la grande sc\u00e8ne du Fnac Live Paris. Annie Clark \u2013 de son vrai nom \u2013 impose instantan\u00e9ment sa pr\u00e9sence intens\u00e9ment rock. \u00c0 ses c\u00f4t\u00e9s, son fid\u00e8le guitariste Jason Falkner apporte une \u00e9nergie ac\u00e9r\u00e9e. Le public se laisse totalement submerger par la puissance du show, qu\u2019elle inaugure avec le titre imparable Broken Man, extrait de son excellent\u00a0<a href=\"https:\/\/www.fnac.com\/o11461104\/All-Born-Screaming\/w-4\" target=\"_blank\" rel=\"noopener\">All Born Screaming<\/a>.<\/p>\n<blockquote class=\"instagram-media\" style=\"background: #FFF; border: 0; border-radius: 3px; box-shadow: 0 0 1px 0 rgba(0,0,0,0.5),0 1px 10px 0 rgba(0,0,0,0.15); margin: 1px; max-width: 540px; min-width: 326px; padding: 0; width: calc(100% - 2px);\" data-instgrm-permalink=\"https:\/\/www.instagram.com\/reel\/DLniSeWoAZo\/?utm_source=ig_embed&amp;utm_campaign=loading\" data-instgrm-version=\"14\">\n<\/blockquote>\n<p>La voix de la chanteuse, alliage rare entre douceur et puissance, son jeu de guitare incandescent, emportent \u00ab\u00a0Je l\u2019avais rat\u00e9e il y a quelques mois \u00e0 la Ga\u00eet\u00e9 lyrique\u00a0\u00bb, explique Louis, 29 ans, qui a d\u00e9couvert St Vincent avec son album <a href=\"https:\/\/www.fnac.com\/a10977208\/St-Vincent-Masseduction-Vinyle-rose-Inclus-un-poster-Vinyle-album\" target=\"_blank\" rel=\"noopener\">Masseduction<\/a>. \u00ab\u00a0J\u2019adore la mani\u00e8re dont elle casse les barri\u00e8res entre les styles et cela avec un charisme fou\u00a0\u00bb. En moins d\u2019une heure, St. Vincent transforme la douceur estivale en une transe collective.<\/p>\n<p><strong class=\"small\">En stock<\/strong><\/p>\n<p>        Acheter sur Fnac.com<\/p>\n<p>C\u2019est au tour d\u2019Air de monter sur sc\u00e8ne pour cl\u00f4turer cette premi\u00e8re soir\u00e9e du festival. Nicolas Godin et Jean\u2011Beno\u00eet Dunckel, tout de blanc v\u00eatus, insufflent une atmosph\u00e8re r\u00e9tro\u2011futuriste, embl\u00e9matique de l\u2019iconique <a href=\"https:\/\/leclaireur.fnac.com\/article\/cp44717-la-french-touch-naissance-de-lelectro-et-fierte-nationale\/\" target=\"_blank\" rel=\"noopener\">French Touch<\/a>. La Femme d\u2019Argent, Sexy Boy, Kelly Watch the Stars\u2026 Le duo d\u00e9roule avec \u00e9l\u00e9gance ses morceaux les plus cultes. Les nappes synth\u00e9tiques et les basses rondes enveloppent le public dans une bulle cotonneuse. Un instant suspendu, contemplatif, quasi cin\u00e9matographique, au coeur du cadre urbain du parvis.<\/p>\n<blockquote class=\"instagram-media\" style=\"background: #FFF; border: 0; border-radius: 3px; box-shadow: 0 0 1px 0 rgba(0,0,0,0.5),0 1px 10px 0 rgba(0,0,0,0.15); margin: 1px; max-width: 540px; min-width: 326px; padding: 0; width: calc(100% - 2px);\" data-instgrm-permalink=\"https:\/\/www.instagram.com\/reel\/DLnWwxwIHFM\/?utm_source=ig_embed&amp;utm_campaign=loading\" data-instgrm-version=\"14\">\n<\/blockquote>\n<p>A\u00efda, 24 ans, n\u2019en revient pas d\u2019avoir enfin pu voir le groupe\u00a0sur sc\u00e8ne. \u00ab\u00a0On ne se rend pas compte de la chance qu\u2019on a de les voir jouer en live, ils ne jouaient plus depuis 10 ans. Et l\u00e0, c\u2019est gratuit en plus, j\u2019ai saut\u00e9 sur l\u2019occasion\u00a0\u00bb, s\u2019enthousiasme-t-elle. \u00ab\u00a0La qualit\u00e9 du son \u00e9tait incroyable, la sc\u00e9nographie aussi. Je ne m\u2019attendais pas \u00e0 ce que ce soit aussi qualitatif. Ils sont ultra-charismatiques, la musique est incroyable. Avec mes potes, on a ador\u00e9.\u00a0\u00bb\u00a0<\/p>\n<p>A c\u00f4t\u00e9 d\u2019elle, Am\u00e9lie, 41 ans, rench\u00e9rit. \u00ab\u00a0C\u2019est hyper beau, cette id\u00e9e de concert gratuit ouvert \u00e0 tous. J\u2019ai aper\u00e7u deux sans-abri tout \u00e0 l\u2019heure, ils \u00e9taient \u00e9merveill\u00e9s, ils voyageaient ailleurs plus que tout le monde. \u00c7a m\u2019a beaucoup \u00e9mue, je ne m\u2019attendais pas \u00e0 voir \u00e7a\u00a0\u00bb.\u00a0<\/p>\n<p><strong class=\"small\">En stock<\/strong><\/p>\n<p>        Acheter sur Fnac.com<\/p>\n<p>Une soir\u00e9e id\u00e9ale pour ce retour tant attendu du Fnac Live Paris, qui se poursuit ces jeudi et vendredi avec une programmation tout aussi exceptionnelle.<\/p>\n<p><script async src=\"\/\/www.instagram.com\/embed.js\"><\/script><\/p>\n","protected":false},"excerpt":{"rendered":"Le Fnac Live Paris revient en force du 2 au 4 juillet sur le parvis de l\u2019H\u00f4tel de&hellip;\n","protected":false},"author":2,"featured_media":223159,"comment_status":"","ping_status":"","sticky":false,"template":"","format":"standard","meta":{"footnotes":""},"categories":[1888],"tags":[11,1697,1777,674,2087,849,24337,1011,27,23089,820,36211,12,36212,626,10044,29899,25],"class_list":{"0":"post-223158","1":"post","2":"type-post","3":"status-publish","4":"format-standard","5":"has-post-thumbnail","7":"category-paris","8":"tag-actualites","9":"tag-concert","10":"tag-eu","11":"tag-europe","12":"tag-evenement","13":"tag-festival","14":"tag-fnac-live","15":"tag-fr","16":"tag-france","17":"tag-hotel-de-ville","18":"tag-live","19":"tag-musique-electro","20":"tag-news","21":"tag-nouvelle-scene-francaise","22":"tag-paris","23":"tag-pop","24":"tag-pop-rock","25":"tag-republique-francaise"},"share_on_mastodon":{"url":"https:\/\/pubeurope.com\/@fr\/114789443541659067","error":""},"_links":{"self":[{"href":"https:\/\/www.europesays.com\/fr\/wp-json\/wp\/v2\/posts\/223158","targetHints":{"allow":["GET"]}}],"collection":[{"href":"https:\/\/www.europesays.com\/fr\/wp-json\/wp\/v2\/posts"}],"about":[{"href":"https:\/\/www.europesays.com\/fr\/wp-json\/wp\/v2\/types\/post"}],"author":[{"embeddable":true,"href":"https:\/\/www.europesays.com\/fr\/wp-json\/wp\/v2\/users\/2"}],"replies":[{"embeddable":true,"href":"https:\/\/www.europesays.com\/fr\/wp-json\/wp\/v2\/comments?post=223158"}],"version-history":[{"count":0,"href":"https:\/\/www.europesays.com\/fr\/wp-json\/wp\/v2\/posts\/223158\/revisions"}],"wp:featuredmedia":[{"embeddable":true,"href":"https:\/\/www.europesays.com\/fr\/wp-json\/wp\/v2\/media\/223159"}],"wp:attachment":[{"href":"https:\/\/www.europesays.com\/fr\/wp-json\/wp\/v2\/media?parent=223158"}],"wp:term":[{"taxonomy":"category","embeddable":true,"href":"https:\/\/www.europesays.com\/fr\/wp-json\/wp\/v2\/categories?post=223158"},{"taxonomy":"post_tag","embeddable":true,"href":"https:\/\/www.europesays.com\/fr\/wp-json\/wp\/v2\/tags?post=223158"}],"curies":[{"name":"wp","href":"https:\/\/api.w.org\/{rel}","templated":true}]}}